{"id":51873,"date":"2013-08-23T07:52:49","date_gmt":"2013-08-23T10:52:49","guid":{"rendered":"http:\/\/senoticias.com.br\/se\/?p=51873"},"modified":"2013-08-23T07:52:49","modified_gmt":"2013-08-23T10:52:49","slug":"caixa-dagua-de-18-mil-litros-desaba-e-por-pouco-nao-provoca-uma-tragedia-em-estancia","status":"publish","type":"post","link":"https:\/\/senoticias.com.br\/se\/caixa-dagua-de-18-mil-litros-desaba-e-por-pouco-nao-provoca-uma-tragedia-em-estancia\/","title":{"rendered":"Caixa d\u2019\u00e1gua de 18 mil litros desaba, e por pouco n\u00e3o provoca uma trag\u00e9dia em Est\u00e2ncia"},"content":{"rendered":"<p><a href=\" http:\/\/www.diariosergipano.com.br\/ler.php?op=noticia&amp;id=4966\" target=\"_blank\"><strong>por Pisca J\u00fanior do Di\u00e1rio Sergipano<\/strong><\/a><\/p>\n<div id=\"attachment_51874\" style=\"width: 310px\" class=\"wp-caption alignright\"><a href=\"http:\/\/senoticias.com.br\/se\/wp-content\/uploads\/2013\/08\/caixad.jpg\"><img loading=\"lazy\" decoding=\"async\" aria-describedby=\"caption-attachment-51874\" class=\"size-medium wp-image-51874\" alt=\"Caixa d\u2019\u00e1gua de 18 mil litros desaba, e por pouco n\u00e3o provoca uma trag\u00e9dia. (Foto: Pisca JR)\" src=\"http:\/\/senoticias.com.br\/se\/wp-content\/uploads\/2013\/08\/caixad-300x174.jpg\" width=\"300\" height=\"174\" srcset=\"https:\/\/senoticias.com.br\/se\/wp-content\/uploads\/2013\/08\/caixad-300x174.jpg 300w, https:\/\/senoticias.com.br\/se\/wp-content\/uploads\/2013\/08\/caixad-342x198.jpg 342w, https:\/\/senoticias.com.br\/se\/wp-content\/uploads\/2013\/08\/caixad.jpg 561w\" sizes=\"(max-width: 300px) 100vw, 300px\" \/><\/a><p id=\"caption-attachment-51874\" class=\"wp-caption-text\">Caixa d\u2019\u00e1gua de 18 mil litros desaba, e por pouco n\u00e3o provoca uma trag\u00e9dia. (Foto: Pisca JR)<\/p><\/div>\n<p style=\"text-align: justify;\">Os moradores da casa de n\u00ba 184 da Rua Expedicion\u00e1rio Ferreira da Silva, no centro da cidade de Est\u00e2ncia, se acordaram com um baita susto durante a noite dessa quinta feira, 22.<\/p>\n<p style=\"text-align: justify;\">Segundo informa\u00e7\u00f5es colhidas no local, a base que estava dando sustenta\u00e7\u00e3o a caixa de dezoito mil litros d\u2019\u00e1gua pertencente a um Supermercado localizado vizinho a resid\u00eancia n\u00e3o suportou e acabou desmoronando juntamente com a caixa de fibra que se espatifou por sobre o muro e o quintal da resid\u00eancia do senhor Robson Lucas Mascarenhas, 38, inundando toda a resid\u00eancia e pegando a todos os moradores da casa de surpresa, inclusive uma jovem gestante de 30 anos que se assustou bastante com o estrondo e acabou passando mal.<\/p>\n<p style=\"text-align: justify;\">\u201cO susto foi t\u00e3o grande que acabei ficando at\u00e9 com c\u00f3licas\u201d, destacou a senhorita Monalisa, jovem que est\u00e1 em seu quinto m\u00eas de gesta\u00e7\u00e3o do seu primeiro filho.<\/p>\n<p style=\"text-align: justify;\">Ap\u00f3s o incidente, a fam\u00edlia iniciou os trabalhos de limpeza da casa que ficou totalmente inundada e suja da lama proveniente do quintal. Mesmo ap\u00f3s escoar os dezoito mil litros, a \u00e1gua continuou adentrando na resid\u00eancia, pois o cano que alimenta a caixa foi rompido e continuou jorrando \u00e1gua sem parar. O propriet\u00e1rio da casa tentou contato com algu\u00e9m da empresa, mas at\u00e9 o fechamento dessa mat\u00e9ria a tentativa tinha sido em v\u00e3o e a \u00e1gua continuava jorrando.<\/p>\n<p style=\"text-align: justify;\">\u201cFicamos sabendo que o gerente mora aqui pr\u00f3ximo e fomos at\u00e9 l\u00e1 para pedirmos para que ele viesse fechar o registro, mas n\u00e3o o encontramos em casa\u201d destacou Robson.<\/p>\n<p style=\"text-align: justify;\">Cansada de um dia inteiro de trabalho, a senhora Ac\u00e1cia Maria Menezes, 42, relatou a nossa equipe que tamb\u00e9m tomou um grande susto e que no momento do incidente j\u00e1 estava deitada.<\/p>\n<p style=\"text-align: justify;\">\u201cEu estava deitada e pensei que a casa estava caindo e ao me levantar me deparei com a casa toda inundada e corri logo para salvar meus bichinhos e guard\u00e1-los em um lugar seguro\u201d, destacou a mulher em meio a faxina para deixar a casa limpa novamente.<\/p>\n","protected":false},"excerpt":{"rendered":"<p>por Pisca J\u00fanior do Di\u00e1rio Sergipano Os moradores da casa de n\u00ba 184 da Rua Expedicion\u00e1rio Ferreira da Silva, no centro da cidade de Est\u00e2ncia, se acordaram com um baita susto durante a noite dessa quinta feira, 22. Segundo informa\u00e7\u00f5es colhidas no local, a base que estava dando sustenta\u00e7\u00e3o a caixa de dezoito mil litros [&hellip;]<\/p>\n","protected":false},"author":1,"featured_media":51874,"comment_status":"closed","ping_status":"closed","sticky":false,"template":"","format":"standard","meta":{"footnotes":""},"categories":[38],"tags":[],"class_list":{"0":"post-51873","1":"post","2":"type-post","3":"status-publish","4":"format-standard","5":"has-post-thumbnail","7":"category-municipios"},"_links":{"self":[{"href":"https:\/\/senoticias.com.br\/se\/wp-json\/wp\/v2\/posts\/51873"}],"collection":[{"href":"https:\/\/senoticias.com.br\/se\/wp-json\/wp\/v2\/posts"}],"about":[{"href":"https:\/\/senoticias.com.br\/se\/wp-json\/wp\/v2\/types\/post"}],"author":[{"embeddable":true,"href":"https:\/\/senoticias.com.br\/se\/wp-json\/wp\/v2\/users\/1"}],"replies":[{"embeddable":true,"href":"https:\/\/senoticias.com.br\/se\/wp-json\/wp\/v2\/comments?post=51873"}],"version-history":[{"count":0,"href":"https:\/\/senoticias.com.br\/se\/wp-json\/wp\/v2\/posts\/51873\/revisions"}],"wp:featuredmedia":[{"embeddable":true,"href":"https:\/\/senoticias.com.br\/se\/wp-json\/wp\/v2\/media\/51874"}],"wp:attachment":[{"href":"https:\/\/senoticias.com.br\/se\/wp-json\/wp\/v2\/media?parent=51873"}],"wp:term":[{"taxonomy":"category","embeddable":true,"href":"https:\/\/senoticias.com.br\/se\/wp-json\/wp\/v2\/categories?post=51873"},{"taxonomy":"post_tag","embeddable":true,"href":"https:\/\/senoticias.com.br\/se\/wp-json\/wp\/v2\/tags?post=51873"}],"curies":[{"name":"wp","href":"https:\/\/api.w.org\/{rel}","templated":true}]}}