{"id":51868,"date":"2013-08-22T23:14:45","date_gmt":"2013-08-23T02:14:45","guid":{"rendered":"http:\/\/senoticias.com.br\/se\/?p=51868"},"modified":"2013-08-24T13:25:06","modified_gmt":"2013-08-24T16:25:06","slug":"prefeitura-de-aracaju-tera-que-pagar-r-10-milhoes-por-multa-de-lixao","status":"publish","type":"post","link":"https:\/\/senoticias.com.br\/se\/prefeitura-de-aracaju-tera-que-pagar-r-10-milhoes-por-multa-de-lixao\/","title":{"rendered":"Prefeitura de Aracaju ter\u00e1 que pagar R$ 10 milh\u00f5es por multa de lix\u00e3o"},"content":{"rendered":"<p>&nbsp;<\/p>\n<div id=\"attachment_4130\" style=\"width: 269px\" class=\"wp-caption alignright\"><a href=\"http:\/\/senoticias.com.br\/se\/wp-content\/uploads\/2011\/03\/Ficha-Suja.jpg\"><img loading=\"lazy\" decoding=\"async\" aria-describedby=\"caption-attachment-4130\" class=\"size-full wp-image-4130\" alt=\"'ACP DO ATERRO SANIT\u00c1RIO: NOVA DECIS\u00c3O PROFERIDA PELA JU\u00cdZA FEDERAL DA 1\u00aa VARA. (Divulga\u00e7\u00e3o)\" src=\"http:\/\/senoticias.com.br\/se\/wp-content\/uploads\/2011\/03\/Ficha-Suja.jpg\" width=\"259\" height=\"194\" srcset=\"https:\/\/senoticias.com.br\/se\/wp-content\/uploads\/2011\/03\/Ficha-Suja.jpg 259w, https:\/\/senoticias.com.br\/se\/wp-content\/uploads\/2011\/03\/Ficha-Suja-60x45.jpg 60w, https:\/\/senoticias.com.br\/se\/wp-content\/uploads\/2011\/03\/Ficha-Suja-150x113.jpg 150w\" sizes=\"(max-width: 259px) 100vw, 259px\" \/><\/a><p id=\"caption-attachment-4130\" class=\"wp-caption-text\">ACP DO ATERRO SANIT\u00c1RIO: NOVA DECIS\u00c3O PROFERIDA PELA JU\u00cdZA FEDERAL DA 1\u00aa VARA. (Divulga\u00e7\u00e3o)<\/p><\/div>\n<p style=\"text-align: justify;\">A Ju\u00edza Federal da 1\u00aa Vara, Telma Maria Santos Machado, proferiu decis\u00e3o nos autos do processo de embargos \u00e0 execu\u00e7\u00e3o n\u00ba 0005208-77.2012.4.05.8500, promovidos pelo Munic\u00edpio de Aracaju contra a cobran\u00e7a de multa pelo descumprimento do Termo de Ajuste de Conduta firmado nos autos da a\u00e7\u00e3o 0003380-61.2003.4.05.8500, referente \u00e0 A\u00e7\u00e3o Civil P\u00fablica sobre os \u201clix\u00f5es\u201d de Aracaju, S\u00e3o Crist\u00f3v\u00e3o e Nossa Senhora do Socorro.<\/p>\n<p style=\"text-align: justify;\">Embora os Minist\u00e9rios P\u00fablicos Federal e Estadual tenham pleiteado a condena\u00e7\u00e3o da multa no valor de R$ 29.482.697,19 (vinte e nove milh\u00f5es, quatrocentos e oitenta e dois mil, seiscentos e noventa e sete reais, dezenove centavos), a ju\u00edza condenou o executado em R$ 10.000.000,00 (dez milh\u00f5es de reais), ressaltando que a quantia dever\u00e1 ser revertida para o Fundo Municipal do Meio Ambiente em Aracaju, e parcelada em 05 (cinco) vezes, com pagamentos anuais no valor de R$ 2.000.000,00 (dois milh\u00f5es de reais).<\/p>\n<p style=\"text-align: justify;\">Como vem procedendo em rela\u00e7\u00e3o ao processo citado, a magistrada determinou que se d\u00ea publicidade a esta decis\u00e3o.<\/p>\n<p style=\"text-align: justify;\"><strong><em>Fonte: 1\u00aa Vara Federal de Sergipe<\/em><\/strong><\/p>\n","protected":false},"excerpt":{"rendered":"<p>&nbsp; A Ju\u00edza Federal da 1\u00aa Vara, Telma Maria Santos Machado, proferiu decis\u00e3o nos autos do processo de embargos \u00e0 execu\u00e7\u00e3o n\u00ba 0005208-77.2012.4.05.8500, promovidos pelo Munic\u00edpio de Aracaju contra a cobran\u00e7a de multa pelo descumprimento do Termo de Ajuste de Conduta firmado nos autos da a\u00e7\u00e3o 0003380-61.2003.4.05.8500, referente \u00e0 A\u00e7\u00e3o Civil P\u00fablica sobre os \u201clix\u00f5es\u201d [&hellip;]<\/p>\n","protected":false},"author":1,"featured_media":4130,"comment_status":"closed","ping_status":"closed","sticky":false,"template":"","format":"standard","meta":{"footnotes":""},"categories":[6],"tags":[],"class_list":{"0":"post-51868","1":"post","2":"type-post","3":"status-publish","4":"format-standard","5":"has-post-thumbnail","7":"category-politica"},"_links":{"self":[{"href":"https:\/\/senoticias.com.br\/se\/wp-json\/wp\/v2\/posts\/51868"}],"collection":[{"href":"https:\/\/senoticias.com.br\/se\/wp-json\/wp\/v2\/posts"}],"about":[{"href":"https:\/\/senoticias.com.br\/se\/wp-json\/wp\/v2\/types\/post"}],"author":[{"embeddable":true,"href":"https:\/\/senoticias.com.br\/se\/wp-json\/wp\/v2\/users\/1"}],"replies":[{"embeddable":true,"href":"https:\/\/senoticias.com.br\/se\/wp-json\/wp\/v2\/comments?post=51868"}],"version-history":[{"count":0,"href":"https:\/\/senoticias.com.br\/se\/wp-json\/wp\/v2\/posts\/51868\/revisions"}],"wp:featuredmedia":[{"embeddable":true,"href":"https:\/\/senoticias.com.br\/se\/wp-json\/wp\/v2\/media\/4130"}],"wp:attachment":[{"href":"https:\/\/senoticias.com.br\/se\/wp-json\/wp\/v2\/media?parent=51868"}],"wp:term":[{"taxonomy":"category","embeddable":true,"href":"https:\/\/senoticias.com.br\/se\/wp-json\/wp\/v2\/categories?post=51868"},{"taxonomy":"post_tag","embeddable":true,"href":"https:\/\/senoticias.com.br\/se\/wp-json\/wp\/v2\/tags?post=51868"}],"curies":[{"name":"wp","href":"https:\/\/api.w.org\/{rel}","templated":true}]}}