{"id":51862,"date":"2013-08-22T22:02:23","date_gmt":"2013-08-23T01:02:23","guid":{"rendered":"http:\/\/senoticias.com.br\/se\/?p=51862"},"modified":"2013-08-22T22:02:23","modified_gmt":"2013-08-23T01:02:23","slug":"dilma-comemora-1-milhao-de-contratos-do-fies","status":"publish","type":"post","link":"https:\/\/senoticias.com.br\/se\/dilma-comemora-1-milhao-de-contratos-do-fies\/","title":{"rendered":"Dilma comemora 1 milh\u00e3o de contratos do Fies"},"content":{"rendered":"<p>&nbsp;<\/p>\n<div id=\"attachment_51863\" style=\"width: 310px\" class=\"wp-caption alignright\"><a href=\"http:\/\/senoticias.com.br\/se\/wp-content\/uploads\/2013\/08\/A-presidente-Dilma-Rousseff-0hwio211236-f3.jpg\"><img loading=\"lazy\" decoding=\"async\" aria-describedby=\"caption-attachment-51863\" class=\"size-medium wp-image-51863\" alt=\" Dilma comemora um milh\u00e3o de contratos do Fies.(Foto: Fabio Rodrigues Pozzebom\/ABr)\" src=\"http:\/\/senoticias.com.br\/se\/wp-content\/uploads\/2013\/08\/A-presidente-Dilma-Rousseff-0hwio211236-f3-300x300.jpg\" width=\"300\" height=\"300\" srcset=\"https:\/\/senoticias.com.br\/se\/wp-content\/uploads\/2013\/08\/A-presidente-Dilma-Rousseff-0hwio211236-f3-300x300.jpg 300w, https:\/\/senoticias.com.br\/se\/wp-content\/uploads\/2013\/08\/A-presidente-Dilma-Rousseff-0hwio211236-f3-150x150.jpg 150w, https:\/\/senoticias.com.br\/se\/wp-content\/uploads\/2013\/08\/A-presidente-Dilma-Rousseff-0hwio211236-f3-50x50.jpg 50w, https:\/\/senoticias.com.br\/se\/wp-content\/uploads\/2013\/08\/A-presidente-Dilma-Rousseff-0hwio211236-f3-70x70.jpg 70w, https:\/\/senoticias.com.br\/se\/wp-content\/uploads\/2013\/08\/A-presidente-Dilma-Rousseff-0hwio211236-f3-55x55.jpg 55w, https:\/\/senoticias.com.br\/se\/wp-content\/uploads\/2013\/08\/A-presidente-Dilma-Rousseff-0hwio211236-f3.jpg 330w\" sizes=\"(max-width: 300px) 100vw, 300px\" \/><\/a><p id=\"caption-attachment-51863\" class=\"wp-caption-text\"><br \/>Dilma comemora um milh\u00e3o de contratos do Fies.(Foto: Fabio Rodrigues Pozzebom\/ABr)<\/p><\/div>\n<p style=\"text-align: justify;\">S\u00c3O PAULO &#8211; A presidente Dilma Rousseff e a c\u00fapula do Partido dos Trabalhadores (PT) compareceu \u00e0 capital paulista para comemorar o um milh\u00e3o de estudantes cadastrados no programa de Fundo de Financiamento Estudantil (Fies ). Participaram da cerim\u00f4nia o prefeito de S\u00e3o Paulo, Fernando Haddad, o ministro da Educa\u00e7\u00e3o, Aloizio Mercadante, o vice-presidente, Michel Temer, al\u00e9m dos presidentes da Uni\u00e3o Nacional dos Estudantes (UNE), do Banco do Brasil e da Caixa Econ\u00f4mica Federal.<\/p>\n<p style=\"text-align: justify;\">\u201cQueria dirigir um cumprimento especial ao ex-ministro da Educa\u00e7\u00e3o, Fernando Haddad, temos muito orgulho de tudo que voc\u00ea fez ao longe de sua gest\u00e3o\u201d, disse a presidente em rela\u00e7\u00e3o aos projetos iniciados durante o mandato do ex-presidente Lu\u00eds In\u00e1cio Lula da Silva, como o Exame Nacional do Ensino M\u00e9dio (Enem) que influenciaram \u00e0 ades\u00e3o de demais propostas como o Fies.<\/p>\n<p style=\"text-align: justify;\">Dilma destacou que a milion\u00e9sima bolsa \u00e9 meramente simb\u00f3lica, uma vez que as concess\u00f5es crescem diariamente. \u201cDe acordo com a \u00faltima informa\u00e7\u00e3o que obtive, al\u00e9m deste milh\u00e3o, j\u00e1 temos mais 33 mil estudantes cadastrados. Ao perceber que este n\u00famero cresce a cada dia, percebemos que que a frustra\u00e7\u00e3o das pessoas em tinham o sonho de cursar a universidade (e n\u00e3o conseguiam) est\u00e1 sendo sanada\u201d, afirma a presidente.<\/p>\n<p style=\"text-align: justify;\">Segundo ela, a renda do trabalhador que possui o diploma de curso superior \u00e9 quatro vezes maior do que um empregado com o ensino m\u00e9dio. A presidente avalia que buscar conhecimento significa almejar a realiza\u00e7\u00e3o profissional. \u201c[Com os programas estudantis] hoje conseguimos aumentar as possibilidades [de acesso ao ensino]\u201d, enfatiza.<\/p>\n<p style=\"text-align: justify;\">Em sua quinta visita ao Estado no per\u00edodo de um m\u00eas, Dilma reiterou sua satisfa\u00e7\u00e3o com a aprova\u00e7\u00e3o de 75% dos royalties de petr\u00f3leo para a educa\u00e7\u00e3o, pelo Congresso Nacional. \u201cN\u00f3s vamos ter quase R$ 2 bilh\u00f5es a mais no or\u00e7amento do ano que vem e este valor s\u00f3 vai crescendo. Em 2020 chegaremos a R$ 20 bilh\u00f5es\u201d, diz a presidente.<\/p>\n<p style=\"text-align: justify;\">\u201cQuero dizer que foi muito importante essa aprova\u00e7\u00e3o e, no caso da educa\u00e7\u00e3o, precisamos destes recursos para pagar professores, para transformar esta profiss\u00e3o em uma das maiores do pa\u00eds. Temos que usar todos os instrumentos que tivermos para transformar o Brasil numa grande pot\u00eancia\u201d, concluiu.<\/p>\n<p>&nbsp;<\/p>\n<p><em><strong>Nayara Figueiredo\/DCI\/COM<\/strong><\/em><\/p>\n","protected":false},"excerpt":{"rendered":"<p>&nbsp; S\u00c3O PAULO &#8211; A presidente Dilma Rousseff e a c\u00fapula do Partido dos Trabalhadores (PT) compareceu \u00e0 capital paulista para comemorar o um milh\u00e3o de estudantes cadastrados no programa de Fundo de Financiamento Estudantil (Fies ). Participaram da cerim\u00f4nia o prefeito de S\u00e3o Paulo, Fernando Haddad, o ministro da Educa\u00e7\u00e3o, Aloizio Mercadante, o vice-presidente, [&hellip;]<\/p>\n","protected":false},"author":1,"featured_media":51863,"comment_status":"closed","ping_status":"closed","sticky":false,"template":"","format":"standard","meta":{"footnotes":""},"categories":[6],"tags":[],"class_list":{"0":"post-51862","1":"post","2":"type-post","3":"status-publish","4":"format-standard","5":"has-post-thumbnail","7":"category-politica"},"_links":{"self":[{"href":"https:\/\/senoticias.com.br\/se\/wp-json\/wp\/v2\/posts\/51862"}],"collection":[{"href":"https:\/\/senoticias.com.br\/se\/wp-json\/wp\/v2\/posts"}],"about":[{"href":"https:\/\/senoticias.com.br\/se\/wp-json\/wp\/v2\/types\/post"}],"author":[{"embeddable":true,"href":"https:\/\/senoticias.com.br\/se\/wp-json\/wp\/v2\/users\/1"}],"replies":[{"embeddable":true,"href":"https:\/\/senoticias.com.br\/se\/wp-json\/wp\/v2\/comments?post=51862"}],"version-history":[{"count":0,"href":"https:\/\/senoticias.com.br\/se\/wp-json\/wp\/v2\/posts\/51862\/revisions"}],"wp:featuredmedia":[{"embeddable":true,"href":"https:\/\/senoticias.com.br\/se\/wp-json\/wp\/v2\/media\/51863"}],"wp:attachment":[{"href":"https:\/\/senoticias.com.br\/se\/wp-json\/wp\/v2\/media?parent=51862"}],"wp:term":[{"taxonomy":"category","embeddable":true,"href":"https:\/\/senoticias.com.br\/se\/wp-json\/wp\/v2\/categories?post=51862"},{"taxonomy":"post_tag","embeddable":true,"href":"https:\/\/senoticias.com.br\/se\/wp-json\/wp\/v2\/tags?post=51862"}],"curies":[{"name":"wp","href":"https:\/\/api.w.org\/{rel}","templated":true}]}}