{"id":51856,"date":"2013-08-22T17:43:10","date_gmt":"2013-08-22T20:43:10","guid":{"rendered":"http:\/\/senoticias.com.br\/se\/?p=51856"},"modified":"2013-08-23T14:53:27","modified_gmt":"2013-08-23T17:53:27","slug":"apos-sequestro-relampago-assaltante-e-linchado-por-populares-em-aracaju","status":"publish","type":"post","link":"https:\/\/senoticias.com.br\/se\/apos-sequestro-relampago-assaltante-e-linchado-por-populares-em-aracaju\/","title":{"rendered":"Ap\u00f3s sequestro rel\u00e2mpago assaltante \u00e9 linchado por populares em Aracaju"},"content":{"rendered":"<p><a href=\" http:\/\/evenilsonsantana.blogspot.com.br\/2013\/08\/assaltante-se-da-mal-apos-sequestro.html\" target=\"_blank\"><strong>por Evenilson Santana\/BLOG\u00a0<\/strong><\/a><\/p>\n<div id=\"attachment_51857\" style=\"width: 310px\" class=\"wp-caption alignright\"><a href=\"http:\/\/senoticias.com.br\/se\/wp-content\/uploads\/2013\/08\/image2.jpg\"><img loading=\"lazy\" decoding=\"async\" aria-describedby=\"caption-attachment-51857\" class=\"size-medium wp-image-51857\" alt=\"O ladr\u00e3o acabou desarmado pela v\u00edtima e linchado por populares.(Foto: Evenilson Santana)\" src=\"http:\/\/senoticias.com.br\/se\/wp-content\/uploads\/2013\/08\/image2-300x225.jpg\" width=\"300\" height=\"225\" srcset=\"https:\/\/senoticias.com.br\/se\/wp-content\/uploads\/2013\/08\/image2-300x225.jpg 300w, https:\/\/senoticias.com.br\/se\/wp-content\/uploads\/2013\/08\/image2-342x256.jpg 342w, https:\/\/senoticias.com.br\/se\/wp-content\/uploads\/2013\/08\/image2-60x45.jpg 60w, https:\/\/senoticias.com.br\/se\/wp-content\/uploads\/2013\/08\/image2-150x113.jpg 150w, https:\/\/senoticias.com.br\/se\/wp-content\/uploads\/2013\/08\/image2-269x201.jpg 269w, https:\/\/senoticias.com.br\/se\/wp-content\/uploads\/2013\/08\/image2.jpg 400w\" sizes=\"(max-width: 300px) 100vw, 300px\" \/><\/a><p id=\"caption-attachment-51857\" class=\"wp-caption-text\">O ladr\u00e3o acabou desarmado pela v\u00edtima e linchado por populares.(Foto: Evenilson Santana)<\/p><\/div>\n<p style=\"text-align: justify;\">O jovem Diego Souza Santos, (18), acabou se dando mal ap\u00f3s tentar tomar de assalto um ve\u00edculo saveiro, de cor branca, placas <strong>HDW-2319\/SE<\/strong>, na Avenida Corinto Leite, no Bairro Industrial, zona norte de Aracaju, na manh\u00e3 desta quinta-feira, 22. A v\u00edtima, um jovem representante comercial, que preferiu n\u00e3o revelar o nome, disse que foi abordado na porta de um bar, assim que estacionou o ve\u00edculo para entregar mercadorias: &#8220;quando eu menos esperei, ele entrou no carro armado, me pediu para passar para o banco do passageiro, dizendo perdeu, perdeu! Eu percebi pelo tambor da arma que havia muni\u00e7\u00f5es deflagradas e reagi, entrando em luta corporal e tomando a arma dele.<\/p>\n<p style=\"text-align: justify;\">Momento em que o carro bateu num poste e ladr\u00e3o desceu do carro correndo&#8221;, afirmou a v\u00edtima. O assaltante foi alcan\u00e7ado minutos depois por populares, j\u00e1 na altura da Ponte Aracaju\/Barra. O rapaz acabou linchado e depois levado \u00e0 3\u00aa Delegacia Metropolitana, no Bairro Santos Dumont, por policiais da cavalaria, que chegaram \u00e0 ocorr\u00eancia assim que Diego foi rendido. A arma, um rev\u00f3lver calibre 32 com 5 muni\u00e7\u00f5es deflagradas e uma intacta.<\/p>\n<p><strong>Cinco tiros durante fuga<\/strong><\/p>\n<p style=\"text-align: justify;\">Na vers\u00e3o do assaltante, assim que o carro colidiu no poste, ele saiu do ve\u00edculo e a v\u00edtima, ao ter tomado o rev\u00f3lver dele, disparou cinco tiros, errando todos. O ladr\u00e3o alegou ter cometido o crime para se proteger. Dizendo ele que estava fugindo de dois homens dispostos a mat\u00e1-lo, por causa se uma mulher. Mas, confirmou que na abordagem disse mesmo que seria uma assalto. Diego disse ter completado 18 anos no m\u00eas passado e que mora na Avenida Euclides Figueiredo, Bairro Lamar\u00e3o, tamb\u00e9m na Zona Norte. Afirmou ainda que cumpre medida socioeducativa em um col\u00e9gio da rede p\u00fablica Estadual na capital, acusado de cometer um ato infracional quando tinha 16 anos.<\/p>\n<p style=\"text-align: justify;\">\n","protected":false},"excerpt":{"rendered":"<p>por Evenilson Santana\/BLOG\u00a0 O jovem Diego Souza Santos, (18), acabou se dando mal ap\u00f3s tentar tomar de assalto um ve\u00edculo saveiro, de cor branca, placas HDW-2319\/SE, na Avenida Corinto Leite, no Bairro Industrial, zona norte de Aracaju, na manh\u00e3 desta quinta-feira, 22. A v\u00edtima, um jovem representante comercial, que preferiu n\u00e3o revelar o nome, disse [&hellip;]<\/p>\n","protected":false},"author":1,"featured_media":51857,"comment_status":"closed","ping_status":"closed","sticky":false,"template":"","format":"standard","meta":{"footnotes":""},"categories":[7],"tags":[],"class_list":{"0":"post-51856","1":"post","2":"type-post","3":"status-publish","4":"format-standard","5":"has-post-thumbnail","7":"category-policia"},"_links":{"self":[{"href":"https:\/\/senoticias.com.br\/se\/wp-json\/wp\/v2\/posts\/51856"}],"collection":[{"href":"https:\/\/senoticias.com.br\/se\/wp-json\/wp\/v2\/posts"}],"about":[{"href":"https:\/\/senoticias.com.br\/se\/wp-json\/wp\/v2\/types\/post"}],"author":[{"embeddable":true,"href":"https:\/\/senoticias.com.br\/se\/wp-json\/wp\/v2\/users\/1"}],"replies":[{"embeddable":true,"href":"https:\/\/senoticias.com.br\/se\/wp-json\/wp\/v2\/comments?post=51856"}],"version-history":[{"count":0,"href":"https:\/\/senoticias.com.br\/se\/wp-json\/wp\/v2\/posts\/51856\/revisions"}],"wp:featuredmedia":[{"embeddable":true,"href":"https:\/\/senoticias.com.br\/se\/wp-json\/wp\/v2\/media\/51857"}],"wp:attachment":[{"href":"https:\/\/senoticias.com.br\/se\/wp-json\/wp\/v2\/media?parent=51856"}],"wp:term":[{"taxonomy":"category","embeddable":true,"href":"https:\/\/senoticias.com.br\/se\/wp-json\/wp\/v2\/categories?post=51856"},{"taxonomy":"post_tag","embeddable":true,"href":"https:\/\/senoticias.com.br\/se\/wp-json\/wp\/v2\/tags?post=51856"}],"curies":[{"name":"wp","href":"https:\/\/api.w.org\/{rel}","templated":true}]}}