{"id":51854,"date":"2013-08-22T17:29:33","date_gmt":"2013-08-22T20:29:33","guid":{"rendered":"http:\/\/senoticias.com.br\/se\/?p=51854"},"modified":"2013-08-22T17:29:33","modified_gmt":"2013-08-22T20:29:33","slug":"mpf-faz-recomendacao-a-prefeitura-de-sao-domingos","status":"publish","type":"post","link":"https:\/\/senoticias.com.br\/se\/mpf-faz-recomendacao-a-prefeitura-de-sao-domingos\/","title":{"rendered":"MPF faz recomenda\u00e7\u00e3o \u00e0 Prefeitura de S\u00e3o Domingos"},"content":{"rendered":"<p>&nbsp;<\/p>\n<p style=\"text-align: justify;\">\n<div id=\"attachment_27181\" style=\"width: 225px\" class=\"wp-caption alignright\"><a href=\"http:\/\/senoticias.com.br\/se\/wp-content\/uploads\/2012\/03\/MPF-SE.jpg\"><img loading=\"lazy\" decoding=\"async\" aria-describedby=\"caption-attachment-27181\" class=\"size-full wp-image-27181\" alt=\" A administra\u00e7\u00e3o deve cumprir com o dever de informar sobre a libera\u00e7\u00e3o de verbas federais\/SE\/Divulga\u00e7\u00e3o)\" src=\"http:\/\/senoticias.com.br\/se\/wp-content\/uploads\/2012\/03\/MPF-SE.jpg\" width=\"215\" height=\"234\" \/><\/a><p id=\"caption-attachment-27181\" class=\"wp-caption-text\"><br \/>A administra\u00e7\u00e3o deve cumprir com o dever de informar sobre a libera\u00e7\u00e3o de verbas federais\/SE\/Divulga\u00e7\u00e3o)<\/p><\/div>\n<p style=\"text-align: justify;\">O Minist\u00e9rio P\u00fablico Federal em Sergipe (MPF) recomendou que a prefeitura de S\u00e3o Domingos, a 72 quil\u00f4metros de Aracaju, notifique os partidos pol\u00edticos, sindicatos dos trabalhadores e entidades empresariais, com sede no munic\u00edpio, sobre qualquer libera\u00e7\u00e3o de verbas federais. A medida \u00e9 uma exig\u00eancia da Lei n\u00ba 9.452\/97 e deve ser cumprida por todos os munic\u00edpios sergipanos.<\/p>\n<p style=\"text-align: justify;\">Uma fiscaliza\u00e7\u00e3o realizada pela Controladoria Geral da Uni\u00e3o (CGU) apontou irregularidades na notifica\u00e7\u00e3o dos recursos federais recebidos por S\u00e3o Domingos. De acordo com a legisla\u00e7\u00e3o, depois de receber a verba o munic\u00edpio possui prazo de dois dias \u00fateis para comunicar oficialmente os partidos, sindicatos e entidades privadas citadas.<\/p>\n<p style=\"text-align: justify;\">Na recomenda\u00e7\u00e3o, o MPF pede um amplo levantamento de todos aqueles que devem ser notificados. O munic\u00edpio tem 30 dias para cumprir o que foi recomendado. Caso contr\u00e1rio, o MPF poder\u00e1 tomar as medidas judiciais cab\u00edveis.<\/p>\n<p style=\"text-align: justify;\"><strong>Assessoria de Comunica\u00e7\u00e3o<\/strong><br \/>\n<strong> Minist\u00e9rio P\u00fablico Federal em Sergipe<\/strong><\/p>\n","protected":false},"excerpt":{"rendered":"<p>&nbsp; O Minist\u00e9rio P\u00fablico Federal em Sergipe (MPF) recomendou que a prefeitura de S\u00e3o Domingos, a 72 quil\u00f4metros de Aracaju, notifique os partidos pol\u00edticos, sindicatos dos trabalhadores e entidades empresariais, com sede no munic\u00edpio, sobre qualquer libera\u00e7\u00e3o de verbas federais. A medida \u00e9 uma exig\u00eancia da Lei n\u00ba 9.452\/97 e deve ser cumprida por todos [&hellip;]<\/p>\n","protected":false},"author":1,"featured_media":27181,"comment_status":"closed","ping_status":"closed","sticky":false,"template":"","format":"standard","meta":{"footnotes":""},"categories":[6],"tags":[],"class_list":{"0":"post-51854","1":"post","2":"type-post","3":"status-publish","4":"format-standard","5":"has-post-thumbnail","7":"category-politica"},"_links":{"self":[{"href":"https:\/\/senoticias.com.br\/se\/wp-json\/wp\/v2\/posts\/51854"}],"collection":[{"href":"https:\/\/senoticias.com.br\/se\/wp-json\/wp\/v2\/posts"}],"about":[{"href":"https:\/\/senoticias.com.br\/se\/wp-json\/wp\/v2\/types\/post"}],"author":[{"embeddable":true,"href":"https:\/\/senoticias.com.br\/se\/wp-json\/wp\/v2\/users\/1"}],"replies":[{"embeddable":true,"href":"https:\/\/senoticias.com.br\/se\/wp-json\/wp\/v2\/comments?post=51854"}],"version-history":[{"count":0,"href":"https:\/\/senoticias.com.br\/se\/wp-json\/wp\/v2\/posts\/51854\/revisions"}],"wp:featuredmedia":[{"embeddable":true,"href":"https:\/\/senoticias.com.br\/se\/wp-json\/wp\/v2\/media\/27181"}],"wp:attachment":[{"href":"https:\/\/senoticias.com.br\/se\/wp-json\/wp\/v2\/media?parent=51854"}],"wp:term":[{"taxonomy":"category","embeddable":true,"href":"https:\/\/senoticias.com.br\/se\/wp-json\/wp\/v2\/categories?post=51854"},{"taxonomy":"post_tag","embeddable":true,"href":"https:\/\/senoticias.com.br\/se\/wp-json\/wp\/v2\/tags?post=51854"}],"curies":[{"name":"wp","href":"https:\/\/api.w.org\/{rel}","templated":true}]}}