{"id":51848,"date":"2013-08-22T13:07:54","date_gmt":"2013-08-22T16:07:54","guid":{"rendered":"http:\/\/senoticias.com.br\/se\/?p=51848"},"modified":"2013-08-23T20:41:41","modified_gmt":"2013-08-23T23:41:41","slug":"servidores-do-tribunal-de-justica-decidem-paralisar-atividades-em-setembro","status":"publish","type":"post","link":"https:\/\/senoticias.com.br\/se\/servidores-do-tribunal-de-justica-decidem-paralisar-atividades-em-setembro\/","title":{"rendered":"Servidores do Tribunal de Justi\u00e7a decidem paralisar atividades em setembro"},"content":{"rendered":"<p>&nbsp;<\/p>\n<div id=\"attachment_40576\" style=\"width: 310px\" class=\"wp-caption alignright\"><a href=\"http:\/\/senoticias.com.br\/se\/wp-content\/uploads\/2012\/10\/Sindijus.jpg\"><img loading=\"lazy\" decoding=\"async\" aria-describedby=\"caption-attachment-40576\" class=\"size-medium wp-image-40576\" alt=\"Falta de posicionamento sobre isonomia no pagamento do Aux\u00edlio Alimenta\u00e7\u00e3o, assim como em rela\u00e7\u00e3o \u00e0s perdas inflacion\u00e1rias no Aux\u00edlio Alimenta\u00e7\u00e3o e Sa\u00fade, leva servidores \u00e0 paralisa\u00e7\u00e3o no dia 04\/09. (Divulga\u00e7\u00e3o) \" src=\"http:\/\/senoticias.com.br\/se\/wp-content\/uploads\/2012\/10\/Sindijus-300x186.jpg\" width=\"300\" height=\"186\" srcset=\"https:\/\/senoticias.com.br\/se\/wp-content\/uploads\/2012\/10\/Sindijus-300x186.jpg 300w, https:\/\/senoticias.com.br\/se\/wp-content\/uploads\/2012\/10\/Sindijus-342x212.jpg 342w, https:\/\/senoticias.com.br\/se\/wp-content\/uploads\/2012\/10\/Sindijus.jpg 510w\" sizes=\"(max-width: 300px) 100vw, 300px\" \/><\/a><p id=\"caption-attachment-40576\" class=\"wp-caption-text\">Falta de posicionamento sobre isonomia no pagamento do Aux\u00edlio Alimenta\u00e7\u00e3o, assim como em rela\u00e7\u00e3o \u00e0s perdas inflacion\u00e1rias no Aux\u00edlio Alimenta\u00e7\u00e3o e Sa\u00fade, leva servidores \u00e0 paralisa\u00e7\u00e3o no dia 04\/09. (Divulga\u00e7\u00e3o)<\/p><\/div>\n<p style=\"text-align: justify;\">Em mais um momento de reflex\u00e3o e delibera\u00e7\u00e3o, os servidores do TJSE reuniram-se na tarde dessa segunda-feira (19), no audit\u00f3rio da Sociedade Semear, na Assembleia denominada de &#8220;Dia do Basta\u201d. Em pauta, a principal discuss\u00e3o tratava da falta de posicionamento objetivo da Presid\u00eancia do Tribunal em rela\u00e7\u00e3o ao pagamento ison\u00f4mico do Aux\u00edlio Alimenta\u00e7\u00e3o, entre ju\u00edzes e servidores, e as pr\u00f3ximas movimenta\u00e7\u00f5es da categoria diante dessa conjuntura.<\/p>\n<p style=\"text-align: justify;\">Diante da falta de posicionamento da gest\u00e3o do Tribunal de Justi\u00e7a de Sergipe em rela\u00e7\u00e3o \u00e0 isonomia no pagamento do Aux\u00edlio Alimenta\u00e7\u00e3o, assim como em rela\u00e7\u00e3o \u00e0s perdas inflacion\u00e1rias no Aux\u00edlio Alimenta\u00e7\u00e3o e Sa\u00fade, os servidores decidiram parar as suas atividades, mais uma vez, no pr\u00f3ximo dia 4 de setembro, al\u00e9m da realiza\u00e7\u00e3o de diversos Atos para mostrar publicamente que o tratamento diferenciado dentro do Tribunal de Justi\u00e7a de Sergipe n\u00e3o ser\u00e1 tolerado pelos trabalhadores.<\/p>\n<p style=\"text-align: justify;\">A diretoria do SINDIJUS apresentou um relato sobre as \u00faltimas movimenta\u00e7\u00f5es da gest\u00e3o do Tribunal, no que diz respeito ao pleito da categoria, resumindo os conte\u00fados trocados atrav\u00e9s de v\u00e1rios of\u00edcios, entre o sindicato e o TJSE.<\/p>\n<p style=\"text-align: justify;\">A maioria das informa\u00e7\u00f5es expostas na Assembleia pela dire\u00e7\u00e3o do sindicato dava conta do recorrente adiamento de uma proposta concreta do TJ em rela\u00e7\u00e3o \u00e0 equipara\u00e7\u00e3o no Aux\u00edlio Alimenta\u00e7\u00e3o, na tentativa de atrelar uma posi\u00e7\u00e3o oficial \u00e0 elabora\u00e7\u00e3o do Or\u00e7amento de 2014, que s\u00f3 ocorrer\u00e1 no final do pr\u00f3ximo m\u00eas de setembro.<\/p>\n<p style=\"text-align: justify;\">Outro dado relatado pela dire\u00e7\u00e3o foi o conte\u00fado, de tom unilateral e autorit\u00e1rio, do \u00faltimo of\u00edcio do Tribunal enviado para o sindicato, que \u2013 numa clara tentativa de vitimiza\u00e7\u00e3o da gest\u00e3o respons\u00e1vel pelo tratamento discriminat\u00f3rio dentro no \u00f3rg\u00e3o \u2013 afirma que a \u00faltima paralisa\u00e7\u00e3o j\u00e1 foi o \u201cbastante\u201d diante da inten\u00e7\u00e3o em equiparar o Aux\u00edlio Alimenta\u00e7\u00e3o, mas sem dizer quando, nem como.<\/p>\n<p style=\"text-align: justify;\">\u201cA gest\u00e3o do TJSE ficou desde o final de 2012 calada, sem pronunciar nada sobre a diferencia\u00e7\u00e3o no Aux\u00edlio, e somente depois de sete meses, nas v\u00e9speras da paralisa\u00e7\u00e3o que j\u00e1 havia sido marcada pela categoria desde o dia 18 de julho, conversou conosco e mencionou uma proposta, sem valores nem datas, que s\u00f3 estava no campo das inten\u00e7\u00f5es, local de onde ela n\u00e3o saiu, at\u00e9 agora. Estamos lutando h\u00e1 mais de 8 meses por uma proposta oficial e ainda n\u00e3o tivemos nenhuma resposta clara, portanto, paralisar para cruzar os bra\u00e7os, antes de ser o \u201cbastante\u201d, para a diretoria do sindicato, \u00e9 o posicionamento necess\u00e1rio que a categoria precisa adotar para mostrar a sua insatisfa\u00e7\u00e3o\u201d, afirma Pl\u00ednio Pugliesi, diretor do SINDIJUS.<\/p>\n<p style=\"text-align: justify;\"><strong>Direito de greve<\/strong><\/p>\n<p style=\"text-align: justify;\">O advogado do sindicato, Charles Donald, fez um di\u00e1logo formativo com os servidores, no que diz respeito ao direito de greve e as constantes afrontas do TJSE em rela\u00e7\u00e3o a esse direito dos trabalhadores.<\/p>\n<p style=\"text-align: justify;\">Dando um exemplo sobre as pr\u00e1ticas antissindicais do TJSE, o advogado se remeteu \u00e0 discuss\u00e3o em torno do abono das faltas da paralisa\u00e7\u00e3o de novembro do ano passado.<\/p>\n<p style=\"text-align: justify;\">\u201cFizemos um pedido de reconsidera\u00e7\u00e3o dentro do processo administrativo que cortou o ponto dos servidores na paralisa\u00e7\u00e3o de novembro do ano passado, em virtude da falta de uma decis\u00e3o judicial que caracterizasse ilegal aquela paralisa\u00e7\u00e3o\u201d, relatou o advogado.<br \/>\nAinda sobre o direito de greve, o advogado afirmou que, de acordo com a avalia\u00e7\u00e3o da assessoria jur\u00eddica do sindicato, o Tribunal n\u00e3o tem respaldo legal para perseguir os servidores que participam de qualquer movimenta\u00e7\u00e3o da categoria, principalmente no que diz respeito \u00e0 licen\u00e7a-pr\u00eamio.<br \/>\n\u201cQualquer servidor que se sentir prejudicado na concess\u00e3o da sua licen\u00e7a-pr\u00eamio, por ter participado de alguma greve, deve nos procurar para que possamos provocar formalmente o Tribunal. Se o Tribunal estiver indeferindo as licen\u00e7as, sem fundamento jur\u00eddico plaus\u00edvel, vamos buscar a recomposi\u00e7\u00e3o desse direito, assim como as indeniza\u00e7\u00f5es pelos danos causados\u201d, informa.<\/p>\n<p style=\"text-align: justify;\"><strong>Constrangimentos e pr\u00e1ticas antissindicais<\/strong><\/p>\n<p style=\"text-align: justify;\">Nos debates, logo depois da explana\u00e7\u00e3o do advogado, o delegado de base, Marcus Ramos, lotado na Secretaria de Tecnologia do Pal\u00e1cio de Justi\u00e7a, relatou o constrangimento que o seu companheiro de trabalho, Marcos C\u00e9sar, sofreu ao ser barrado de entrar uma reuni\u00e3o profissional por estar vestindo a camisa do sindicato.<\/p>\n<p style=\"text-align: justify;\">\u201cFoi algo extremamente constrangedor, algo que precisa ser enfrentado de cabe\u00e7a erguida por cada servidor do TJSE que acredita que podemos fazer um Judici\u00e1rio mais justo e democr\u00e1tico, por isso, no outro dia em que aconteceu essa a\u00e7\u00e3o autorit\u00e1ria, por parte de um antigo diretor do Tribunal, quase todos os servidores da Secretaria de Tecnologia do Pal\u00e1cio de Justi\u00e7a vestiram as camisas do SINDIJUS, como uma forma de mostrar a nossa uni\u00e3o e repudiar essa a\u00e7\u00e3o\u201d, desabafou Marcus.<\/p>\n<p style=\"text-align: justify;\">Diante dessa situa\u00e7\u00e3o, a Assembleia aprovou o uso de camisas do sindicato, nos locais de trabalho do TJSE, todas as quintas-feiras, n\u00e3o s\u00f3 em solidariedade ao companheiro ofendido, mas para evitar que outras pr\u00e1ticas antissindicais como essa se repitam dentro do TJ.<\/p>\n<p style=\"text-align: justify;\"><strong>A volta do Mamat\u00f4metro!<\/strong><\/p>\n<p style=\"text-align: justify;\">Como mais uma a\u00e7\u00e3o p\u00fablica para constranger as pr\u00e1ticas injustas do TJSE, foi decidido pela Assembleia o retorno do Mamat\u00f4metro, mas desta vez, em outro local bem conhecido dos moradores da capital sergipana e na regi\u00e3o das mans\u00f5es de alguns patr\u00f5es do TJSE, no cal\u00e7ad\u00e3o da 13 de Julho.<\/p>\n<p style=\"text-align: justify;\">Para a diretoria do SINDIJUS, o Mamat\u00f4metro \u00e9 o Ato P\u00fablico mais impactante j\u00e1 produzido pela categoria, que inovou a forma de fazer Atos e a forma de dialogar com a popula\u00e7\u00e3o sobre as quest\u00f5es que envolvem os altos sal\u00e1rios e privil\u00e9gios dentro do TJSE, que se mant\u00e9m obscuros para a maioria dos sergipanos.<\/p>\n<p style=\"text-align: justify;\">\u201cO Mamat\u00f4metro \u00e9 instrumento importante tanto para os servidores do TJSE, que lutam por um Judici\u00e1rio mais justo e democr\u00e1tico, quanto para a sociedade, pois, por meio dele, conseguimos chamar a aten\u00e7\u00e3o e fazer a maior divulga\u00e7\u00e3o de gastos p\u00fablicos j\u00e1 vista neste estado, por isso, todas as vezes que ensaiamos trazer o Mamat\u00f4metro de volta para as ruas nossa estrutura \u00e9 reprimida e n\u00e3o tomaremos como surpresa se isso acontecer novamente\u201d, defende o diretor do sindicato Plinio Pugliesi.<\/p>\n<p style=\"text-align: justify;\"><strong>Paralisa\u00e7\u00e3o e Campanha Salarial<\/strong><\/p>\n<p style=\"text-align: justify;\">Diante da conjuntura explicitada pela diretoria do SINDIJUS em rela\u00e7\u00e3o \u00e0s \u00faltimas movimenta\u00e7\u00f5es do TJSE e a falta de posicionamento do Tribunal, tanto sobre a isonomia do Aux\u00edlio Alimenta\u00e7\u00e3o, assim como sobre as perdas inflacion\u00e1rias que se acumulam nos Aux\u00edlios Alimenta\u00e7\u00e3o e Sa\u00fade a falta de garantia na participa\u00e7\u00e3o do sindicato na elabora\u00e7\u00e3o do Or\u00e7amento, na Assembleia Geral, os servidores decidiram paralisar as atividades no TJSE, mais uma vez, no dia 4 de setembro.<\/p>\n<p style=\"text-align: justify;\">\u201cA nossa \u00faltima Assembleia foi no dia da paralisa\u00e7\u00e3o, em 31 de julho, e a situa\u00e7\u00e3o referente ao Aux\u00edlio Alimenta\u00e7\u00e3o n\u00e3o mudou em nada, por isso, os delegados de base e a dire\u00e7\u00e3o do sindicato prop\u00f5em uma nova paralisa\u00e7\u00e3o para o dia 4 de setembro, como a a\u00e7\u00e3o mais l\u00f3gica contra isso, para, mais uma vez, mostrarmos a gest\u00e3o do TJSE que os servidores n\u00e3o aceitam a falta de justi\u00e7a e de igualdade dentro do Poder que deveria zelar por esses valores. A nossa for\u00e7a est\u00e1 na nossa mobiliza\u00e7\u00e3o, por isso, vamos cruzar, mais uma vez, os nossos bra\u00e7os\u201d, defende Alexandre Rollemberg.<\/p>\n<p style=\"text-align: justify;\">George Matos, servidor dos F\u00f3runs Integrados III e diretor do sindicato, refor\u00e7ou a proposta da paralisa\u00e7\u00e3o, manifestando a sua defesa em rela\u00e7\u00e3o ao papel dos servidores enquanto trabalhadores.<\/p>\n<p style=\"text-align: justify;\">\u201cA Campanha Salarial se aproxima, mas a injusti\u00e7a no Aux\u00edlio Alimenta\u00e7\u00e3o n\u00e3o pode ser tolerada nem por um dia, por isso essa luta deve continuar! Estamos imersos na conhecida luta de classes, de um lado, a gest\u00e3o do Tribunal desempenha muito bem o seu papel, refrat\u00e1rio a qualquer mudan\u00e7a, como um bom patr\u00e3o faz; do outro lado, n\u00f3s, trabalhadores, a quem cabe a sua organiza\u00e7\u00e3o, mobiliza\u00e7\u00e3o e, comprometendo a nossa for\u00e7a de trabalho, conquistarmos as vit\u00f3rias. A hist\u00f3ria nos mostra que nunca ganhamos nada de gra\u00e7a, tudo o que temos foi fruto de muita luta e a equipara\u00e7\u00e3o do Aux\u00edlio Alimenta\u00e7\u00e3o n\u00e3o ser\u00e1 diferente\u201d, defende o diretor do SINDIJUS, George.<\/p>\n<p style=\"text-align: justify;\">A proximidade da data-base para reajuste dos sal\u00e1rios dos servidores (janeiro\/14) tamb\u00e9m foi objeto de discuss\u00e3o, ressaltando-se a necessidade de, no momento das discuss\u00f5es com o TJ, inserir na pauta uma valoriza\u00e7\u00e3o maior no Aux\u00edlio Sa\u00fade, sobretudo na \u00faltima faixa, para evitar uma distor\u00e7\u00e3o entre a valoriza\u00e7\u00e3o dos servidores da ativa e aposentados, j\u00e1 que estes n\u00e3o recebem Aux\u00edlio Alimenta\u00e7\u00e3o.<\/p>\n<p style=\"text-align: justify;\">Ainda em rela\u00e7\u00e3o \u00e0 Campanha Salarial para negociar os reajustes da pr\u00f3xima data-base, foi aprovada a forma\u00e7\u00e3o de um Comando de Mobiliza\u00e7\u00e3o e Luta, para auxiliar os trabalhos da dire\u00e7\u00e3o do sindicato, durante as negocia\u00e7\u00f5es, a ser formado por qualquer sindicalizado que se disponha voluntariamente, bem como o in\u00edcio das Plen\u00e1rias de Base, em diversas partes do estado, para construir a pauta de reivindica\u00e7\u00f5es a ser apresentada nessa campanha.<\/p>\n<p style=\"text-align: justify;\"><strong>Encaminhamentos<\/strong><\/p>\n<p style=\"text-align: justify;\">Em resumo, como resposta ao desrespeito da gest\u00e3o do TJSE com os pleitos da categoria que envolvem os Aux\u00edlios e como preparativos da Campanha Salarial para a pr\u00f3xima data-base, foram aprovadas as seguintes a\u00e7\u00f5es a serem realizadas pelos servidores, atrav\u00e9s do sindicato, nos pr\u00f3ximos dias:<br \/>\nAux\u00edlio Alimenta\u00e7\u00e3o: Realiza\u00e7\u00e3o de mais um Mamat\u00f4metro do TJSE, no Cal\u00e7ad\u00e3o da 13 de Julho, em Aracaju, no pr\u00f3ximo dia 23\/08 (sexta-feira).<\/p>\n<p style=\"text-align: justify;\">Aux\u00edlio Alimenta\u00e7\u00e3o: Uso das camisas do sindicato e de pratos vazios, todas as quintas, nos locais de trabalho do TJSE.<br \/>\nAux\u00edlio Alimenta\u00e7\u00e3o: Paralisa\u00e7\u00e3o dos servidores no pr\u00f3ximo dia 4 de setembro.<br \/>\nCampanha Salarial: Forma\u00e7\u00e3o do Comando de Mobiliza\u00e7\u00e3o e Negocia\u00e7\u00e3o.<br \/>\nCampanha Salarial: In\u00edcio das Plen\u00e1rias de Base para constru\u00e7\u00e3o da pauta de reivindica\u00e7\u00f5es.<\/p>\n<p style=\"text-align: justify;\"><strong>\u00a0Ascom\/Cut<\/strong><\/p>\n","protected":false},"excerpt":{"rendered":"<p>&nbsp; Em mais um momento de reflex\u00e3o e delibera\u00e7\u00e3o, os servidores do TJSE reuniram-se na tarde dessa segunda-feira (19), no audit\u00f3rio da Sociedade Semear, na Assembleia denominada de &#8220;Dia do Basta\u201d. Em pauta, a principal discuss\u00e3o tratava da falta de posicionamento objetivo da Presid\u00eancia do Tribunal em rela\u00e7\u00e3o ao pagamento ison\u00f4mico do Aux\u00edlio Alimenta\u00e7\u00e3o, entre [&hellip;]<\/p>\n","protected":false},"author":1,"featured_media":40576,"comment_status":"closed","ping_status":"closed","sticky":false,"template":"","format":"standard","meta":{"footnotes":""},"categories":[310,6],"tags":[],"class_list":{"0":"post-51848","1":"post","2":"type-post","3":"status-publish","4":"format-standard","5":"has-post-thumbnail","7":"category-destaques-da-semana","8":"category-politica"},"_links":{"self":[{"href":"https:\/\/senoticias.com.br\/se\/wp-json\/wp\/v2\/posts\/51848"}],"collection":[{"href":"https:\/\/senoticias.com.br\/se\/wp-json\/wp\/v2\/posts"}],"about":[{"href":"https:\/\/senoticias.com.br\/se\/wp-json\/wp\/v2\/types\/post"}],"author":[{"embeddable":true,"href":"https:\/\/senoticias.com.br\/se\/wp-json\/wp\/v2\/users\/1"}],"replies":[{"embeddable":true,"href":"https:\/\/senoticias.com.br\/se\/wp-json\/wp\/v2\/comments?post=51848"}],"version-history":[{"count":0,"href":"https:\/\/senoticias.com.br\/se\/wp-json\/wp\/v2\/posts\/51848\/revisions"}],"wp:featuredmedia":[{"embeddable":true,"href":"https:\/\/senoticias.com.br\/se\/wp-json\/wp\/v2\/media\/40576"}],"wp:attachment":[{"href":"https:\/\/senoticias.com.br\/se\/wp-json\/wp\/v2\/media?parent=51848"}],"wp:term":[{"taxonomy":"category","embeddable":true,"href":"https:\/\/senoticias.com.br\/se\/wp-json\/wp\/v2\/categories?post=51848"},{"taxonomy":"post_tag","embeddable":true,"href":"https:\/\/senoticias.com.br\/se\/wp-json\/wp\/v2\/tags?post=51848"}],"curies":[{"name":"wp","href":"https:\/\/api.w.org\/{rel}","templated":true}]}}