{"id":51811,"date":"2013-08-21T20:43:14","date_gmt":"2013-08-21T23:43:14","guid":{"rendered":"http:\/\/senoticias.com.br\/se\/?p=51811"},"modified":"2013-08-22T23:14:41","modified_gmt":"2013-08-23T02:14:41","slug":"jackson-barreto-anuncia-implantacao-de-industria-que-investira-r-230-milhoes-em-estancia","status":"publish","type":"post","link":"https:\/\/senoticias.com.br\/se\/jackson-barreto-anuncia-implantacao-de-industria-que-investira-r-230-milhoes-em-estancia\/","title":{"rendered":"Jackson  Barreto anuncia implanta\u00e7\u00e3o de Ind\u00fastria que investir\u00e1 R$ 230 milh\u00f5es em Est\u00e2ncia"},"content":{"rendered":"<p>&nbsp;<\/p>\n<p style=\"text-align: justify;\">Mais uma empresa de reconhecimento internacional que se incorpora \u00e0 fase mais importante na hist\u00f3ria do desenvolvimento industrial sergipano. Essa \u00e9 a constata\u00e7\u00e3o ap\u00f3s o an\u00fancio oficial dos investimentos e do cronograma de obras da nova f\u00e1brica Verallia, que \u00e9 a empresa fabricante de embalagens de vidro do grupo Saint-Gobain, que ser\u00e1 instalada no munic\u00edpio de Est\u00e2ncia, a 72 km da capital. A estimativa \u00e9 de que a terraplanagem do terreno esteja conclu\u00edda em fevereiro de 2014 e o in\u00edcio de funcionamento da unidade ocorra at\u00e9 outubro de 2015. Os an\u00fancios foram realizados no Pal\u00e1cio dos Despachos, com a presen\u00e7a do governador em exerc\u00edcio, Jackson Barreto, e do diretor Executivo da Verallia, Roberto Luiz Correa.<\/p>\n<div id=\"attachment_51812\" style=\"width: 603px\" class=\"wp-caption aligncenter\"><a href=\"http:\/\/senoticias.com.br\/se\/wp-content\/uploads\/2013\/08\/20130821GovJacksonReuniaoSANGOBAN5.jpg\"><img loading=\"lazy\" decoding=\"async\" aria-describedby=\"caption-attachment-51812\" class=\"size-full wp-image-51812\" alt=\" Ind\u00fastria gerar\u00e1 empregos desde a sua constru\u00e7\u00e3o, onde ser\u00e3o contratados cerca de 500 funcion\u00e1rios e 200 empregos diretos quando do seu efetivo funcionamento, previsto para outubro de 2015.(Foto: Marcos Rodrigues\/ASN)\" src=\"http:\/\/senoticias.com.br\/se\/wp-content\/uploads\/2013\/08\/20130821GovJacksonReuniaoSANGOBAN5.jpg\" width=\"593\" height=\"369\" srcset=\"https:\/\/senoticias.com.br\/se\/wp-content\/uploads\/2013\/08\/20130821GovJacksonReuniaoSANGOBAN5.jpg 593w, https:\/\/senoticias.com.br\/se\/wp-content\/uploads\/2013\/08\/20130821GovJacksonReuniaoSANGOBAN5-300x186.jpg 300w, https:\/\/senoticias.com.br\/se\/wp-content\/uploads\/2013\/08\/20130821GovJacksonReuniaoSANGOBAN5-342x212.jpg 342w\" sizes=\"(max-width: 593px) 100vw, 593px\" \/><\/a><p id=\"caption-attachment-51812\" class=\"wp-caption-text\"><br \/>Ind\u00fastria gerar\u00e1 empregos desde a sua constru\u00e7\u00e3o, onde ser\u00e3o contratados cerca de 500 funcion\u00e1rios e 200 empregos diretos quando do seu efetivo funcionamento, previsto para outubro de 2015.(Foto: Marcos Rodrigues\/ASN)<\/p><\/div>\n<p style=\"text-align: justify;\">Associada \u00e0 Ipiaram Empreendimentos e Participa\u00e7\u00f5es, capitaneada pelo empres\u00e1rio sergipano Ruy Vieira (do grupo Const\u00e2ncio Vieira, fundado em 1912) que j\u00e1 atua tradicionalmente na ind\u00fastria t\u00eaxtil em Est\u00e2ncia e no segmento de cosm\u00e9ticos, atrav\u00e9s da Guf Ind\u00fastria Qu\u00edmica e Farmac\u00eautica, o grupo Saint-Gobain investir\u00e1 aproximadamente R$ 230 milh\u00f5es neste empreendimento, cuja prioridade \u00e9 a utiliza\u00e7\u00e3o da m\u00e3o de obra local. A empresa Verallia era conhecida at\u00e9 o ano 2000 como Santa Marina, que tamb\u00e9m construiu renome no mercado nacional.<\/p>\n<p style=\"text-align: justify;\"><strong>Polo Vidreiro<\/strong><\/p>\n<p style=\"text-align: justify;\">A nova unidade industrial representar\u00e1 a edifica\u00e7\u00e3o de um \u2018polo vidreiro\u2019 na regi\u00e3o de Est\u00e2ncia, uma vez que tamb\u00e9m est\u00e3o previstas a instala\u00e7\u00e3o de uma usina de reciclagem de vidro e uma mineradora que fornecer\u00e1 mat\u00e9ria prima para a ind\u00fastria. \u201cEste \u00e9 um investimento de cerca de R$ 230 milh\u00f5es de uma empresa de renome mundial na ind\u00fastria de vidros, de capital franc\u00eas, e que foi, por exemplo, uma das respons\u00e1veis pela constru\u00e7\u00e3o do Pal\u00e1cio de Versailles, na Fran\u00e7a, e que ostenta tradi\u00e7\u00e3o desde o s\u00e9culo XVII\u201d, ilustrou Jackson Barreto.<\/p>\n<p style=\"text-align: justify;\">Assim que decidiu investir na Am\u00e9rica Latina, a empresa escolheu inicialmente o Brasil, na d\u00e9cada de 1930 e, desde ent\u00e3o, vem ampliando sua participa\u00e7\u00e3o em diversos segmentos do mercado nacional. \u201cEsta \u00e9 uma ind\u00fastria que gerar\u00e1 empregos desde a sua constru\u00e7\u00e3o, onde ser\u00e3o contratados cerca de 500 funcion\u00e1rios e cerca de 200 empregos diretos quando do seu efetivo funcionamento, previsto para outubro de 2015\u201d, anunciou o governador em exerc\u00edcio.<\/p>\n<p style=\"text-align: justify;\">Outra constata\u00e7\u00e3o evidenciada por Jackson Barreto \u00e9 que a instala\u00e7\u00e3o da Verallia em Est\u00e2ncia atrair\u00e1 a demanda de diversas ind\u00fastrias de bebidas e alimentos nos estados vizinhos. \u201cEntre a Bahia, Alagoas e Pernambuco temos diversas ind\u00fastrias que v\u00e3o consumir as embalagens de vidro da empresa, a exemplo de ind\u00fastrias de bebidas e alimentos, al\u00e9m das ind\u00fastrias que j\u00e1 atuam em Sergipe. Isto dinamizar\u00e1 o potencial produtivo de toda a regi\u00e3o, j\u00e1 que uma cadeia ser\u00e1 formada tendo o vidro, que \u00e9 100% reaproveit\u00e1vel, como elemento principal\u201d, destacou.<\/p>\n<p style=\"text-align: justify;\">Jackson Barreto tamb\u00e9m elogiou o trabalho realizado pelos t\u00e9cnicos da Secretaria de Estado do Desenvolvimento Econ\u00f4mico, Ci\u00eancia e Tecnologia (Sedetec) e da Companhia de Desenvolvimento Industrial de Sergipe (Codise), que agilizaram todos os estudos e tratativas para viabilizar o empreendimento.<\/p>\n<p style=\"text-align: justify;\">\u201cEstamos muito felizes, pois vemos que o processo iniciou em outubro de 2012, em fevereiro de 2014 o terreno estar\u00e1 pronto para o in\u00edcio da constru\u00e7\u00e3o e em outubro de 2015 est\u00e1 previsto o in\u00edcio de opera\u00e7\u00e3o da f\u00e1brica. Esta \u00e9 uma demonstra\u00e7\u00e3o de que as provid\u00eancias est\u00e3o andando e os investidores conseguiram executar todos os pr\u00e9-requisitos num prazo relativamente curto. \u00c9 mais um momento de grande alegria para o nosso governo, dando cumprimento a uma das premissas definidas pelo governador Marcelo D\u00e9da em realizar uma agressiva pol\u00edtica de atra\u00e7\u00e3o de investimentos\u201d, registrou o governador em exerc\u00edcio.<\/p>\n<p style=\"text-align: justify;\"><strong>Efici\u00eancia<\/strong><\/p>\n<p style=\"text-align: justify;\">Justamente a din\u00e2mica das tratativas realizadas com o Governo do Estado foi um dos argumentos utilizados pela empresa, segundo o seu gerente Executivo para a escolha de Sergipe sediando a nova f\u00e1brica. \u201cA decis\u00e3o da Saint-Gobain era se instalar no Nordeste, que hoje apresenta um crescimento muito forte no Pa\u00eds, e n\u00f3s precis\u00e1vamos de uma unidade para participar desse processo de crescimento da regi\u00e3o, uma vez que nossas unidades est\u00e3o sediadas no Sudeste. A vantagem log\u00edstica de Sergipe, mais especificamente a regi\u00e3o de Est\u00e2ncia, apresentava todas as condi\u00e7\u00f5es de infraestrutura, acesso a mercados emergentes e desenvolvimento compat\u00edveis com o teor do nosso projeto, o que foi dinamizado com a receptividade que tivemos dos t\u00e9cnicos do Governo e da Prefeitura local\u201d, afirmou Roberto Luiz Correa.<\/p>\n<p style=\"text-align: justify;\">Ainda segundo o gerente, a empresa buscar\u00e1 envidar todos os esfor\u00e7os para manter a produ\u00e7\u00e3o, os n\u00edveis de empregos, responsabilidades social e ambiental, e o desenvolvimento previsto que integra a documenta\u00e7\u00e3o que foi formalizada para que pudesse contar com os incentivos fiscais oferecidos pelo Governo do Estado.<\/p>\n<p style=\"text-align: justify;\"><strong>Perspectivas<\/strong><\/p>\n<p style=\"text-align: justify;\">Para o prefeito de Est\u00e2ncia, Carlos Magno Garcia, esta \u00e9 uma realiza\u00e7\u00e3o que s\u00f3 amplia as perspectivas de desenvolvimento do munic\u00edpio. \u201cJunto com uma empresa deste porte, que trabalha com uma mat\u00e9ria prima 100% recicl\u00e1vel, vir\u00e3o diversas outras empresas que v\u00e3o gerar postos de trabalho e renda para a popula\u00e7\u00e3o de Est\u00e2ncia e toda a regi\u00e3o. Teremos uma ind\u00fastria que trabalha com excel\u00eancia nos seus padr\u00f5es ambientais e que, certamente, dar\u00e1 um impulso fundamental para um novo ciclo virtuoso para Est\u00e2ncia e todo o Centro-Sul sergipano. N\u00f3s, inclusive, j\u00e1 adquirimos um terreno pr\u00f3ximo \u00e0 nova unidade que ser\u00e1 doado \u00e0 Codise para que possa viabilizar esses novos empreendimentos\u201d, antecipou o prefeito, em rela\u00e7\u00e3o \u00e0s provid\u00eancias log\u00edsticas j\u00e1 adotadas para dinamizar a instala\u00e7\u00e3o do chamado polo vidreiro.<\/p>\n<p style=\"text-align: justify;\"><strong>Cadeia Produtiva e Tradi\u00e7\u00e3o<\/strong><\/p>\n<p style=\"text-align: justify;\">O secret\u00e1rio do Desenvolvimento Econ\u00f4mico, Saum\u00edneo Nascimento, destacou que esta empresa j\u00e1 chegar\u00e1 aliada com mais duas: uma recicladora, que vai trabalhar com cooperativas de catadores de vidro, e uma mineradora que fornecer\u00e1 a areia e outros materiais necess\u00e1rios \u00e0 industrializa\u00e7\u00e3o do vidro. \u201cEstas ser\u00e3o empresas que v\u00e3o gerar emprego, consumir energia, consumir g\u00e1s natural e fazer com que mais recursos sejam injetados na economia sergipana. Este \u00e9 o foco do nosso trabalho e pretendemos dinamiz\u00e1-lo ainda mais\u201d, enfatizou.<\/p>\n<p style=\"text-align: justify;\">J\u00e1 o empres\u00e1rio Ruy Vieira, destacou a import\u00e2ncia de ter um grupo sergipano associado a um grupo empresarial com cerca de 400 anos e presente em 64 pa\u00edses. \u201cN\u00f3s nos associamos a eles nessa planta de embalagens de vidro para atender \u00e0s ind\u00fastrias de bebidas e alimentos, ficando muito contentes, pois est\u00e1 sediada em Sergipe, ostentando toda essa tradi\u00e7\u00e3o. Aqui est\u00e3o nossas ra\u00edzes e nossa tradi\u00e7\u00e3o, justamente no munic\u00edpio de Est\u00e2ncia, que \u00e9 a terra dos meus ancestrais. Isso proporcionar\u00e1 desenvolvimento, gera\u00e7\u00e3o de emprego e renda; nos sentimos muito contentes em ajudar o Estado a alcan\u00e7ar outro patamar na amplia\u00e7\u00e3o do seu parque industrial gerando mais oportunidades para os sergipanos\u201d, sentenciou.<\/p>\n<p style=\"text-align: justify;\">Participaram do encontro, al\u00e9m dos executivos da empresa e representantes da Prefeitura de Est\u00e2ncia, os secret\u00e1rios de Estado da Comunica\u00e7\u00e3o, Carlos Cau\u00ea, o presidente da Codise, Roberto Bispo, o vice-prefeito de Est\u00e2ncia, Filadelfo Alexandre, assessores do Governo e representantes da imprensa sergipana.<\/p>\n<p style=\"text-align: justify;\"><em><strong>Da Ag\u00eancia Sergipe de Not\u00edcias<\/strong><\/em><\/p>\n","protected":false},"excerpt":{"rendered":"<p>&nbsp; Mais uma empresa de reconhecimento internacional que se incorpora \u00e0 fase mais importante na hist\u00f3ria do desenvolvimento industrial sergipano. Essa \u00e9 a constata\u00e7\u00e3o ap\u00f3s o an\u00fancio oficial dos investimentos e do cronograma de obras da nova f\u00e1brica Verallia, que \u00e9 a empresa fabricante de embalagens de vidro do grupo Saint-Gobain, que ser\u00e1 instalada no [&hellip;]<\/p>\n","protected":false},"author":1,"featured_media":51812,"comment_status":"closed","ping_status":"closed","sticky":false,"template":"","format":"standard","meta":{"footnotes":""},"categories":[310,6],"tags":[],"class_list":{"0":"post-51811","1":"post","2":"type-post","3":"status-publish","4":"format-standard","5":"has-post-thumbnail","7":"category-destaques-da-semana","8":"category-politica"},"_links":{"self":[{"href":"https:\/\/senoticias.com.br\/se\/wp-json\/wp\/v2\/posts\/51811"}],"collection":[{"href":"https:\/\/senoticias.com.br\/se\/wp-json\/wp\/v2\/posts"}],"about":[{"href":"https:\/\/senoticias.com.br\/se\/wp-json\/wp\/v2\/types\/post"}],"author":[{"embeddable":true,"href":"https:\/\/senoticias.com.br\/se\/wp-json\/wp\/v2\/users\/1"}],"replies":[{"embeddable":true,"href":"https:\/\/senoticias.com.br\/se\/wp-json\/wp\/v2\/comments?post=51811"}],"version-history":[{"count":0,"href":"https:\/\/senoticias.com.br\/se\/wp-json\/wp\/v2\/posts\/51811\/revisions"}],"wp:featuredmedia":[{"embeddable":true,"href":"https:\/\/senoticias.com.br\/se\/wp-json\/wp\/v2\/media\/51812"}],"wp:attachment":[{"href":"https:\/\/senoticias.com.br\/se\/wp-json\/wp\/v2\/media?parent=51811"}],"wp:term":[{"taxonomy":"category","embeddable":true,"href":"https:\/\/senoticias.com.br\/se\/wp-json\/wp\/v2\/categories?post=51811"},{"taxonomy":"post_tag","embeddable":true,"href":"https:\/\/senoticias.com.br\/se\/wp-json\/wp\/v2\/tags?post=51811"}],"curies":[{"name":"wp","href":"https:\/\/api.w.org\/{rel}","templated":true}]}}