{"id":51806,"date":"2013-08-21T20:22:19","date_gmt":"2013-08-21T23:22:19","guid":{"rendered":"http:\/\/senoticias.com.br\/se\/?p=51806"},"modified":"2013-08-21T20:22:19","modified_gmt":"2013-08-21T23:22:19","slug":"tce-condena-ex-gestor-de-divina-pastora-a-devolver-excesso-de-subsidio-pago-a-vice-prefeito","status":"publish","type":"post","link":"https:\/\/senoticias.com.br\/se\/tce-condena-ex-gestor-de-divina-pastora-a-devolver-excesso-de-subsidio-pago-a-vice-prefeito\/","title":{"rendered":"TCE condena ex-gestor de Divina Pastora a devolver excesso de subs\u00eddio pago a vice-prefeito"},"content":{"rendered":"<p>&nbsp;<\/p>\n<div id=\"attachment_51807\" style=\"width: 310px\" class=\"wp-caption alignright\"><a href=\"http:\/\/senoticias.com.br\/se\/wp-content\/uploads\/2013\/08\/415f6be93aa9afba3b84885b9de757e4.jpg\"><img loading=\"lazy\" decoding=\"async\" aria-describedby=\"caption-attachment-51807\" class=\"size-medium wp-image-51807\" alt=\" O conselheiro-relator, Ulices Andrade (Foto: Cleverton Ribeiro)\" src=\"http:\/\/senoticias.com.br\/se\/wp-content\/uploads\/2013\/08\/415f6be93aa9afba3b84885b9de757e4-300x241.jpg\" width=\"300\" height=\"241\" srcset=\"https:\/\/senoticias.com.br\/se\/wp-content\/uploads\/2013\/08\/415f6be93aa9afba3b84885b9de757e4-300x241.jpg 300w, https:\/\/senoticias.com.br\/se\/wp-content\/uploads\/2013\/08\/415f6be93aa9afba3b84885b9de757e4-342x274.jpg 342w, https:\/\/senoticias.com.br\/se\/wp-content\/uploads\/2013\/08\/415f6be93aa9afba3b84885b9de757e4.jpg 597w\" sizes=\"(max-width: 300px) 100vw, 300px\" \/><\/a><p id=\"caption-attachment-51807\" class=\"wp-caption-text\"><br \/>O conselheiro-relator, Ulices Andrade (Foto: Cleverton Ribeiro)<\/p><\/div>\n<p style=\"text-align: justify;\">Na sess\u00e3o da Segunda C\u00e2mara ocorrida na manh\u00e3 desta quarta-feira, 21, o Tribunal de Contas do Estado (TCE\/SE), decidiu pela irregularidade do per\u00edodo auditado de janeiro a dezembro de 2006 na Prefeitura Municipal de Divina Pastora, condenando o ex-gestor, Jos\u00e9 Carlos de Souza, a ressarcir aos cofres p\u00fablicos municipais o montante de R$ 6.624,00, referente ao excesso de pagamento de subs\u00eddio ao vice-prefeito \u00e0 \u00e9poca, impondo-lhe ainda multa administrativa no valor de R$ 2mil.<\/p>\n<p style=\"text-align: justify;\">Relatado pelo conselheiro Ulices Andrade, o processo TC \u2013 002087\/2007 trata do Relat\u00f3rio de Inspe\u00e7\u00e3o n\u00ba 16\/2007, resultante de auditoria realizada pela equipe t\u00e9cnica do Tribunal.<\/p>\n<p style=\"text-align: justify;\">Conforme o relator, em meio \u00e0s irregularidades n\u00e3o sanadas pela defesa do ent\u00e3o gestor, est\u00e1 a inexist\u00eancia de ato fixando os subs\u00eddios do Prefeito e do Vice-Prefeito, desde 2001, al\u00e9m do excesso de pagamento de subs\u00eddio ao vice-prefeito e de informa\u00e7\u00f5es inconsistentes para o c\u00e1lculo de subs\u00eddio no SISAP.<\/p>\n<p style=\"text-align: justify;\">Dentre outras falhas e\/ou irregularidades encontradas, tamb\u00e9m foi constatada a n\u00e3o apresenta\u00e7\u00e3o do Livro de Bens im\u00f3veis e a diverg\u00eancia de montante inventariado com o Balan\u00e7o Patrimonial 2006, bem como a car\u00eancia de mecanismos de controle de combust\u00edvel pela Prefeitura e a inefic\u00e1cia do Sistema de Controle Interno no Executivo.<\/p>\n<p style=\"text-align: justify;\">Outro aspecto do relat\u00f3rio diz respeito a despesas realizadas pelas contas do MDE e do FUNDEF e n\u00e3o consideradas no percentual da Educa\u00e7\u00e3o, nos valores de R$ 7.750,00 e R$ 6.840,00, respectivamente, ambas em desacordo com a Resolu\u00e7\u00e3o TC n\u00ba 209\/01.<\/p>\n<p style=\"text-align: justify;\">Nesse sentido, a decis\u00e3o determina tamb\u00e9m a reposi\u00e7\u00e3o pelo munic\u00edpio dos valores de R$ 7.750,00 e R$ 6.840,00 para as contas do MDE e do FUNDEF em um prazo m\u00e1ximo de 30 dias.<\/p>\n<p style=\"text-align: justify;\">Em seu voto o relator considera os pareceres da Auditoria e do Minist\u00e9rio P\u00fablico de Contas, que opinaram pela irregularidade do per\u00edodo inspecionado, com aplica\u00e7\u00e3o de multa e glosa ao gestor respons\u00e1vel.<\/p>\n<p style=\"text-align: justify;\"><strong>Servi\u00e7o<\/strong><\/p>\n<p style=\"text-align: justify;\">Processo TC \u2013 002087\/2007<br \/>\nOrigem 001309- Prefeitura Municipal de Divina Pastora<br \/>\nEsp\u00e9cie 057 \u2013 Relat\u00f3rio de Inspe\u00e7\u00e3o \u2013 Janeiro a Dezembro de 2006<br \/>\nInteressado Jos\u00e9 Carlos de Souza<br \/>\nAuditor Parecer n\u00ba 78\/2011 \u2013 Francisco Evanildo de Carvalho<br \/>\nProcurador Parecer n\u00ba 263\/2013 \u2013 Luis Alberto Meneses<br \/>\nRelator &#8211; Conselheiro Ulices de Andrade Filho<\/p>\n<p style=\"text-align: justify;\"><strong>Ascom TCE<\/strong><\/p>\n","protected":false},"excerpt":{"rendered":"<p>&nbsp; Na sess\u00e3o da Segunda C\u00e2mara ocorrida na manh\u00e3 desta quarta-feira, 21, o Tribunal de Contas do Estado (TCE\/SE), decidiu pela irregularidade do per\u00edodo auditado de janeiro a dezembro de 2006 na Prefeitura Municipal de Divina Pastora, condenando o ex-gestor, Jos\u00e9 Carlos de Souza, a ressarcir aos cofres p\u00fablicos municipais o montante de R$ 6.624,00, [&hellip;]<\/p>\n","protected":false},"author":1,"featured_media":51807,"comment_status":"closed","ping_status":"closed","sticky":false,"template":"","format":"standard","meta":{"footnotes":""},"categories":[6],"tags":[],"class_list":{"0":"post-51806","1":"post","2":"type-post","3":"status-publish","4":"format-standard","5":"has-post-thumbnail","7":"category-politica"},"_links":{"self":[{"href":"https:\/\/senoticias.com.br\/se\/wp-json\/wp\/v2\/posts\/51806"}],"collection":[{"href":"https:\/\/senoticias.com.br\/se\/wp-json\/wp\/v2\/posts"}],"about":[{"href":"https:\/\/senoticias.com.br\/se\/wp-json\/wp\/v2\/types\/post"}],"author":[{"embeddable":true,"href":"https:\/\/senoticias.com.br\/se\/wp-json\/wp\/v2\/users\/1"}],"replies":[{"embeddable":true,"href":"https:\/\/senoticias.com.br\/se\/wp-json\/wp\/v2\/comments?post=51806"}],"version-history":[{"count":0,"href":"https:\/\/senoticias.com.br\/se\/wp-json\/wp\/v2\/posts\/51806\/revisions"}],"wp:featuredmedia":[{"embeddable":true,"href":"https:\/\/senoticias.com.br\/se\/wp-json\/wp\/v2\/media\/51807"}],"wp:attachment":[{"href":"https:\/\/senoticias.com.br\/se\/wp-json\/wp\/v2\/media?parent=51806"}],"wp:term":[{"taxonomy":"category","embeddable":true,"href":"https:\/\/senoticias.com.br\/se\/wp-json\/wp\/v2\/categories?post=51806"},{"taxonomy":"post_tag","embeddable":true,"href":"https:\/\/senoticias.com.br\/se\/wp-json\/wp\/v2\/tags?post=51806"}],"curies":[{"name":"wp","href":"https:\/\/api.w.org\/{rel}","templated":true}]}}