{"id":51802,"date":"2013-08-21T15:06:20","date_gmt":"2013-08-21T18:06:20","guid":{"rendered":"http:\/\/senoticias.com.br\/se\/?p=51802"},"modified":"2013-08-22T11:26:04","modified_gmt":"2013-08-22T14:26:04","slug":"policia-recupera-tres-motocicletas-e-apreende-arma-de-fogo","status":"publish","type":"post","link":"https:\/\/senoticias.com.br\/se\/policia-recupera-tres-motocicletas-e-apreende-arma-de-fogo\/","title":{"rendered":"Pol\u00edcia recupera tr\u00eas motocicletas e apreende arma de fogo"},"content":{"rendered":"<p>&nbsp;<\/p>\n<div id=\"attachment_51803\" style=\"width: 310px\" class=\"wp-caption alignright\"><a href=\"http:\/\/senoticias.com.br\/se\/wp-content\/uploads\/2013\/08\/img5214fe6668708.jpg\"><img loading=\"lazy\" decoding=\"async\" aria-describedby=\"caption-attachment-51803\" class=\"size-medium wp-image-51803\" alt=\"Pol\u00edcia recupera tr\u00eas motocicletas e apreende arma de fogo. (Divulga\u00e7\u00e3oPM\/SE) \" src=\"http:\/\/senoticias.com.br\/se\/wp-content\/uploads\/2013\/08\/img5214fe6668708-300x225.jpg\" width=\"300\" height=\"225\" srcset=\"https:\/\/senoticias.com.br\/se\/wp-content\/uploads\/2013\/08\/img5214fe6668708-300x225.jpg 300w, https:\/\/senoticias.com.br\/se\/wp-content\/uploads\/2013\/08\/img5214fe6668708-342x256.jpg 342w, https:\/\/senoticias.com.br\/se\/wp-content\/uploads\/2013\/08\/img5214fe6668708-60x45.jpg 60w, https:\/\/senoticias.com.br\/se\/wp-content\/uploads\/2013\/08\/img5214fe6668708-150x113.jpg 150w, https:\/\/senoticias.com.br\/se\/wp-content\/uploads\/2013\/08\/img5214fe6668708-269x201.jpg 269w, https:\/\/senoticias.com.br\/se\/wp-content\/uploads\/2013\/08\/img5214fe6668708.jpg 640w\" sizes=\"(max-width: 300px) 100vw, 300px\" \/><\/a><p id=\"caption-attachment-51803\" class=\"wp-caption-text\">Pol\u00edcia recupera tr\u00eas motocicletas e apreende arma de fogo. (Divulga\u00e7\u00e3oPM\/SE)<\/p><\/div>\n<p style=\"text-align: justify;\">A Pol\u00edcia Militar de Sergipe, atrav\u00e9s do Grupamento Especial T\u00e1tico de Motos (GETAM), conseguiu recuperar na manh\u00e3 dessa quarta-feira, 20, tr\u00eas motocicletas e efetuou a pris\u00e3o de quatro homens em posse de uma arma de fogo, em ocorr\u00eancias registradas no Conjunto S\u00e3o Carlos e Lamar\u00e3o, respectivamente.<\/p>\n<p style=\"text-align: justify;\">As motocicletas foram recuperadas pela equipe do \u201cEscorpi\u00e3o 11\u201d, comanda pelo sargento Isaac e composta pelo cabo Costa e os soldados Eduardo Passos, Pedro Cerqueira e R\u00f4mulo, ap\u00f3s serem solicitados, via r\u00e1dio, a fim de averiguar a not\u00edcia de que duas motocicletas haviam sido roubadas naquele instante.<\/p>\n<p style=\"text-align: justify;\">Ap\u00f3s dilig\u00eancias pela localidade, nas proximidades da Travessa Maria Francisca Guedes, no conjunto S\u00e3o Carlos, os militares visualizaram uma motocicleta Honda CG de cor preta, dentro de uma resid\u00eancia. Ao se aproximarem do im\u00f3vel, os policiais perceberam que se tratava de uma das motos roubadas.<\/p>\n<p style=\"text-align: justify;\">Com a confirma\u00e7\u00e3o do flagrante, a equipe efetuou o procedimento de abordagem no interior do im\u00f3vel e encontrou a segunda motocicleta que havia sido roubada, uma Honda CB 300R. Ningu\u00e9m foi encontrado dentro da resid\u00eancia e at\u00e9 o momento ningu\u00e9m foi preso, mas j\u00e1 existem suspeitos.<\/p>\n<p style=\"text-align: justify;\">Nas proximidades da casa abordada, encontrava-se uma motoneta estacionada na cal\u00e7ada. De pronto, a equipe suspeitou do ve\u00edculo e de dois jovens que estavam pr\u00f3ximos do ve\u00edculo. Com isso foi realizada a abordagem e ao tentar descobrir o chassi, percebeu-se que ele estava com ind\u00edcios de falsifica\u00e7\u00e3o.<\/p>\n<p style=\"text-align: justify;\">Um dos jovens se apresentou como propriet\u00e1rio da motoneta, mas n\u00e3o apresentou documento pessoal e nem do ve\u00edculo. Ambos foram encaminhados \u00e0 Delegacia para identifica\u00e7\u00e3o, mas s\u00e3o os suspeitos de terem cometidos os assaltos. O caso foi encaminhado para a Delegacia de Roubos e Furtos de Ve\u00edculos.<\/p>\n<p style=\"text-align: justify;\">J\u00e1 a outra pris\u00e3o foi fruto de abordagens da equipe do \u201cEscorpi\u00e3o 51\u201d, comandada pelo sargento J. Sobrinho e composta pelo sargento Alfredo e os soldados Vieira, Mendon\u00e7a e Ricardo Melo. A guarni\u00e7\u00e3o fazia rondas e abordagens pelo bairro Lamar\u00e3o, tamb\u00e9m em busca da motocicleta recuperada pela equipe anterior, quando suspeitou de quatro homens que estavam dentro de um ve\u00edculo Volkswagen Gol, de cor vermelha.<\/p>\n<p style=\"text-align: justify;\">Os indiv\u00edduos do ve\u00edculo aparentavam estar nervosos com a presen\u00e7a do GETAM, com isso foi dado a ordem de parada e realizada a abordagem. Na cintura de um dos ocupantes do ve\u00edculo foi encontrado um rev\u00f3lver Taurus, calibre 38, com tr\u00eas muni\u00e7\u00f5es intactas. O preso que estava com a arma de fogo foi identificado como sendo Edvan Alves dos Santos, de 32 anos. Com os outros envolvidos n\u00e3o foi encontrado material il\u00edcito, mas todos foram encaminhados para a 3\u00aa Delegacia Metropolitana para a devida apura\u00e7\u00e3o.<\/p>\n<p style=\"text-align: justify;\"><em><strong>Da Assessoria de Comunica\u00e7\u00e3o da PM\/SE<\/strong><\/em><\/p>\n","protected":false},"excerpt":{"rendered":"<p>&nbsp; A Pol\u00edcia Militar de Sergipe, atrav\u00e9s do Grupamento Especial T\u00e1tico de Motos (GETAM), conseguiu recuperar na manh\u00e3 dessa quarta-feira, 20, tr\u00eas motocicletas e efetuou a pris\u00e3o de quatro homens em posse de uma arma de fogo, em ocorr\u00eancias registradas no Conjunto S\u00e3o Carlos e Lamar\u00e3o, respectivamente. As motocicletas foram recuperadas pela equipe do \u201cEscorpi\u00e3o [&hellip;]<\/p>\n","protected":false},"author":1,"featured_media":51803,"comment_status":"closed","ping_status":"closed","sticky":false,"template":"","format":"standard","meta":{"footnotes":""},"categories":[7],"tags":[],"class_list":{"0":"post-51802","1":"post","2":"type-post","3":"status-publish","4":"format-standard","5":"has-post-thumbnail","7":"category-policia"},"_links":{"self":[{"href":"https:\/\/senoticias.com.br\/se\/wp-json\/wp\/v2\/posts\/51802"}],"collection":[{"href":"https:\/\/senoticias.com.br\/se\/wp-json\/wp\/v2\/posts"}],"about":[{"href":"https:\/\/senoticias.com.br\/se\/wp-json\/wp\/v2\/types\/post"}],"author":[{"embeddable":true,"href":"https:\/\/senoticias.com.br\/se\/wp-json\/wp\/v2\/users\/1"}],"replies":[{"embeddable":true,"href":"https:\/\/senoticias.com.br\/se\/wp-json\/wp\/v2\/comments?post=51802"}],"version-history":[{"count":0,"href":"https:\/\/senoticias.com.br\/se\/wp-json\/wp\/v2\/posts\/51802\/revisions"}],"wp:featuredmedia":[{"embeddable":true,"href":"https:\/\/senoticias.com.br\/se\/wp-json\/wp\/v2\/media\/51803"}],"wp:attachment":[{"href":"https:\/\/senoticias.com.br\/se\/wp-json\/wp\/v2\/media?parent=51802"}],"wp:term":[{"taxonomy":"category","embeddable":true,"href":"https:\/\/senoticias.com.br\/se\/wp-json\/wp\/v2\/categories?post=51802"},{"taxonomy":"post_tag","embeddable":true,"href":"https:\/\/senoticias.com.br\/se\/wp-json\/wp\/v2\/tags?post=51802"}],"curies":[{"name":"wp","href":"https:\/\/api.w.org\/{rel}","templated":true}]}}