{"id":51798,"date":"2013-08-21T14:44:49","date_gmt":"2013-08-21T17:44:49","guid":{"rendered":"http:\/\/senoticias.com.br\/se\/?p=51798"},"modified":"2013-08-21T19:46:35","modified_gmt":"2013-08-21T22:46:35","slug":"gracinha-faz-reuniao-de-avaliacao-administrativa-e-destaca-avancos-nas-areas-sociais","status":"publish","type":"post","link":"https:\/\/senoticias.com.br\/se\/gracinha-faz-reuniao-de-avaliacao-administrativa-e-destaca-avancos-nas-areas-sociais\/","title":{"rendered":"Gracinha faz reuni\u00e3o de avalia\u00e7\u00e3o administrativa e destaca avan\u00e7os nas \u00e1reas sociais"},"content":{"rendered":"<p>&nbsp;<\/p>\n<p style=\"text-align: justify;\">A prefeita de Itaporanga D\u2019Ajuda, Maria das Gra\u00e7as (Gracinha), realizou nesta ter\u00e7a-feira (20) uma reuni\u00e3o para avaliar o desempenho de sua gest\u00e3o. Com a presen\u00e7a de todo o secretariado, a prefeita ouviu de cada secret\u00e1rio os avan\u00e7os e as dificuldades enfrentadas nos seis primeiros meses de administra\u00e7\u00e3o.<\/p>\n<div id=\"attachment_51800\" style=\"width: 604px\" class=\"wp-caption aligncenter\"><a href=\"http:\/\/senoticias.com.br\/se\/wp-content\/uploads\/2013\/08\/Reuni\u00e3o-I.jpg\"><img loading=\"lazy\" decoding=\"async\" aria-describedby=\"caption-attachment-51800\" class=\"size-full wp-image-51800\" alt=\" Gracinha faz reuni\u00e3o de avalia\u00e7\u00e3o administrativa e destaca avan\u00e7os nas \u00e1reas sociais. (Ascom\/PMI)\" src=\"http:\/\/senoticias.com.br\/se\/wp-content\/uploads\/2013\/08\/Reuni\u00e3o-I.jpg\" width=\"594\" height=\"394\" srcset=\"https:\/\/senoticias.com.br\/se\/wp-content\/uploads\/2013\/08\/Reuni\u00e3o-I.jpg 594w, https:\/\/senoticias.com.br\/se\/wp-content\/uploads\/2013\/08\/Reuni\u00e3o-I-300x198.jpg 300w, https:\/\/senoticias.com.br\/se\/wp-content\/uploads\/2013\/08\/Reuni\u00e3o-I-342x226.jpg 342w\" sizes=\"(max-width: 594px) 100vw, 594px\" \/><\/a><p id=\"caption-attachment-51800\" class=\"wp-caption-text\"><br \/>Gracinha faz reuni\u00e3o de avalia\u00e7\u00e3o administrativa e destaca avan\u00e7os nas \u00e1reas sociais. (Ascom\/PMI)<\/p><\/div>\n<p style=\"text-align: justify;\">Durante a reuni\u00e3o foram analisados os trabalhos desenvolvidos pelas secretarias de Sa\u00fade, Educa\u00e7\u00e3o, A\u00e7\u00e3o Social, Administra\u00e7\u00e3o, Governo, Controle Interno, Cultura e Turismo, Planejamento, Obras e Transportes, Agricultura, e Finan\u00e7as, al\u00e9m das Assessorias Jur\u00eddica e de Comunica\u00e7\u00e3o.<\/p>\n<p style=\"text-align: justify;\">A prefeita Gracinha avaliou positiva a reuni\u00e3o e fez um balan\u00e7o das principais a\u00e7\u00f5es da administra\u00e7\u00e3o \u2018Faz Mais Por Voc\u00ea\u2019. A prefeita observa que o principal desafio administrativo \u00e9 o de colocar as contas p\u00fablicas em ordem, o que j\u00e1 vem sendo feito pela nova gest\u00e3o.<\/p>\n<p style=\"text-align: justify;\">\u201cQuero parabenizar a todos os secret\u00e1rios por esta reuni\u00e3o que \u00e9 muito importante para o sucesso de nossa gest\u00e3o. Uma reuni\u00e3o que permitiu cada secret\u00e1rio explanar a realidade de sua pasta, as dificuldades encontradas e os avan\u00e7os nos primeiros seis meses do ano\u201d, destaca a prefeita Gracinha.<\/p>\n<p style=\"text-align: justify;\">A prefeita destacou ainda os esfor\u00e7os da administra\u00e7\u00e3o municipal para manter as contas p\u00fablicas em dia e avan\u00e7ar em \u00e1reas sociais, como sa\u00fade, educa\u00e7\u00e3o e assist\u00eancia social.<\/p>\n<p style=\"text-align: justify;\">\u201cNesses primeiros seis meses a nossa gest\u00e3o avan\u00e7ou bastante, principalmente nas \u00e1reas sociais. Na <strong>sa\u00fade<\/strong>, onde a lei obriga o gestor p\u00fablico a investir o m\u00ednimo de <strong>15%, j\u00e1 investimos 35%, ou seja, 20%<\/strong> a mais que o limite m\u00ednimo. J\u00e1 na <strong>educa\u00e7\u00e3o<\/strong>, onde a lei exige o investimento m\u00ednimo de <strong>25%, j\u00e1 ultrapassamos a casa dos 40%<\/strong>, o dobro do que a lei nos obriga. Tudo isso, gra\u00e7as ao esfor\u00e7o de toda a equipe que est\u00e1 comprometida com o social, com o bem-estar do nosso povo. Vamos continuar trabalhando para avan\u00e7armos ainda mais\u201d, enfatiza Gracinha.<\/p>\n<p style=\"text-align: justify;\">Estiveram na reuni\u00e3o, al\u00e9m da prefeita Gracinha, os secret\u00e1rios Rubens Murilo (Administra\u00e7\u00e3o), Elis\u00f4nia Lisboa (Sa\u00fade), Erivalda Santana (Finan\u00e7as), Doralice Alfano (Educa\u00e7\u00e3o), Thiago Luduvice (Governo), Railda Ara\u00fajo (Cultura), Ur\u00e2nia Silveira (Planejamento), C\u00e9sar de Beb\u00e9 (Agricultura), Maria de F\u00e1tima (Assist\u00eancia Social), Fausto Sobral (Obras), Ant\u00f4nio Peu (Controle Interno), Bruno Rocha (Assessoria Jur\u00eddica), e Paulo Sousa e Or\u00e1cio Oliveira (Assessoria de Comunica\u00e7\u00e3o).<\/p>\n<p style=\"text-align: justify;\"><strong>T.Dantas Comunica\u00e7\u00e3o e Marketing<\/strong><\/p>\n","protected":false},"excerpt":{"rendered":"<p>&nbsp; A prefeita de Itaporanga D\u2019Ajuda, Maria das Gra\u00e7as (Gracinha), realizou nesta ter\u00e7a-feira (20) uma reuni\u00e3o para avaliar o desempenho de sua gest\u00e3o. Com a presen\u00e7a de todo o secretariado, a prefeita ouviu de cada secret\u00e1rio os avan\u00e7os e as dificuldades enfrentadas nos seis primeiros meses de administra\u00e7\u00e3o. Durante a reuni\u00e3o foram analisados os trabalhos [&hellip;]<\/p>\n","protected":false},"author":1,"featured_media":51800,"comment_status":"closed","ping_status":"closed","sticky":false,"template":"","format":"standard","meta":{"footnotes":""},"categories":[38,6],"tags":[],"class_list":{"0":"post-51798","1":"post","2":"type-post","3":"status-publish","4":"format-standard","5":"has-post-thumbnail","7":"category-municipios","8":"category-politica"},"_links":{"self":[{"href":"https:\/\/senoticias.com.br\/se\/wp-json\/wp\/v2\/posts\/51798"}],"collection":[{"href":"https:\/\/senoticias.com.br\/se\/wp-json\/wp\/v2\/posts"}],"about":[{"href":"https:\/\/senoticias.com.br\/se\/wp-json\/wp\/v2\/types\/post"}],"author":[{"embeddable":true,"href":"https:\/\/senoticias.com.br\/se\/wp-json\/wp\/v2\/users\/1"}],"replies":[{"embeddable":true,"href":"https:\/\/senoticias.com.br\/se\/wp-json\/wp\/v2\/comments?post=51798"}],"version-history":[{"count":0,"href":"https:\/\/senoticias.com.br\/se\/wp-json\/wp\/v2\/posts\/51798\/revisions"}],"wp:featuredmedia":[{"embeddable":true,"href":"https:\/\/senoticias.com.br\/se\/wp-json\/wp\/v2\/media\/51800"}],"wp:attachment":[{"href":"https:\/\/senoticias.com.br\/se\/wp-json\/wp\/v2\/media?parent=51798"}],"wp:term":[{"taxonomy":"category","embeddable":true,"href":"https:\/\/senoticias.com.br\/se\/wp-json\/wp\/v2\/categories?post=51798"},{"taxonomy":"post_tag","embeddable":true,"href":"https:\/\/senoticias.com.br\/se\/wp-json\/wp\/v2\/tags?post=51798"}],"curies":[{"name":"wp","href":"https:\/\/api.w.org\/{rel}","templated":true}]}}