{"id":51649,"date":"2013-08-17T07:35:30","date_gmt":"2013-08-17T10:35:30","guid":{"rendered":"http:\/\/senoticias.com.br\/se\/?p=51649"},"modified":"2013-08-21T14:17:18","modified_gmt":"2013-08-21T17:17:18","slug":"sinalizacao-deficiente-em-trecho-de-obras-da-br-101-pode-ter-causado-acidente-com-duas-mortes","status":"publish","type":"post","link":"https:\/\/senoticias.com.br\/se\/sinalizacao-deficiente-em-trecho-de-obras-da-br-101-pode-ter-causado-acidente-com-duas-mortes\/","title":{"rendered":"Sinaliza\u00e7\u00e3o deficiente em obras da BR-101 pode ter causado acidente com duas mortes"},"content":{"rendered":"<p style=\"text-align: justify;\">O acidente ocorrido no final da tarde desta sexta-feira, 16, nas proximidades do Km 118 da BR 101, pr\u00f3ximo ao Povoado Minante em Itaporanga D\u00b4Ajuda, resultou em duas mortes. Al\u00e9m de Jos\u00e9 Milton Rodrigues, 45, a Pol\u00edcia Rodovi\u00e1ria Federal (PRF) informou sobre o falecimento de um outro trabalhador identificado como Diogo Augusto Koehler, 28.<\/p>\n<div id=\"attachment_51799\" style=\"width: 598px\" class=\"wp-caption aligncenter\"><a href=\"http:\/\/senoticias.com.br\/se\/wp-content\/uploads\/2013\/08\/20130513_162034.jpg\"><img loading=\"lazy\" decoding=\"async\" aria-describedby=\"caption-attachment-51799\" class=\"size-full wp-image-51799\" alt=\"Acidente em Itaporanga.(Foto: SE Not\u00edcias)\" src=\"http:\/\/senoticias.com.br\/se\/wp-content\/uploads\/2013\/08\/20130513_162034.jpg\" width=\"588\" height=\"441\" srcset=\"https:\/\/senoticias.com.br\/se\/wp-content\/uploads\/2013\/08\/20130513_162034.jpg 588w, https:\/\/senoticias.com.br\/se\/wp-content\/uploads\/2013\/08\/20130513_162034-300x225.jpg 300w, https:\/\/senoticias.com.br\/se\/wp-content\/uploads\/2013\/08\/20130513_162034-342x256.jpg 342w, https:\/\/senoticias.com.br\/se\/wp-content\/uploads\/2013\/08\/20130513_162034-60x45.jpg 60w, https:\/\/senoticias.com.br\/se\/wp-content\/uploads\/2013\/08\/20130513_162034-150x113.jpg 150w, https:\/\/senoticias.com.br\/se\/wp-content\/uploads\/2013\/08\/20130513_162034-269x201.jpg 269w\" sizes=\"(max-width: 588px) 100vw, 588px\" \/><\/a><p id=\"caption-attachment-51799\" class=\"wp-caption-text\">Acidente em Itaporanga.(Foto: SE Not\u00edcias)<\/p><\/div>\n<p style=\"text-align: justify;\">As v\u00edtimas trabalhavam na pista quando foram atropeladas por um ve\u00edculo hilux que capotou ap\u00f3s ter sofrido o impacto de uma colis\u00e3o causada por um caminh\u00e3o. Os ve\u00edculos seguiam no sentido Est\u00e2ncia. Outros dois trabalhadores ficaram feridos e foram encaminhados ao Hospital de Urg\u00eancias de Sergipe (Huse).<\/p>\n<p style=\"text-align: justify;\">De acordo com a PRF, o condutor do caminh\u00e3o evadiu-se do local. O condutor da Hilux, Ant\u00f4nio Neto do Nascimento, 48, sofreu escoria\u00e7\u00f5es e j\u00e1 se apresentou \u00e0 PRF.<\/p>\n<p>O problema pode ter sido causado pela falta de sinaliza\u00e7\u00e3o nas obras de duplica\u00e7\u00e3o entre as Cidades de S\u00e3o Crist\u00f3v\u00e3o e Est\u00e2ncia.<\/p>\n<p><span style=\"color: #888888;\"><strong>Com informa\u00e7\u00f5es da Infonet<\/strong><\/span><\/p>\n","protected":false},"excerpt":{"rendered":"<p>O acidente ocorrido no final da tarde desta sexta-feira, 16, nas proximidades do Km 118 da BR 101, pr\u00f3ximo ao Povoado Minante em Itaporanga D\u00b4Ajuda, resultou em duas mortes. Al\u00e9m de Jos\u00e9 Milton Rodrigues, 45, a Pol\u00edcia Rodovi\u00e1ria Federal (PRF) informou sobre o falecimento de um outro trabalhador identificado como Diogo Augusto Koehler, 28. As [&hellip;]<\/p>\n","protected":false},"author":1,"featured_media":51799,"comment_status":"closed","ping_status":"closed","sticky":false,"template":"","format":"standard","meta":{"footnotes":""},"categories":[38,1],"tags":[],"class_list":{"0":"post-51649","1":"post","2":"type-post","3":"status-publish","4":"format-standard","5":"has-post-thumbnail","7":"category-municipios","8":"category-sem-categoria"},"_links":{"self":[{"href":"https:\/\/senoticias.com.br\/se\/wp-json\/wp\/v2\/posts\/51649"}],"collection":[{"href":"https:\/\/senoticias.com.br\/se\/wp-json\/wp\/v2\/posts"}],"about":[{"href":"https:\/\/senoticias.com.br\/se\/wp-json\/wp\/v2\/types\/post"}],"author":[{"embeddable":true,"href":"https:\/\/senoticias.com.br\/se\/wp-json\/wp\/v2\/users\/1"}],"replies":[{"embeddable":true,"href":"https:\/\/senoticias.com.br\/se\/wp-json\/wp\/v2\/comments?post=51649"}],"version-history":[{"count":0,"href":"https:\/\/senoticias.com.br\/se\/wp-json\/wp\/v2\/posts\/51649\/revisions"}],"wp:featuredmedia":[{"embeddable":true,"href":"https:\/\/senoticias.com.br\/se\/wp-json\/wp\/v2\/media\/51799"}],"wp:attachment":[{"href":"https:\/\/senoticias.com.br\/se\/wp-json\/wp\/v2\/media?parent=51649"}],"wp:term":[{"taxonomy":"category","embeddable":true,"href":"https:\/\/senoticias.com.br\/se\/wp-json\/wp\/v2\/categories?post=51649"},{"taxonomy":"post_tag","embeddable":true,"href":"https:\/\/senoticias.com.br\/se\/wp-json\/wp\/v2\/tags?post=51649"}],"curies":[{"name":"wp","href":"https:\/\/api.w.org\/{rel}","templated":true}]}}