{"id":51645,"date":"2013-08-16T18:49:45","date_gmt":"2013-08-16T21:49:45","guid":{"rendered":"http:\/\/senoticias.com.br\/se\/?p=51645"},"modified":"2013-08-19T15:52:07","modified_gmt":"2013-08-19T18:52:07","slug":"itau-recebe-cobranca-de-r-187-bilhoes-da-receita-federal","status":"publish","type":"post","link":"https:\/\/senoticias.com.br\/se\/itau-recebe-cobranca-de-r-187-bilhoes-da-receita-federal\/","title":{"rendered":"Ita\u00fa recebe cobran\u00e7a de R$ 18,7 bilh\u00f5es da Receita Federal"},"content":{"rendered":"<p><span style=\"color: #808080;\"><em><strong>Aline Bronzati e Fernanda Guimar\u00e3es, da Ag\u00eancia Estado<\/strong><\/em><\/span><\/p>\n<p style=\"text-align: justify;\"><a href=\"http:\/\/senoticias.com.br\/se\/wp-content\/uploads\/2013\/08\/Ita\u00fa.jpg\"><img loading=\"lazy\" decoding=\"async\" class=\"alignright size-medium wp-image-51648\" alt=\"Ita\u00fa\" src=\"http:\/\/senoticias.com.br\/se\/wp-content\/uploads\/2013\/08\/Ita\u00fa-300x225.jpg\" width=\"300\" height=\"225\" srcset=\"https:\/\/senoticias.com.br\/se\/wp-content\/uploads\/2013\/08\/Ita\u00fa-300x225.jpg 300w, https:\/\/senoticias.com.br\/se\/wp-content\/uploads\/2013\/08\/Ita\u00fa-342x256.jpg 342w, https:\/\/senoticias.com.br\/se\/wp-content\/uploads\/2013\/08\/Ita\u00fa-60x45.jpg 60w, https:\/\/senoticias.com.br\/se\/wp-content\/uploads\/2013\/08\/Ita\u00fa-150x113.jpg 150w, https:\/\/senoticias.com.br\/se\/wp-content\/uploads\/2013\/08\/Ita\u00fa-269x201.jpg 269w, https:\/\/senoticias.com.br\/se\/wp-content\/uploads\/2013\/08\/Ita\u00fa.jpg 400w\" sizes=\"(max-width: 300px) 100vw, 300px\" \/><\/a>O Ita\u00fa Unibanco informou, por meio de comunicado ao mercado, que recebeu auto de infra\u00e7\u00e3o da Receita Federal com cobran\u00e7a de imposto de renda no valor de R$ 11,844 bilh\u00f5es, acrescido de mais R$ 6,867 bilh\u00f5es referentes a contribui\u00e7\u00e3o social sobre o lucro l\u00edquido, ambos acrescidos de multas e juros.<\/p>\n<p style=\"text-align: justify;\">A institui\u00e7\u00e3o, no entendimento da Receita, teria deixado de recolher os impostos no ano de 2008, na opera\u00e7\u00e3o de associa\u00e7\u00e3o com o Unibanco.<\/p>\n<p style=\"text-align: justify;\">A despesa total cobrada do banco \u00e9 de R$ 18,7 bilh\u00f5es, quase tr\u00eas vezes maior que o lucro semestral de R$ 7 bilh\u00f5es divulgado h\u00e1 poucos dias.<\/p>\n<p style=\"text-align: justify;\">A Receita, conforme comunicado do banco, discorda da forma societ\u00e1ria adotada para unificar as opera\u00e7\u00f5es com o Unibanco e sugere, no auto de infra\u00e7\u00e3o enviado em 25 de junho \u00faltimo, que deveriam ter sido feitas opera\u00e7\u00f5es societ\u00e1rias de natureza diversa, que teriam gerado um ganho tribut\u00e1vel.<\/p>\n<p style=\"text-align: justify;\">No entanto, a opera\u00e7\u00e3o, sugerida pela Receita, n\u00e3o encontra, de acordo com o Ita\u00fa, respaldo nas normas aplic\u00e1veis \u00e0s institui\u00e7\u00f5es financeiras.<\/p>\n<p style=\"text-align: justify;\">O Ita\u00fa Unibanco informa que contestou o auto de infra\u00e7\u00e3o uma vez que considera que as opera\u00e7\u00f5es realizadas foram apropriadas.<\/p>\n<p style=\"text-align: justify;\">&#8220;\u00c9 descabido, portanto, o entendimento da receita federal de que houve ganho tribut\u00e1vel. A companhia considera remoto o risco de perda no procedimento fiscal em refer\u00eancia, entendimento esse corroborado por seus advogados e assessores externos&#8221;, destaca a institui\u00e7\u00e3o, no documento.<\/p>\n<p style=\"text-align: justify;\">Al\u00e9m disso, o Ita\u00fa &#8220;reafirma&#8221; que as opera\u00e7\u00f5es feitas em 2008 foram &#8220;leg\u00edtimas&#8221;, aprovadas pelos \u00f3rg\u00e3os da administra\u00e7\u00e3o das empresas envolvidas e seus respectivos acionistas, e posteriormente sancionadas pelas autoridades competentes, tais como a Comiss\u00e3o de Valores Mobili\u00e1rios (CVM), Banco Central (BC) e Conselho Administrativo de Defesa Econ\u00f4mica (CADE).<\/p>\n<p style=\"text-align: justify;\">A institui\u00e7\u00e3o tamb\u00e9m informa que &#8220;continuar\u00e1 tomando todas as medidas necess\u00e1rias \u00e0 defesa de seus interesses e de seus acionistas&#8221;.<\/p>\n<p style=\"text-align: justify;\">&#8220;Por fim, a companhia compromete-se a manter seus acionistas e o mercado informados acerca do desfecho desse procedimento fiscal, em linha com seu compromisso de transpar\u00eancia com os acionistas&#8221;, conclui o Ita\u00fa, em comunicado.<\/p>\n<p style=\"text-align: justify;\">O Ita\u00fa informou, por meio de sua assessoria de imprensa, que vai se limitar ao comunicado enviado ao mercado. H\u00e1 pouco a a\u00e7\u00e3o PN do Ita\u00fa recuava 1,81%.<\/p>\n","protected":false},"excerpt":{"rendered":"<p>Aline Bronzati e Fernanda Guimar\u00e3es, da Ag\u00eancia Estado O Ita\u00fa Unibanco informou, por meio de comunicado ao mercado, que recebeu auto de infra\u00e7\u00e3o da Receita Federal com cobran\u00e7a de imposto de renda no valor de R$ 11,844 bilh\u00f5es, acrescido de mais R$ 6,867 bilh\u00f5es referentes a contribui\u00e7\u00e3o social sobre o lucro l\u00edquido, ambos acrescidos de [&hellip;]<\/p>\n","protected":false},"author":1,"featured_media":51648,"comment_status":"closed","ping_status":"closed","sticky":false,"template":"","format":"standard","meta":{"footnotes":""},"categories":[310],"tags":[],"class_list":{"0":"post-51645","1":"post","2":"type-post","3":"status-publish","4":"format-standard","5":"has-post-thumbnail","7":"category-destaques-da-semana"},"_links":{"self":[{"href":"https:\/\/senoticias.com.br\/se\/wp-json\/wp\/v2\/posts\/51645"}],"collection":[{"href":"https:\/\/senoticias.com.br\/se\/wp-json\/wp\/v2\/posts"}],"about":[{"href":"https:\/\/senoticias.com.br\/se\/wp-json\/wp\/v2\/types\/post"}],"author":[{"embeddable":true,"href":"https:\/\/senoticias.com.br\/se\/wp-json\/wp\/v2\/users\/1"}],"replies":[{"embeddable":true,"href":"https:\/\/senoticias.com.br\/se\/wp-json\/wp\/v2\/comments?post=51645"}],"version-history":[{"count":0,"href":"https:\/\/senoticias.com.br\/se\/wp-json\/wp\/v2\/posts\/51645\/revisions"}],"wp:featuredmedia":[{"embeddable":true,"href":"https:\/\/senoticias.com.br\/se\/wp-json\/wp\/v2\/media\/51648"}],"wp:attachment":[{"href":"https:\/\/senoticias.com.br\/se\/wp-json\/wp\/v2\/media?parent=51645"}],"wp:term":[{"taxonomy":"category","embeddable":true,"href":"https:\/\/senoticias.com.br\/se\/wp-json\/wp\/v2\/categories?post=51645"},{"taxonomy":"post_tag","embeddable":true,"href":"https:\/\/senoticias.com.br\/se\/wp-json\/wp\/v2\/tags?post=51645"}],"curies":[{"name":"wp","href":"https:\/\/api.w.org\/{rel}","templated":true}]}}