{"id":51642,"date":"2013-08-16T18:36:09","date_gmt":"2013-08-16T21:36:09","guid":{"rendered":"http:\/\/senoticias.com.br\/se\/?p=51642"},"modified":"2013-08-19T21:58:01","modified_gmt":"2013-08-20T00:58:01","slug":"justica-do-trabalho-divulga-lista-com-100-maiores-devedores-de-sergipe","status":"publish","type":"post","link":"https:\/\/senoticias.com.br\/se\/justica-do-trabalho-divulga-lista-com-100-maiores-devedores-de-sergipe\/","title":{"rendered":"Justi\u00e7a do Trabalho divulga lista com 100 maiores devedores de Sergipe"},"content":{"rendered":"<div id=\"attachment_51643\" style=\"width: 310px\" class=\"wp-caption alignright\"><a href=\"http:\/\/senoticias.com.br\/se\/wp-content\/uploads\/2013\/08\/grande-trt20_221009.jpg\"><img loading=\"lazy\" decoding=\"async\" aria-describedby=\"caption-attachment-51643\" class=\"size-medium wp-image-51643\" alt=\" Tribunal Regional do Trabalho da 20\u00aa Regi\u00e3o (Foto: Arquivo Portal Infonet)\" src=\"http:\/\/senoticias.com.br\/se\/wp-content\/uploads\/2013\/08\/grande-trt20_221009-300x199.jpg\" width=\"300\" height=\"199\" srcset=\"https:\/\/senoticias.com.br\/se\/wp-content\/uploads\/2013\/08\/grande-trt20_221009-300x199.jpg 300w, https:\/\/senoticias.com.br\/se\/wp-content\/uploads\/2013\/08\/grande-trt20_221009-342x227.jpg 342w, https:\/\/senoticias.com.br\/se\/wp-content\/uploads\/2013\/08\/grande-trt20_221009.jpg 700w\" sizes=\"(max-width: 300px) 100vw, 300px\" \/><\/a><p id=\"caption-attachment-51643\" class=\"wp-caption-text\"><br \/>Tribunal Regional do Trabalho da 20\u00aa Regi\u00e3o (Foto: Arquivo Portal Infonet)<\/p><\/div>\n<p style=\"text-align: justify;\">O Tribunal Regional do Trabalho divulga a lista dos 100 maiores devedores em Sergipe, a\u00e7\u00e3o que faz parte da prepara\u00e7\u00e3o do TRT para a 3\u00aa Semana Nacional de Execu\u00e7\u00e3o Trabalhista. Segundo o presidente do TST e CSJT, ministro Carlos Alberto Reis de Paula, o objetivo da Semana Nacional de Execu\u00e7\u00e3o Trabalhista \u00e9 tornar efetivas as decis\u00f5es da Justi\u00e7a.<\/p>\n<p style=\"text-align: justify;\">A lista \u00e9 feita com base no Banco Nacional de Devedores Trabalhistas (BNDT), criado a partir da Certid\u00e3o Nacional de D\u00e9bitos Trabalhistas, pela Lei 12.440\/2011, banco de dados que re\u00fane informa\u00e7\u00f5es necess\u00e1rias \u00e0 identifica\u00e7\u00e3o de pessoas f\u00edsicas e jur\u00eddicas inadimplentes perante a Justi\u00e7a do Trabalho.<\/p>\n<p style=\"text-align: justify;\">Da an\u00e1lise da lista verifica-se que 70% dos devedores s\u00e3o empresas da constru\u00e7\u00e3o civil, de transporte, de vigil\u00e2ncia, prefeituras, \u00f3rg\u00e3os estaduais e organiza\u00e7\u00f5es da \u00e1rea de sa\u00fade.<\/p>\n<p style=\"text-align: justify;\"><strong>Clique <a href=\" http:\/\/www.trt20.jus.br\/documentos\/ascom\/CNDTTOP100_TRT20.pdf\" target=\"_blank\">aqui<\/a> para ver a lista de devedores.<\/strong><\/p>\n<p style=\"text-align: justify;\">Tribunal Regional do Trabalho da 20\u00aa Regi\u00e3o &#8211; Sergipe<\/p>\n","protected":false},"excerpt":{"rendered":"<p>O Tribunal Regional do Trabalho divulga a lista dos 100 maiores devedores em Sergipe, a\u00e7\u00e3o que faz parte da prepara\u00e7\u00e3o do TRT para a 3\u00aa Semana Nacional de Execu\u00e7\u00e3o Trabalhista. Segundo o presidente do TST e CSJT, ministro Carlos Alberto Reis de Paula, o objetivo da Semana Nacional de Execu\u00e7\u00e3o Trabalhista \u00e9 tornar efetivas as [&hellip;]<\/p>\n","protected":false},"author":1,"featured_media":51643,"comment_status":"closed","ping_status":"closed","sticky":false,"template":"","format":"standard","meta":{"footnotes":""},"categories":[15,310,43],"tags":[],"class_list":{"0":"post-51642","1":"post","2":"type-post","3":"status-publish","4":"format-standard","5":"has-post-thumbnail","7":"category-destaques","8":"category-destaques-da-semana","9":"category-voce-reporter"},"_links":{"self":[{"href":"https:\/\/senoticias.com.br\/se\/wp-json\/wp\/v2\/posts\/51642"}],"collection":[{"href":"https:\/\/senoticias.com.br\/se\/wp-json\/wp\/v2\/posts"}],"about":[{"href":"https:\/\/senoticias.com.br\/se\/wp-json\/wp\/v2\/types\/post"}],"author":[{"embeddable":true,"href":"https:\/\/senoticias.com.br\/se\/wp-json\/wp\/v2\/users\/1"}],"replies":[{"embeddable":true,"href":"https:\/\/senoticias.com.br\/se\/wp-json\/wp\/v2\/comments?post=51642"}],"version-history":[{"count":0,"href":"https:\/\/senoticias.com.br\/se\/wp-json\/wp\/v2\/posts\/51642\/revisions"}],"wp:featuredmedia":[{"embeddable":true,"href":"https:\/\/senoticias.com.br\/se\/wp-json\/wp\/v2\/media\/51643"}],"wp:attachment":[{"href":"https:\/\/senoticias.com.br\/se\/wp-json\/wp\/v2\/media?parent=51642"}],"wp:term":[{"taxonomy":"category","embeddable":true,"href":"https:\/\/senoticias.com.br\/se\/wp-json\/wp\/v2\/categories?post=51642"},{"taxonomy":"post_tag","embeddable":true,"href":"https:\/\/senoticias.com.br\/se\/wp-json\/wp\/v2\/tags?post=51642"}],"curies":[{"name":"wp","href":"https:\/\/api.w.org\/{rel}","templated":true}]}}