{"id":51640,"date":"2013-08-16T18:24:58","date_gmt":"2013-08-16T21:24:58","guid":{"rendered":"http:\/\/senoticias.com.br\/se\/?p=51640"},"modified":"2013-08-16T18:31:19","modified_gmt":"2013-08-16T21:31:19","slug":"jackson-inaugura-rodovia-em-poco-redondo-e-assina-ordem-de-servico-para-reforma-da-escola-murilo-braga-em-itabaiana","status":"publish","type":"post","link":"https:\/\/senoticias.com.br\/se\/jackson-inaugura-rodovia-em-poco-redondo-e-assina-ordem-de-servico-para-reforma-da-escola-murilo-braga-em-itabaiana\/","title":{"rendered":"Jackson inaugura rodovia em Po\u00e7o Redondo e assina ordem de servi\u00e7o para reforma da escola Murilo Braga em Itabaiana"},"content":{"rendered":"<p>&nbsp;<\/p>\n<div id=\"attachment_49032\" style=\"width: 310px\" class=\"wp-caption alignright\"><a href=\"http:\/\/senoticias.com.br\/se\/wp-content\/uploads\/2013\/06\/20121106GovJacksonReuniaoProlProinvest40.jpg\"><img loading=\"lazy\" decoding=\"async\" aria-describedby=\"caption-attachment-49032\" class=\"size-medium wp-image-49032\" alt=\"O governador em exerc\u00edcio Jackson Barreto \/ Foto: Marcos Rodrigues\/ASN\" src=\"http:\/\/senoticias.com.br\/se\/wp-content\/uploads\/2013\/06\/20121106GovJacksonReuniaoProlProinvest40-300x200.jpg\" width=\"300\" height=\"200\" srcset=\"https:\/\/senoticias.com.br\/se\/wp-content\/uploads\/2013\/06\/20121106GovJacksonReuniaoProlProinvest40-300x200.jpg 300w, https:\/\/senoticias.com.br\/se\/wp-content\/uploads\/2013\/06\/20121106GovJacksonReuniaoProlProinvest40-342x228.jpg 342w, https:\/\/senoticias.com.br\/se\/wp-content\/uploads\/2013\/06\/20121106GovJacksonReuniaoProlProinvest40.jpg 780w\" sizes=\"(max-width: 300px) 100vw, 300px\" \/><\/a><p id=\"caption-attachment-49032\" class=\"wp-caption-text\">O governador em exerc\u00edcio Jackson Barreto \/ Foto: Marcos Rodrigues\/ASN<\/p><\/div>\n<p style=\"text-align: justify;\">A Rodovia inicia no entroncamento da SE-230 (Povoado S\u00edtios Novos), passa pelo Povoado Santa Rosa do Erm\u00edrio e segue at\u00e9 a divisa SE\/BA, passando pr\u00f3ximo \u00e0 Serra da Guia, complementando a Rota do Sert\u00e3o.<\/p>\n<p style=\"text-align: justify;\">Os benefici\u00e1rios das SE-315 e SE-407 ser\u00e3o, principalmente, os moradores do Povoado Santa Rosa do Erm\u00edrio, mais importante povoado do munic\u00edpio de Po\u00e7o Redondo, j\u00e1 que as rodovias facilitar\u00e3o o acesso \u00e0 sede do munic\u00edpio e ao resto do estado. Anteriormente, os moradores deste povoado tinham que percorrer 18,6km de estrada de terra at\u00e9 atingirem a SE-230, na altura de S\u00edtios Novos para de l\u00e1 poderem seguir viagem em via asfaltada.<\/p>\n<p style=\"text-align: justify;\">Este \u00e9 um resgate de um compromisso assumido pelo governador Marcelo D\u00e9da com a comunidade de Po\u00e7o Redondo e de Santa Rosa do Erm\u00edrio, representando o empenho do Governo do Estado nos investimentos estruturantes no sert\u00e3o sergipano. Com esta e outras rodovias que est\u00e3o sendo constru\u00eddas, associadas \u00e0 Rota do Sert\u00e3o, o Governo do Estado est\u00e1 criando novos eixos que permitem a locomo\u00e7\u00e3o da popula\u00e7\u00e3o e o escoamento da produ\u00e7\u00e3o agr\u00edcola com comodidade e seguran\u00e7a.<\/p>\n<p style=\"text-align: justify;\"><strong>Solenidade em Itabaiana<\/strong><\/p>\n<p style=\"text-align: justify;\">No per\u00edodo da tarde, Jackson visitou as obras de 400 casas que est\u00e3o sendo erguidas no Povoado Queimadas, em Itabaiana, munic\u00edpio distante 56 km da capital. Em seguida, o governador do Estado em exerc\u00edcio realizou visita \u00e0 \u00e1rea do Gin\u00e1sio de Esportes da localidade. Na sequ\u00eancia, Jackson promoveu visita \u00e0s instala\u00e7\u00f5es do Hospital Regional de Itabaiana, Dr. Pedro Garcia Moreno Filho, que segue em fase final de reforma e amplia\u00e7\u00e3o. Depois, Jackson visitou o Instituto de M\u00fasica da cidade serrana.<\/p>\n<p style=\"text-align: justify;\">Preocupado em garantir a qualidade do ensino aos jovens estudantes itabaianenses, Jackson Barreto realizou a assinatura da ordem de servi\u00e7o para a reforma e amplia\u00e7\u00e3o do maior polo educacional da regi\u00e3o: o Col\u00e9gio Estadual Murilo Braga, que est\u00e1 localizado no Centro da cidade. A interven\u00e7\u00e3o ir\u00e1 permitir a oferta de cursos profissionalizantes. No Murilo Braga, ser\u00e3o trabalhados os eixos tecnol\u00f3gicos &#8216;Produ\u00e7\u00e3o Industrial&#8217; e &#8216;Informa\u00e7\u00e3o e Comunica\u00e7\u00e3o&#8217;, com a oferta dos cursos profissionalizantes em M\u00f3veis e Rede de Computadores.<\/p>\n<p style=\"text-align: justify;\">Os recursos ir\u00e3o viabilizar novos laborat\u00f3rios de redes, inform\u00e1tica com programas espec\u00edficos, ensaios mec\u00e2nicos e processos de fabrica\u00e7\u00e3o moveleira, al\u00e9m de uma biblioteca com acervo espec\u00edfico e atualizado. O gin\u00e1sio e a quadra coberta que integram o Col\u00e9gio tamb\u00e9m ser\u00e3o reformados. A interven\u00e7\u00e3o tem como principais objetivos melhorar as condi\u00e7\u00f5es locais para o crescimento das empresas\/empreendimentos, contribuir para aumentar o emprego e a renda local e aproveitar a expertise da regi\u00e3o em termos de Mercado e produ\u00e7\u00e3o industrial.<\/p>\n<p style=\"text-align: justify;\">Dentre as principais interven\u00e7\u00f5es est\u00e1 a revis\u00e3o da cobertura em todo pr\u00e9dio, das instala\u00e7\u00f5es de pontos el\u00e9tricas e das instala\u00e7\u00f5es de pontos hidrossanit\u00e1rias; instala\u00e7\u00e3o de equipamentos de combate a inc\u00eandio; execu\u00e7\u00e3o de forro de pvc; execu\u00e7\u00e3o de piso de alta resist\u00eancia; coloca\u00e7\u00e3o de grade de ferro; execu\u00e7\u00e3o do polimento e enceramento do piso alta resist\u00eancia existente e\/ou novo; execu\u00e7\u00e3o de piso e revestimento cer\u00e2mico; pavimenta\u00e7\u00e3o da \u00e1rea interna e \u00e1rea externa; execu\u00e7\u00e3o de urbaniza\u00e7\u00e3o; coloca\u00e7\u00e3o do quadro escolar; execu\u00e7\u00e3o da reforma do gin\u00e1sio; execu\u00e7\u00e3o de toda drenagem da escola; pintura em geral; execu\u00e7\u00e3o do p\u00f3rtico padr\u00e3o Seed; demoli\u00e7\u00e3o e amplia\u00e7\u00e3o do muro da frente e lateral; e reforma do muro da lateral e fundo. Foram investidos R$5.097 milh\u00f5es, (Federais: R$ 4.068 milh\u00f5es; Estaduais: R$ 1.028.milh\u00f5es.<\/p>\n<p style=\"text-align: justify;\">Encerrando a agenda, Jackson realizou na C\u00e2mara de Dirigentes Lojistas de Itabaiana (CDL), no Centro, a assinatura de contratos com 15 empresas do setor industrial para implanta\u00e7\u00e3o de suas plantas no Distrito Industrial de Itabaiana. Um conjunto de investimentos diversificado com atua\u00e7\u00e3o nos ramos de alimentos, embalagens, esquadrias de metal e de madeira, estruturas met\u00e1licas, pe\u00e7as e assess\u00f3rios para caminh\u00f5es, artefatos de cimento, bijuterias e j\u00f3ias.<\/p>\n<p style=\"text-align: justify;\">Os investimentos previstos ap\u00f3s a instala\u00e7\u00e3o dessas 15 empresas somam R$ 11,43 milh\u00f5es, e a gera\u00e7\u00e3o esperada de empregos totaliza 236 postos de trabalho.<\/p>\n<p style=\"text-align: justify;\">O Distrito Industrial de Itabaiana tem 150 hectares distribu\u00eddos em 65 lotes. Al\u00e9m das 15 empresas que ser\u00e3o instaladas a partir dos contratos assinados na presente solenidade, 5 empresas j\u00e1 se encontram implantadas e 03 em implanta\u00e7\u00e3o. Oito empresas j\u00e1 t\u00eam libera\u00e7\u00e3o para se instalarem e mais 05 est\u00e3o com o processo de libera\u00e7\u00e3o dos lotes em de an\u00e1lise. Ao todo s\u00e3o 36 empresas, cujos investimentos poder\u00e3o alcan\u00e7ar R$ 26,25 milh\u00f5es e gerar 629 empregos.<\/p>\n<p style=\"text-align: justify;\"><em><strong>Secretaria de Estado da Comunica\u00e7\u00e3o Social<\/strong><\/em><br \/>\n<em><strong> Governo de Sergipe<\/strong><\/em><\/p>\n","protected":false},"excerpt":{"rendered":"<p>&nbsp; A Rodovia inicia no entroncamento da SE-230 (Povoado S\u00edtios Novos), passa pelo Povoado Santa Rosa do Erm\u00edrio e segue at\u00e9 a divisa SE\/BA, passando pr\u00f3ximo \u00e0 Serra da Guia, complementando a Rota do Sert\u00e3o. Os benefici\u00e1rios das SE-315 e SE-407 ser\u00e3o, principalmente, os moradores do Povoado Santa Rosa do Erm\u00edrio, mais importante povoado do [&hellip;]<\/p>\n","protected":false},"author":2,"featured_media":49032,"comment_status":"closed","ping_status":"closed","sticky":false,"template":"","format":"standard","meta":{"footnotes":""},"categories":[6,1],"tags":[],"class_list":{"0":"post-51640","1":"post","2":"type-post","3":"status-publish","4":"format-standard","5":"has-post-thumbnail","7":"category-politica","8":"category-sem-categoria"},"_links":{"self":[{"href":"https:\/\/senoticias.com.br\/se\/wp-json\/wp\/v2\/posts\/51640"}],"collection":[{"href":"https:\/\/senoticias.com.br\/se\/wp-json\/wp\/v2\/posts"}],"about":[{"href":"https:\/\/senoticias.com.br\/se\/wp-json\/wp\/v2\/types\/post"}],"author":[{"embeddable":true,"href":"https:\/\/senoticias.com.br\/se\/wp-json\/wp\/v2\/users\/2"}],"replies":[{"embeddable":true,"href":"https:\/\/senoticias.com.br\/se\/wp-json\/wp\/v2\/comments?post=51640"}],"version-history":[{"count":0,"href":"https:\/\/senoticias.com.br\/se\/wp-json\/wp\/v2\/posts\/51640\/revisions"}],"wp:featuredmedia":[{"embeddable":true,"href":"https:\/\/senoticias.com.br\/se\/wp-json\/wp\/v2\/media\/49032"}],"wp:attachment":[{"href":"https:\/\/senoticias.com.br\/se\/wp-json\/wp\/v2\/media?parent=51640"}],"wp:term":[{"taxonomy":"category","embeddable":true,"href":"https:\/\/senoticias.com.br\/se\/wp-json\/wp\/v2\/categories?post=51640"},{"taxonomy":"post_tag","embeddable":true,"href":"https:\/\/senoticias.com.br\/se\/wp-json\/wp\/v2\/tags?post=51640"}],"curies":[{"name":"wp","href":"https:\/\/api.w.org\/{rel}","templated":true}]}}