{"id":51246,"date":"2013-08-06T18:14:24","date_gmt":"2013-08-06T21:14:24","guid":{"rendered":"http:\/\/senoticias.com.br\/se\/?p=51246"},"modified":"2013-08-06T18:14:24","modified_gmt":"2013-08-06T21:14:24","slug":"jackson-discute-celeridade-nas-acoes-do-proinveste-com-secretarios","status":"publish","type":"post","link":"https:\/\/senoticias.com.br\/se\/jackson-discute-celeridade-nas-acoes-do-proinveste-com-secretarios\/","title":{"rendered":"Jackson discute celeridade nas a\u00e7\u00f5es do Proinveste com secret\u00e1rios"},"content":{"rendered":"<p>&nbsp;<\/p>\n<div id=\"attachment_51247\" style=\"width: 310px\" class=\"wp-caption alignright\"><a href=\"http:\/\/senoticias.com.br\/se\/wp-content\/uploads\/2013\/08\/20130806GovJacksonAcoesdoPROINVESTE5.jpg\"><img loading=\"lazy\" decoding=\"async\" aria-describedby=\"caption-attachment-51247\" class=\"size-medium wp-image-51247\" alt=\" As regras para utiliza\u00e7\u00e3o do recurso, as obras que ter\u00e3o prioridade, as licita\u00e7\u00f5es e pend\u00eancias para a realiza\u00e7\u00e3o foram os principais t\u00f3picos discutidos. (Foto: Marcos Rodrigues\/ASN)\" src=\"http:\/\/senoticias.com.br\/se\/wp-content\/uploads\/2013\/08\/20130806GovJacksonAcoesdoPROINVESTE5-300x185.jpg\" width=\"300\" height=\"185\" srcset=\"https:\/\/senoticias.com.br\/se\/wp-content\/uploads\/2013\/08\/20130806GovJacksonAcoesdoPROINVESTE5-300x185.jpg 300w, https:\/\/senoticias.com.br\/se\/wp-content\/uploads\/2013\/08\/20130806GovJacksonAcoesdoPROINVESTE5-342x211.jpg 342w, https:\/\/senoticias.com.br\/se\/wp-content\/uploads\/2013\/08\/20130806GovJacksonAcoesdoPROINVESTE5.jpg 468w\" sizes=\"(max-width: 300px) 100vw, 300px\" \/><\/a><p id=\"caption-attachment-51247\" class=\"wp-caption-text\"><br \/>As regras para utiliza\u00e7\u00e3o do recurso, as obras que ter\u00e3o prioridade, as licita\u00e7\u00f5es e pend\u00eancias para a realiza\u00e7\u00e3o foram os principais t\u00f3picos discutidos. (Foto: Marcos Rodrigues\/ASN)<\/p><\/div>\n<p style=\"text-align: justify;\">O governador em exerc\u00edcio Jackson Barreto se reuniu nesta ter\u00e7a-feira, 6, com os secret\u00e1rios de Estado da Infraestrutura, Valmor Barbosa, do Meio Ambiente, Genival Nunes, interino da Fazenda, Oliveira J\u00fanior, e do Planejamento, Jeferson Passos, para discutirem e agilizarem os tr\u00e2mites legais e detalhes finais do planejamento acerca do Proinveste. A reuni\u00e3o aconteceu na Secretaria de Estado da Infraestrutura (Seinfra) e contou com a presen\u00e7a tamb\u00e9m do procurador geral do Estado, M\u00e1rcio Rezende.<\/p>\n<p style=\"text-align: justify;\">As regras para utiliza\u00e7\u00e3o do recurso, as obras que ter\u00e3o prioridade e as licita\u00e7\u00f5es foram os principais t\u00f3picos discutidos, assim como as pend\u00eancias para a realiza\u00e7\u00e3o de algumas obras. O objetivo foi listar todos os pormenores para agilizar a viabiliza\u00e7\u00e3o de obras estrat\u00e9gicas.<\/p>\n<p style=\"text-align: justify;\">O secret\u00e1rio Valmor Barbosa informou que o governador coordenou a reuni\u00e3o, onde obra por obra foi listada e as pend\u00eancias de cada uma em rela\u00e7\u00e3o \u00e0 compet\u00eancia de cada secretaria foi debatida.<\/p>\n<p style=\"text-align: justify;\">\u201cEssa discuss\u00e3o serviu para tratarmos das regras da log\u00edstica para se deflagrar o processo. Apresentei o meu planejamento, a rela\u00e7\u00e3o de obras e os nossos procedimentos a respeito das licita\u00e7\u00f5es das primeiras obras a serem realizadas. Mostrei que h\u00e1 obras que j\u00e1 est\u00e3o com o projeto pronto, com licen\u00e7a j\u00e1 expedida e todos os detalhes adiantados. Mas h\u00e1 algumas que ainda precisam de licen\u00e7a ambiental da Administra\u00e7\u00e3o Estadual do Meio Ambiente (Adema), parecer da Procuradoria Geral do Estado (PGE) ou aprova\u00e7\u00e3o do Corpo de Bombeiros\u201d, exemplificou.<\/p>\n<p style=\"text-align: justify;\">Valmor Barbosa afirmou ainda que Jackson Barreto autorizou que os secret\u00e1rios iniciassem o preparo para lan\u00e7ar essas licita\u00e7\u00f5es. \u201cEstaremos um a um [os secret\u00e1rios] discutindo cada problema ou empecilho de cada secretaria expostos nessa reuni\u00e3o para cumprir com os prazos e com o que foi pedido pelo governador\u201d, concluiu.<\/p>\n<p style=\"text-align: justify;\"><strong>Proinveste<\/strong><\/p>\n<p style=\"text-align: justify;\">O programa do Governo Federal, iniciativa da presidenta Dilma Rousseff, prev\u00ea o repasse a Sergipe de R$ 567 milh\u00f5es, sendo R$ 428,7 milh\u00f5es destinados a obras estruturantes. Os demais R$ 138,5 milh\u00f5es ser\u00e3o utilizados para amortiza\u00e7\u00e3o de d\u00edvidas do Estado, melhorando as condi\u00e7\u00f5es de pagamento.<\/p>\n<p style=\"text-align: justify;\"><em><strong>Ag\u00eancia Sergipe de Not\u00edcias<\/strong><\/em><\/p>\n","protected":false},"excerpt":{"rendered":"<p>&nbsp; O governador em exerc\u00edcio Jackson Barreto se reuniu nesta ter\u00e7a-feira, 6, com os secret\u00e1rios de Estado da Infraestrutura, Valmor Barbosa, do Meio Ambiente, Genival Nunes, interino da Fazenda, Oliveira J\u00fanior, e do Planejamento, Jeferson Passos, para discutirem e agilizarem os tr\u00e2mites legais e detalhes finais do planejamento acerca do Proinveste. A reuni\u00e3o aconteceu na [&hellip;]<\/p>\n","protected":false},"author":1,"featured_media":51247,"comment_status":"closed","ping_status":"closed","sticky":false,"template":"","format":"standard","meta":{"footnotes":""},"categories":[6],"tags":[],"class_list":{"0":"post-51246","1":"post","2":"type-post","3":"status-publish","4":"format-standard","5":"has-post-thumbnail","7":"category-politica"},"_links":{"self":[{"href":"https:\/\/senoticias.com.br\/se\/wp-json\/wp\/v2\/posts\/51246"}],"collection":[{"href":"https:\/\/senoticias.com.br\/se\/wp-json\/wp\/v2\/posts"}],"about":[{"href":"https:\/\/senoticias.com.br\/se\/wp-json\/wp\/v2\/types\/post"}],"author":[{"embeddable":true,"href":"https:\/\/senoticias.com.br\/se\/wp-json\/wp\/v2\/users\/1"}],"replies":[{"embeddable":true,"href":"https:\/\/senoticias.com.br\/se\/wp-json\/wp\/v2\/comments?post=51246"}],"version-history":[{"count":0,"href":"https:\/\/senoticias.com.br\/se\/wp-json\/wp\/v2\/posts\/51246\/revisions"}],"wp:featuredmedia":[{"embeddable":true,"href":"https:\/\/senoticias.com.br\/se\/wp-json\/wp\/v2\/media\/51247"}],"wp:attachment":[{"href":"https:\/\/senoticias.com.br\/se\/wp-json\/wp\/v2\/media?parent=51246"}],"wp:term":[{"taxonomy":"category","embeddable":true,"href":"https:\/\/senoticias.com.br\/se\/wp-json\/wp\/v2\/categories?post=51246"},{"taxonomy":"post_tag","embeddable":true,"href":"https:\/\/senoticias.com.br\/se\/wp-json\/wp\/v2\/tags?post=51246"}],"curies":[{"name":"wp","href":"https:\/\/api.w.org\/{rel}","templated":true}]}}