{"id":50915,"date":"2013-07-29T14:39:35","date_gmt":"2013-07-29T17:39:35","guid":{"rendered":"http:\/\/senoticias.com.br\/se\/?p=50915"},"modified":"2013-07-30T13:56:45","modified_gmt":"2013-07-30T16:56:45","slug":"bebe-morre-durante-incendio-em-aracaju","status":"publish","type":"post","link":"https:\/\/senoticias.com.br\/se\/bebe-morre-durante-incendio-em-aracaju\/","title":{"rendered":"Beb\u00ea morre durante inc\u00eandio em Aracaju"},"content":{"rendered":"<h5><em><strong>Do G1 SE<\/strong><\/em><\/h5>\n<div id=\"attachment_50916\" style=\"width: 310px\" class=\"wp-caption alignright\"><a href=\"http:\/\/senoticias.com.br\/se\/wp-content\/uploads\/2013\/07\/0095.jpg\"><img loading=\"lazy\" decoding=\"async\" aria-describedby=\"caption-attachment-50916\" class=\"size-medium wp-image-50916\" alt=\" Inc\u00eandio provoca morte de menino de um ano e 10 meses. (Foto: Sandoval Not\u00edcias)\" src=\"http:\/\/senoticias.com.br\/se\/wp-content\/uploads\/2013\/07\/0095-300x225.jpg\" width=\"300\" height=\"225\" srcset=\"https:\/\/senoticias.com.br\/se\/wp-content\/uploads\/2013\/07\/0095-300x225.jpg 300w, https:\/\/senoticias.com.br\/se\/wp-content\/uploads\/2013\/07\/0095-342x256.jpg 342w, https:\/\/senoticias.com.br\/se\/wp-content\/uploads\/2013\/07\/0095-60x45.jpg 60w, https:\/\/senoticias.com.br\/se\/wp-content\/uploads\/2013\/07\/0095-150x113.jpg 150w, https:\/\/senoticias.com.br\/se\/wp-content\/uploads\/2013\/07\/0095-269x201.jpg 269w, https:\/\/senoticias.com.br\/se\/wp-content\/uploads\/2013\/07\/0095.jpg 640w\" sizes=\"(max-width: 300px) 100vw, 300px\" \/><\/a><p id=\"caption-attachment-50916\" class=\"wp-caption-text\"><br \/>Inc\u00eandio provoca morte de menino de um ano e 10 meses. (Foto: Sandoval Not\u00edcias)<\/p><\/div>\n<p style=\"text-align: justify;\">Na manh\u00e3 desta segunda-feira (29), moradores do loteamento Cidade de Deus, no bairro Almirante Tamandar\u00e9, em Aracaju, ficaram chocados com a morte de um bebe durante um inc\u00eandio em uma das resid\u00eancias do local.<\/p>\n<p style=\"text-align: justify;\">Al\u00e9m do beb\u00ea estavam na casa a m\u00e3e, uma tia o irm\u00e3o de quatro anos. Elas sofreram queimaduras de 1\u00ba e 2\u00ba graus, o irm\u00e3o mais velho n\u00e3o teve queimaduras, e o beb\u00ea acabou n\u00e3o resistindo.<\/p>\n<p style=\"text-align: justify;\">De acordo com o Corpo de Bombeiros, uma per\u00edcia ser\u00e1 realizada no local para apurar a causa do inc\u00eandio.<\/p>\n<p style=\"text-align: justify;\">A m\u00e3e e a tia da crian\u00e7a foram encaminhadas para o Hospital de Urg\u00eancia de Sergipe (Huse), j\u00e1 o corpo da crian\u00e7a foi encaminhado ao Instituto M\u00e9dico Legal (IML).<\/p>\n","protected":false},"excerpt":{"rendered":"<p>Do G1 SE Na manh\u00e3 desta segunda-feira (29), moradores do loteamento Cidade de Deus, no bairro Almirante Tamandar\u00e9, em Aracaju, ficaram chocados com a morte de um bebe durante um inc\u00eandio em uma das resid\u00eancias do local. Al\u00e9m do beb\u00ea estavam na casa a m\u00e3e, uma tia o irm\u00e3o de quatro anos. Elas sofreram queimaduras [&hellip;]<\/p>\n","protected":false},"author":1,"featured_media":50916,"comment_status":"closed","ping_status":"closed","sticky":false,"template":"","format":"standard","meta":{"footnotes":""},"categories":[310,7],"tags":[],"class_list":{"0":"post-50915","1":"post","2":"type-post","3":"status-publish","4":"format-standard","5":"has-post-thumbnail","7":"category-destaques-da-semana","8":"category-policia"},"_links":{"self":[{"href":"https:\/\/senoticias.com.br\/se\/wp-json\/wp\/v2\/posts\/50915"}],"collection":[{"href":"https:\/\/senoticias.com.br\/se\/wp-json\/wp\/v2\/posts"}],"about":[{"href":"https:\/\/senoticias.com.br\/se\/wp-json\/wp\/v2\/types\/post"}],"author":[{"embeddable":true,"href":"https:\/\/senoticias.com.br\/se\/wp-json\/wp\/v2\/users\/1"}],"replies":[{"embeddable":true,"href":"https:\/\/senoticias.com.br\/se\/wp-json\/wp\/v2\/comments?post=50915"}],"version-history":[{"count":0,"href":"https:\/\/senoticias.com.br\/se\/wp-json\/wp\/v2\/posts\/50915\/revisions"}],"wp:featuredmedia":[{"embeddable":true,"href":"https:\/\/senoticias.com.br\/se\/wp-json\/wp\/v2\/media\/50916"}],"wp:attachment":[{"href":"https:\/\/senoticias.com.br\/se\/wp-json\/wp\/v2\/media?parent=50915"}],"wp:term":[{"taxonomy":"category","embeddable":true,"href":"https:\/\/senoticias.com.br\/se\/wp-json\/wp\/v2\/categories?post=50915"},{"taxonomy":"post_tag","embeddable":true,"href":"https:\/\/senoticias.com.br\/se\/wp-json\/wp\/v2\/tags?post=50915"}],"curies":[{"name":"wp","href":"https:\/\/api.w.org\/{rel}","templated":true}]}}