{"id":50913,"date":"2013-07-29T13:42:49","date_gmt":"2013-07-29T16:42:49","guid":{"rendered":"http:\/\/senoticias.com.br\/se\/?p=50913"},"modified":"2013-07-29T13:42:49","modified_gmt":"2013-07-29T16:42:49","slug":"policia-militar-prende-homem-acusado-de-furtar-merenda-escolar-em-itaporanga","status":"publish","type":"post","link":"https:\/\/senoticias.com.br\/se\/policia-militar-prende-homem-acusado-de-furtar-merenda-escolar-em-itaporanga\/","title":{"rendered":"Pol\u00edcia Militar prende homem acusado de furtar merenda escolar em Itaporanga"},"content":{"rendered":"<p>&nbsp;<\/p>\n<p style=\"text-align: justify;\"><a href=\"http:\/\/senoticias.com.br\/se\/wp-content\/uploads\/2013\/03\/apostila+concurso+policia+militar+se+2013+sergipe+aracaju+se+brasil__7A4740_1.jpg\"><img loading=\"lazy\" decoding=\"async\" class=\"alignright size-full wp-image-45015\" alt=\"apostila+concurso+policia+militar+se+2013+sergipe+aracaju+se+brasil__7A4740_1\" src=\"http:\/\/senoticias.com.br\/se\/wp-content\/uploads\/2013\/03\/apostila+concurso+policia+militar+se+2013+sergipe+aracaju+se+brasil__7A4740_1.jpg\" width=\"202\" height=\"250\" \/><\/a>Neste domingo, 28, foi preso por policiais da 1\u00aa Companhia do 1\u00b0 Batalh\u00e3o de Pol\u00edcia Comunit\u00e1ria (1\u00b0 BPCom), homem acusado de furtar todo o material destinado \u00e0 merenda escolar de um col\u00e9gio municipal na cidade de Itaporanga D\u2019Ajuda. Segundo informa\u00e7\u00f5es da pol\u00edcia, compareceu na sede do 1\u00b0 Pelot\u00e3o da 1\u00aa Companhia\/1\u00b0 BPCom, em Itaporanga, o senhor Jos\u00e9 Ed\u00e9zio Tavares dos Santos, diretor do Escola Municipal, do Povoado Dorcelina Folador, comunicando que ao chegar \u00e0 unidade escolar fora informado por vizinhos que a mesma teria sido furtada durante a madrugada, desaparecendo toda a merenda, e que sabia o paradeiro do suspeito do delito.<\/p>\n<p style=\"text-align: justify;\">De pronto, a guarni\u00e7\u00e3o Pantera 04 &#8211; com o Sargento PM Valtemir e Aluno do CFS Aldo, com informa\u00e7\u00f5es do denunciante, sa\u00edram em dilig\u00eancia ao povoado Darci Ribeiro, tamb\u00e9m em Itaporanga D\u2019Ajuda. Durante abordagem em uma escola abandonada foi localizado, escondido no telhado, um suspeito identificado Silvano dos Santos, 25 anos, vulgo \u201cQuidinho\u201d, com o mesmo parte da merenda escolar furtada.<\/p>\n<p style=\"text-align: justify;\">Com o suspeito foram encontradas pela pol\u00edcia 02 facas e os materiais: 10 pacotes de leite, 14 pacotes de biscoito, 03 KG de Arroz, 03 Kg de farinha, 02 KG de feij\u00e3o, 05 Kg de a\u00e7\u00facar, 06 pacotes de macarr\u00e3o, 05 latas de sardinha, 02 Kg de sal, 05 pacotes de charque, 01 frasco grande de caf\u00e9 sol\u00favel, 01 pacote de Mucilon, 01 vinagre e 02 pacotes de tempero.<\/p>\n<p style=\"text-align: justify;\">Segundo o diretor do col\u00e9gio representa apenas metade do subtra\u00eddo, o que leva a suspeita da participa\u00e7\u00e3o de outra pessoa no delito. O acusado tamb\u00e9m \u00e9 suspeito de realizar outro furto no mesmo col\u00e9gio na semana passada, o mesmo foi conduzido a Delegacia Plantonista.<\/p>\n<p style=\"text-align: justify;\"><em><strong>Por Salom\u00e3o Silva<\/strong><\/em><\/p>\n","protected":false},"excerpt":{"rendered":"<p>&nbsp; Neste domingo, 28, foi preso por policiais da 1\u00aa Companhia do 1\u00b0 Batalh\u00e3o de Pol\u00edcia Comunit\u00e1ria (1\u00b0 BPCom), homem acusado de furtar todo o material destinado \u00e0 merenda escolar de um col\u00e9gio municipal na cidade de Itaporanga D\u2019Ajuda. Segundo informa\u00e7\u00f5es da pol\u00edcia, compareceu na sede do 1\u00b0 Pelot\u00e3o da 1\u00aa Companhia\/1\u00b0 BPCom, em Itaporanga, [&hellip;]<\/p>\n","protected":false},"author":1,"featured_media":45015,"comment_status":"closed","ping_status":"closed","sticky":false,"template":"","format":"standard","meta":{"footnotes":""},"categories":[7],"tags":[],"class_list":{"0":"post-50913","1":"post","2":"type-post","3":"status-publish","4":"format-standard","5":"has-post-thumbnail","7":"category-policia"},"_links":{"self":[{"href":"https:\/\/senoticias.com.br\/se\/wp-json\/wp\/v2\/posts\/50913"}],"collection":[{"href":"https:\/\/senoticias.com.br\/se\/wp-json\/wp\/v2\/posts"}],"about":[{"href":"https:\/\/senoticias.com.br\/se\/wp-json\/wp\/v2\/types\/post"}],"author":[{"embeddable":true,"href":"https:\/\/senoticias.com.br\/se\/wp-json\/wp\/v2\/users\/1"}],"replies":[{"embeddable":true,"href":"https:\/\/senoticias.com.br\/se\/wp-json\/wp\/v2\/comments?post=50913"}],"version-history":[{"count":0,"href":"https:\/\/senoticias.com.br\/se\/wp-json\/wp\/v2\/posts\/50913\/revisions"}],"wp:featuredmedia":[{"embeddable":true,"href":"https:\/\/senoticias.com.br\/se\/wp-json\/wp\/v2\/media\/45015"}],"wp:attachment":[{"href":"https:\/\/senoticias.com.br\/se\/wp-json\/wp\/v2\/media?parent=50913"}],"wp:term":[{"taxonomy":"category","embeddable":true,"href":"https:\/\/senoticias.com.br\/se\/wp-json\/wp\/v2\/categories?post=50913"},{"taxonomy":"post_tag","embeddable":true,"href":"https:\/\/senoticias.com.br\/se\/wp-json\/wp\/v2\/tags?post=50913"}],"curies":[{"name":"wp","href":"https:\/\/api.w.org\/{rel}","templated":true}]}}