{"id":50910,"date":"2013-07-29T11:47:02","date_gmt":"2013-07-29T14:47:02","guid":{"rendered":"http:\/\/senoticias.com.br\/se\/?p=50910"},"modified":"2013-07-29T11:48:18","modified_gmt":"2013-07-29T14:48:18","slug":"festa-do-mastro-movimenta-economia-de-maruim","status":"publish","type":"post","link":"https:\/\/senoticias.com.br\/se\/festa-do-mastro-movimenta-economia-de-maruim\/","title":{"rendered":"Festa do Mastro movimenta economia de Maruim"},"content":{"rendered":"<p>&nbsp;<\/p>\n<div id=\"attachment_50911\" style=\"width: 310px\" class=\"wp-caption alignright\"><a href=\"http:\/\/senoticias.com.br\/se\/wp-content\/uploads\/2013\/07\/GEDC1330.jpg\"><img loading=\"lazy\" decoding=\"async\" aria-describedby=\"caption-attachment-50911\" class=\"size-medium wp-image-50911\" alt=\" Popula\u00e7\u00e3o comemora Festa do Mastro em Maruim. (Divulga\u00e7\u00e3o)\" src=\"http:\/\/senoticias.com.br\/se\/wp-content\/uploads\/2013\/07\/GEDC1330-300x225.jpg\" width=\"300\" height=\"225\" srcset=\"https:\/\/senoticias.com.br\/se\/wp-content\/uploads\/2013\/07\/GEDC1330-300x225.jpg 300w, https:\/\/senoticias.com.br\/se\/wp-content\/uploads\/2013\/07\/GEDC1330-342x256.jpg 342w, https:\/\/senoticias.com.br\/se\/wp-content\/uploads\/2013\/07\/GEDC1330-60x45.jpg 60w, https:\/\/senoticias.com.br\/se\/wp-content\/uploads\/2013\/07\/GEDC1330-150x113.jpg 150w, https:\/\/senoticias.com.br\/se\/wp-content\/uploads\/2013\/07\/GEDC1330-269x201.jpg 269w, https:\/\/senoticias.com.br\/se\/wp-content\/uploads\/2013\/07\/GEDC1330.jpg 640w\" sizes=\"(max-width: 300px) 100vw, 300px\" \/><\/a><p id=\"caption-attachment-50911\" class=\"wp-caption-text\"><br \/>Popula\u00e7\u00e3o comemora Festa do Mastro em Maruim. (Divulga\u00e7\u00e3o)<\/p><\/div>\n<p style=\"text-align: justify;\">A tradicional Festa do Mastro, organizada por moradores do bairro\u00a0<span style=\"font-size: 13px; line-height: 19px;\">Coelho, em Maruim, distante 30 Km de Aracaju, al\u00e9m do entretenimento,\u00a0<\/span><span style=\"font-size: 13px; line-height: 19px;\">vem se consolidando como uma fonte de renda para dezenas de\u00a0<\/span><span style=\"font-size: 13px; line-height: 19px;\">comerciantes.<\/span><\/p>\n<p style=\"text-align: justify;\">De acordo com o secret\u00e1rio municipal de Cultura e Turismo, Gilton\u00a0<span style=\"font-size: 13px; line-height: 19px;\">Rezende, a festa \u00e9 a valoriza\u00e7\u00e3o da cultura e hist\u00f3ria de Maruim. \u00c9 um\u00a0<\/span><span style=\"font-size: 13px; line-height: 19px;\">atrativo do povo para o povo.\u00a0<\/span><span style=\"font-size: 13px; line-height: 19px;\">O evento come\u00e7ou na noite do \u00faltimo s\u00e1bado, 27, com shows musicais e<\/span><br \/>\napresenta\u00e7\u00e3o de grupo de dan\u00e7a. O destaque da noite ficou para a Banda\u00a0<span style=\"font-size: 13px; line-height: 19px;\">Beba ou Chore, rec\u00e9m formada com ex-integrantes da Banda Cartas de\u00a0<\/span><span style=\"font-size: 13px; line-height: 19px;\">Tar\u00f4.<\/span><\/p>\n<p style=\"text-align: justify;\">No domingo, 28, logo cedo, os foli\u00f5es foram em busca do mastro, em um\u00a0<span style=\"font-size: 13px; line-height: 19px;\">grande arrast\u00e3o pelas ruas do munic\u00edpio ao som de Leketch\u00ea. Em\u00a0<\/span><span style=\"font-size: 13px; line-height: 19px;\">seguida, ax\u00e9, pagode e forr\u00f3 dominaram a festa, com destaque para a\u00a0<\/span><span style=\"font-size: 13px; line-height: 19px;\">Banda Zueir\u00f5es do Forr\u00f3, que animou o p\u00fablico at\u00e9 a madrugada desta\u00a0<\/span><span style=\"font-size: 13px; line-height: 19px;\">segunda-feira, 29.<\/span><\/p>\n<p style=\"text-align: justify;\">Na noite do domingo, tamb\u00e9m ocorreu a tradicional queima do mastro,\u00a0<span style=\"font-size: 13px; line-height: 19px;\">que simboliza o \u00e1pice da festa, onde os moradores se unem para\u00a0<\/span><span style=\"font-size: 13px; line-height: 19px;\">promover uma verdadeira confraterniza\u00e7\u00e3o.<\/span><\/p>\n<p style=\"text-align: justify;\"><strong>Economia<\/strong><\/p>\n<p style=\"text-align: justify;\">Para o prefeito de Maruim, Jeferson Santana, a festa movimenta a\u00a0<span style=\"font-size: 13px; line-height: 19px;\">economia local, pois faz circular o dinheiro atrav\u00e9s da venda de\u00a0<\/span><span style=\"font-size: 13px; line-height: 19px;\">cerveja, de comida e de diversas presta\u00e7\u00f5es de servi\u00e7os.\u00a0<\/span><span style=\"font-size: 13px; line-height: 19px;\">\u201cEra not\u00f3ria a participa\u00e7\u00e3o dos comerciantes na festa\u201d, acrescentou\u00a0<\/span><span style=\"font-size: 13px; line-height: 19px;\">Jeferson Santana, representando o Governo Municipal, que contribuiu\u00a0<\/span><span style=\"font-size: 13px; line-height: 19px;\">para a consolida\u00e7\u00e3o do evento.<\/span><\/p>\n<p style=\"text-align: justify;\"><em><strong>Da Assessoria de Comunica\u00e7\u00e3o\/PMM<\/strong><\/em><\/p>\n","protected":false},"excerpt":{"rendered":"<p>&nbsp; A tradicional Festa do Mastro, organizada por moradores do bairro\u00a0Coelho, em Maruim, distante 30 Km de Aracaju, al\u00e9m do entretenimento,\u00a0vem se consolidando como uma fonte de renda para dezenas de\u00a0comerciantes. De acordo com o secret\u00e1rio municipal de Cultura e Turismo, Gilton\u00a0Rezende, a festa \u00e9 a valoriza\u00e7\u00e3o da cultura e hist\u00f3ria de Maruim. \u00c9 um\u00a0atrativo [&hellip;]<\/p>\n","protected":false},"author":1,"featured_media":50911,"comment_status":"closed","ping_status":"closed","sticky":false,"template":"","format":"standard","meta":{"footnotes":""},"categories":[38],"tags":[],"class_list":{"0":"post-50910","1":"post","2":"type-post","3":"status-publish","4":"format-standard","5":"has-post-thumbnail","7":"category-municipios"},"_links":{"self":[{"href":"https:\/\/senoticias.com.br\/se\/wp-json\/wp\/v2\/posts\/50910"}],"collection":[{"href":"https:\/\/senoticias.com.br\/se\/wp-json\/wp\/v2\/posts"}],"about":[{"href":"https:\/\/senoticias.com.br\/se\/wp-json\/wp\/v2\/types\/post"}],"author":[{"embeddable":true,"href":"https:\/\/senoticias.com.br\/se\/wp-json\/wp\/v2\/users\/1"}],"replies":[{"embeddable":true,"href":"https:\/\/senoticias.com.br\/se\/wp-json\/wp\/v2\/comments?post=50910"}],"version-history":[{"count":0,"href":"https:\/\/senoticias.com.br\/se\/wp-json\/wp\/v2\/posts\/50910\/revisions"}],"wp:featuredmedia":[{"embeddable":true,"href":"https:\/\/senoticias.com.br\/se\/wp-json\/wp\/v2\/media\/50911"}],"wp:attachment":[{"href":"https:\/\/senoticias.com.br\/se\/wp-json\/wp\/v2\/media?parent=50910"}],"wp:term":[{"taxonomy":"category","embeddable":true,"href":"https:\/\/senoticias.com.br\/se\/wp-json\/wp\/v2\/categories?post=50910"},{"taxonomy":"post_tag","embeddable":true,"href":"https:\/\/senoticias.com.br\/se\/wp-json\/wp\/v2\/tags?post=50910"}],"curies":[{"name":"wp","href":"https:\/\/api.w.org\/{rel}","templated":true}]}}