{"id":50907,"date":"2013-07-29T11:39:22","date_gmt":"2013-07-29T14:39:22","guid":{"rendered":"http:\/\/senoticias.com.br\/se\/?p=50907"},"modified":"2013-07-30T06:46:44","modified_gmt":"2013-07-30T09:46:44","slug":"prfse-recupera-em-sao-cristovao-retroescavadeira-e-caminhao-roubados-na-paraiba","status":"publish","type":"post","link":"https:\/\/senoticias.com.br\/se\/prfse-recupera-em-sao-cristovao-retroescavadeira-e-caminhao-roubados-na-paraiba\/","title":{"rendered":"PRF\/SE recupera em S\u00e3o Crist\u00f3v\u00e3o retroescavadeira e caminh\u00e3o roubados na Para\u00edba"},"content":{"rendered":"<p>&nbsp;<\/p>\n<div id=\"attachment_50908\" style=\"width: 310px\" class=\"wp-caption alignright\"><a href=\"http:\/\/senoticias.com.br\/se\/wp-content\/uploads\/2013\/07\/PRF-recupera-retroescavadeira-e-caminh\u00e3o-01.jpg\"><img loading=\"lazy\" decoding=\"async\" aria-describedby=\"caption-attachment-50908\" class=\"size-medium wp-image-50908\" alt=\"Dois homens foram detidos, suspeitos de apropria\u00e7\u00e3o ind\u00e9bita. (Divulga\u00e7\u00e3o\/PRF\/SE)\" src=\"http:\/\/senoticias.com.br\/se\/wp-content\/uploads\/2013\/07\/PRF-recupera-retroescavadeira-e-caminh\u00e3o-01-300x200.jpg\" width=\"300\" height=\"200\" srcset=\"https:\/\/senoticias.com.br\/se\/wp-content\/uploads\/2013\/07\/PRF-recupera-retroescavadeira-e-caminh\u00e3o-01-300x200.jpg 300w, https:\/\/senoticias.com.br\/se\/wp-content\/uploads\/2013\/07\/PRF-recupera-retroescavadeira-e-caminh\u00e3o-01-342x228.jpg 342w, https:\/\/senoticias.com.br\/se\/wp-content\/uploads\/2013\/07\/PRF-recupera-retroescavadeira-e-caminh\u00e3o-01.jpg 600w\" sizes=\"(max-width: 300px) 100vw, 300px\" \/><\/a><p id=\"caption-attachment-50908\" class=\"wp-caption-text\">Dois homens foram detidos, suspeitos de apropria\u00e7\u00e3o ind\u00e9bita. (Divulga\u00e7\u00e3o\/PRF\/SE)<\/p><\/div>\n<p style=\"text-align: justify;\">Na tarde de s\u00e1bado (27), na altura do km 104 da BR 101, munic\u00edpio de S\u00e3o Crist\u00f3v\u00e3o (SE), a Pol\u00edcia Rodovi\u00e1ria Federal recuperou, na mesma abordagem, dois ve\u00edculos que seriam levados para Feira de Santana (BA). Uma retroescavadeira estava embarcada em um caminh\u00e3o M. BENZ\/L 1620, com placas de Pernambuco, abordado pelos agentes federais.<\/p>\n<p style=\"text-align: justify;\">Irregularidades no disco do tac\u00f3grafo do caminh\u00e3o, o fato de seus ocupantes j\u00e1 terem passagem pela pol\u00edcia por crimes como furto e roubo, e a n\u00e3o apresenta\u00e7\u00e3o da documenta\u00e7\u00e3o da retroescavadeira motivaram contato telef\u00f4nico dos policiais com a empresa que fazia a manuten\u00e7\u00e3o da m\u00e1quina.<\/p>\n<p style=\"text-align: justify;\">Eles foram informados que ambos os ve\u00edculos, em tese, seriam produtos de apropria\u00e7\u00e3o ind\u00e9bita ocorrida no munic\u00edpio de Monteiro (PB), onde havia ocorr\u00eancia formalmente registrada. O condutor, de 38 anos, e o passageiro, de 30, foram encaminhados \u00e0 Delegacia de Pol\u00edcia Civil plantonista em Aracaju.<\/p>\n<p>&nbsp;<\/p>\n<p><em><strong>20\u00aa Superintend\u00eancia de Pol\u00edcia Rodovi\u00e1ria Federal<\/strong><\/em><br \/>\n<em><strong>N\u00facleo de Comunica\u00e7\u00e3o Social\/Sergipe<\/strong><\/em><\/p>\n","protected":false},"excerpt":{"rendered":"<p>&nbsp; Na tarde de s\u00e1bado (27), na altura do km 104 da BR 101, munic\u00edpio de S\u00e3o Crist\u00f3v\u00e3o (SE), a Pol\u00edcia Rodovi\u00e1ria Federal recuperou, na mesma abordagem, dois ve\u00edculos que seriam levados para Feira de Santana (BA). Uma retroescavadeira estava embarcada em um caminh\u00e3o M. BENZ\/L 1620, com placas de Pernambuco, abordado pelos agentes federais. [&hellip;]<\/p>\n","protected":false},"author":1,"featured_media":50908,"comment_status":"closed","ping_status":"closed","sticky":false,"template":"","format":"standard","meta":{"footnotes":""},"categories":[6],"tags":[],"class_list":{"0":"post-50907","1":"post","2":"type-post","3":"status-publish","4":"format-standard","5":"has-post-thumbnail","7":"category-politica"},"_links":{"self":[{"href":"https:\/\/senoticias.com.br\/se\/wp-json\/wp\/v2\/posts\/50907"}],"collection":[{"href":"https:\/\/senoticias.com.br\/se\/wp-json\/wp\/v2\/posts"}],"about":[{"href":"https:\/\/senoticias.com.br\/se\/wp-json\/wp\/v2\/types\/post"}],"author":[{"embeddable":true,"href":"https:\/\/senoticias.com.br\/se\/wp-json\/wp\/v2\/users\/1"}],"replies":[{"embeddable":true,"href":"https:\/\/senoticias.com.br\/se\/wp-json\/wp\/v2\/comments?post=50907"}],"version-history":[{"count":0,"href":"https:\/\/senoticias.com.br\/se\/wp-json\/wp\/v2\/posts\/50907\/revisions"}],"wp:featuredmedia":[{"embeddable":true,"href":"https:\/\/senoticias.com.br\/se\/wp-json\/wp\/v2\/media\/50908"}],"wp:attachment":[{"href":"https:\/\/senoticias.com.br\/se\/wp-json\/wp\/v2\/media?parent=50907"}],"wp:term":[{"taxonomy":"category","embeddable":true,"href":"https:\/\/senoticias.com.br\/se\/wp-json\/wp\/v2\/categories?post=50907"},{"taxonomy":"post_tag","embeddable":true,"href":"https:\/\/senoticias.com.br\/se\/wp-json\/wp\/v2\/tags?post=50907"}],"curies":[{"name":"wp","href":"https:\/\/api.w.org\/{rel}","templated":true}]}}