{"id":50905,"date":"2013-07-29T11:21:53","date_gmt":"2013-07-29T14:21:53","guid":{"rendered":"http:\/\/senoticias.com.br\/se\/?p=50905"},"modified":"2013-07-29T11:21:53","modified_gmt":"2013-07-29T14:21:53","slug":"implantacao-do-centro-de-referencia-caes-guia-sera-discutida-em-sergipe","status":"publish","type":"post","link":"https:\/\/senoticias.com.br\/se\/implantacao-do-centro-de-referencia-caes-guia-sera-discutida-em-sergipe\/","title":{"rendered":"Implanta\u00e7\u00e3o do Centro de Refer\u00eancia C\u00e3es-Guia ser\u00e1 discutida em Sergipe"},"content":{"rendered":"<div id=\"attachment_43240\" style=\"width: 130px\" class=\"wp-caption alignright\"><a href=\"http:\/\/senoticias.com.br\/se\/wp-content\/uploads\/2013\/01\/Eduardo-Oliva.jpg\"><img loading=\"lazy\" decoding=\"async\" aria-describedby=\"caption-attachment-43240\" class=\"size-full wp-image-43240\" alt=\"Secret\u00e1rio de Estado dos Direitos Humanos, Luiz Eduardo Oliva. ( Foto: Ascom\/sedhuc)\" src=\"http:\/\/senoticias.com.br\/se\/wp-content\/uploads\/2013\/01\/Eduardo-Oliva.jpg\" width=\"120\" height=\"166\" \/><\/a><p id=\"caption-attachment-43240\" class=\"wp-caption-text\">Secret\u00e1rio de Estado dos Direitos Humanos, Luiz Eduardo Oliva. ( Foto: Ascom\/sedhuc)<\/p><\/div>\n<p style=\"text-align: justify;\">A partir das 15h desta segunda-feira, 29, no Instituto Federal de Sergipe (IFS) haver\u00e1 uma reuni\u00e3o entre a equipe t\u00e9cnica do IFS, da Secretaria de Estado dos Direitos Humanos e o consultor da Secretaria de Direitos Humanos da Presid\u00eancia da Rep\u00fablica sobre a implanta\u00e7\u00e3o do Centro de Refer\u00eancia de C\u00e3es-Guia.<\/p>\n<p style=\"text-align: justify;\">A conversa ser\u00e1 em torno da concretiza\u00e7\u00e3o do projeto e qual a perspectiva de implanta\u00e7\u00e3o que beneficiar\u00e1 as pessoas com defici\u00eancia visual de nosso estado. O secret\u00e1rio de Estado dos Direitos Humanos, Luiz Eduardo Oliva e o reitor do IFS, Ailton Ribeiro de Oliveira estar\u00e3o presentes no encontro.<\/p>\n<p style=\"text-align: justify;\"><strong>C\u00e3o-Guia<\/strong><\/p>\n<p style=\"text-align: justify;\">Sergipe ser\u00e1 o \u00fanico estado do Nordeste a sediar um centro de refer\u00eancia de c\u00e3es-guia. A iniciativa \u00e9 parte do projeto \u2018Viver sem Limites\u2019, que tem como um dos objetivos a implanta\u00e7\u00e3o de cinco centros tecnol\u00f3gicos de forma\u00e7\u00e3o de instrutores e treinadores de c\u00e3es-guia, distribu\u00eddos em cada uma das regi\u00f5es brasileiras. O Governo do Estado, por meio da Sedhuc em parceria com o IFS transformar\u00e1 Sergipe em um dos estados pioneiros na proposta de implanta\u00e7\u00e3o de um centro estadual de forma\u00e7\u00e3o de treinadores e instrutores de c\u00e3es-guia.<\/p>\n<p style=\"text-align: justify;\">Obedecendo a uma das exig\u00eancias do edital de ades\u00e3o, o instituto deve liberar dois servidores que participar de uma capacita\u00e7\u00e3o em Santa Catarina durante dois anos, para depois se tornarem multiplicadores do programa no estado. O Campus S\u00e3o Crist\u00f3v\u00e3o, atrav\u00e9s do seu diretor geral, Alfredo Cabral, abra\u00e7ou de imediato a proposta apresentada pelo reitor e dever\u00e1 ser a sede do n\u00facleo em Sergipe.<\/p>\n<p style=\"text-align: justify;\">Os centros fazem parte do Plano Nacional dos Direitos da Pessoa com Defici\u00eancia &#8211; Plano Viver Sem Limite, institu\u00eddo pelo Decreto 7.612 de 17\/11\/2011, para promover, por meio da integra\u00e7\u00e3o e articula\u00e7\u00e3o de pol\u00edticas, programas e a\u00e7\u00f5es, o exerc\u00edcio pleno e equitativo dos direitos das pessoas com defici\u00eancia, tendo como eixos a educa\u00e7\u00e3o, inclus\u00e3o, sa\u00fade e acessibilidade. Cada centro de forma\u00e7\u00e3o contar\u00e1 com estrutura f\u00edsica constitu\u00edda por salas de aula, miniaudit\u00f3rio, administra\u00e7\u00e3o da unidade, alojamentos, canil, cl\u00ednica veterin\u00e1ria, maternidade, unidade de descarte e pista de treinamentos.<\/p>\n<p style=\"text-align: justify;\">Em 2007, o governo sancionou a Lei n\u00ba 11.126, de 27 de junho de 2005, que assegura \u00e0 pessoa com defici\u00eancia visual, usu\u00e1ria de c\u00e3o-guia, o direito de ingressar e permanecer com o animal nos ve\u00edculos e nos estabelecimentos p\u00fablicos e privados de uso coletivo. No Brasil existem 45 milh\u00f5es de pessoas com algum tipo de defici\u00eancia. Destas, cerca de 528.624 pessoas possuem defici\u00eancia visual, segundo o Censo do IBGE 2010. Somente na regi\u00e3o Nordeste s\u00e3o 129.465 pessoas que n\u00e3o enxergam e outras 2.062.990 que t\u00eam grande dificuldade de enxergar.<\/p>\n<p style=\"text-align: justify;\"><em><strong>Da Ag\u00eancia Sergipe de Not\u00edcias<\/strong><\/em><\/p>\n","protected":false},"excerpt":{"rendered":"<p>A partir das 15h desta segunda-feira, 29, no Instituto Federal de Sergipe (IFS) haver\u00e1 uma reuni\u00e3o entre a equipe t\u00e9cnica do IFS, da Secretaria de Estado dos Direitos Humanos e o consultor da Secretaria de Direitos Humanos da Presid\u00eancia da Rep\u00fablica sobre a implanta\u00e7\u00e3o do Centro de Refer\u00eancia de C\u00e3es-Guia. A conversa ser\u00e1 em torno [&hellip;]<\/p>\n","protected":false},"author":1,"featured_media":43240,"comment_status":"closed","ping_status":"closed","sticky":false,"template":"","format":"standard","meta":{"footnotes":""},"categories":[6],"tags":[],"class_list":{"0":"post-50905","1":"post","2":"type-post","3":"status-publish","4":"format-standard","5":"has-post-thumbnail","7":"category-politica"},"_links":{"self":[{"href":"https:\/\/senoticias.com.br\/se\/wp-json\/wp\/v2\/posts\/50905"}],"collection":[{"href":"https:\/\/senoticias.com.br\/se\/wp-json\/wp\/v2\/posts"}],"about":[{"href":"https:\/\/senoticias.com.br\/se\/wp-json\/wp\/v2\/types\/post"}],"author":[{"embeddable":true,"href":"https:\/\/senoticias.com.br\/se\/wp-json\/wp\/v2\/users\/1"}],"replies":[{"embeddable":true,"href":"https:\/\/senoticias.com.br\/se\/wp-json\/wp\/v2\/comments?post=50905"}],"version-history":[{"count":0,"href":"https:\/\/senoticias.com.br\/se\/wp-json\/wp\/v2\/posts\/50905\/revisions"}],"wp:featuredmedia":[{"embeddable":true,"href":"https:\/\/senoticias.com.br\/se\/wp-json\/wp\/v2\/media\/43240"}],"wp:attachment":[{"href":"https:\/\/senoticias.com.br\/se\/wp-json\/wp\/v2\/media?parent=50905"}],"wp:term":[{"taxonomy":"category","embeddable":true,"href":"https:\/\/senoticias.com.br\/se\/wp-json\/wp\/v2\/categories?post=50905"},{"taxonomy":"post_tag","embeddable":true,"href":"https:\/\/senoticias.com.br\/se\/wp-json\/wp\/v2\/tags?post=50905"}],"curies":[{"name":"wp","href":"https:\/\/api.w.org\/{rel}","templated":true}]}}