{"id":50901,"date":"2013-07-29T11:14:16","date_gmt":"2013-07-29T14:14:16","guid":{"rendered":"http:\/\/senoticias.com.br\/se\/?p=50901"},"modified":"2013-07-29T11:14:16","modified_gmt":"2013-07-29T14:14:16","slug":"policia-investiga-assassinato-de-filho-de-vereadora-em-nossa-senhora-da-gloria","status":"publish","type":"post","link":"https:\/\/senoticias.com.br\/se\/policia-investiga-assassinato-de-filho-de-vereadora-em-nossa-senhora-da-gloria\/","title":{"rendered":"Pol\u00edcia investiga assassinato de filho de vereadora em Nossa Senhora da Gl\u00f3ria."},"content":{"rendered":"<p>&nbsp;<\/p>\n<p>&nbsp;<\/p>\n<div id=\"attachment_50902\" style=\"width: 208px\" class=\"wp-caption alignright\"><a href=\"http:\/\/senoticias.com.br\/se\/wp-content\/uploads\/2013\/07\/969805_378061168982425_1560557073_n-1-e1375027228994.jpg\"><img loading=\"lazy\" decoding=\"async\" aria-describedby=\"caption-attachment-50902\" class=\"size-full wp-image-50902\" alt=\"Amilton Mota J\u00fanior.(Foto: Reprodu\u00e7\u00e3o Facebook)\" src=\"http:\/\/senoticias.com.br\/se\/wp-content\/uploads\/2013\/07\/969805_378061168982425_1560557073_n-1-e1375027228994.jpg\" width=\"198\" height=\"294\" \/><\/a><p id=\"caption-attachment-50902\" class=\"wp-caption-text\">Amilton Mota J\u00fanior. (Foto: Reprodu\u00e7\u00e3o Facebook)<\/p><\/div>\n<p style=\"text-align: justify;\">A pol\u00edcia continua investigando o assassinato do jovem Amilton J\u00fanior de Santana Mota, 27, assassinado a tiros na madrugada do domingo, 28, no povoado Angico, fiho da vereadora Tito. O crime aconteceu na madrugada do domingo, 28 no munic\u00edpio de Nossa Senhora da Gl\u00f3ria. No local do crime, policiais militares apreenderam uma motocicleta de placa NVJ \u2013 2326, licen\u00e7a de Capela.<\/p>\n<p style=\"text-align: justify;\">De acordo com informa\u00e7\u00f5es do sargento Santana, da 3\u00aa Companhia do 4\u00ba Batalh\u00e3o da Pol\u00edcia Militar, h\u00e1 suspeita que o ve\u00edculo teria sido utilizado pelo criminoso, que se encontra foragido. A proced\u00eancia do ve\u00edculo est\u00e1 sob investiga\u00e7\u00e3o da pol\u00edcia civil, conduzida pela Delegacia Regional de Nossa Senhora da Gl\u00f3ria.<\/p>\n<p style=\"text-align: justify;\">Conforme os primeiros levantamentos da pol\u00edcia civil, a motocicleta localizada por PMs no local do crime n\u00e3o apresenta restri\u00e7\u00e3o de furto e o propriet\u00e1rio do ve\u00edculo j\u00e1 foi identificado. De acordo com informa\u00e7\u00f5es do sargento Santana, a pol\u00edcia militar tamb\u00e9m continua realizando dilig\u00eancia na tentativa de encontrar suspeitos na regi\u00e3o. Na pol\u00edcia militar, as dilig\u00eancias est\u00e3o sendo conduzidas pelo capit\u00e3o Leandro, comandante do 4\u00ba BPM.<\/p>\n<p style=\"text-align: justify;\">Amilton J\u00fanior foi alvejado a tiros em um clube no Povoado Angico e chegou a ser socorrido com vida e encaminhado ao Hospital Regional de Nossa Senhora da Gl\u00f3ria.<\/p>\n<h5 style=\"text-align: justify;\"><em><strong>Informa\u00e7\u00f5es do Portal Infonet<\/strong><\/em><\/h5>\n","protected":false},"excerpt":{"rendered":"<p>&nbsp; &nbsp; A pol\u00edcia continua investigando o assassinato do jovem Amilton J\u00fanior de Santana Mota, 27, assassinado a tiros na madrugada do domingo, 28, no povoado Angico, fiho da vereadora Tito. O crime aconteceu na madrugada do domingo, 28 no munic\u00edpio de Nossa Senhora da Gl\u00f3ria. No local do crime, policiais militares apreenderam uma motocicleta [&hellip;]<\/p>\n","protected":false},"author":1,"featured_media":50902,"comment_status":"closed","ping_status":"closed","sticky":false,"template":"","format":"standard","meta":{"footnotes":""},"categories":[7],"tags":[],"class_list":{"0":"post-50901","1":"post","2":"type-post","3":"status-publish","4":"format-standard","5":"has-post-thumbnail","7":"category-policia"},"_links":{"self":[{"href":"https:\/\/senoticias.com.br\/se\/wp-json\/wp\/v2\/posts\/50901"}],"collection":[{"href":"https:\/\/senoticias.com.br\/se\/wp-json\/wp\/v2\/posts"}],"about":[{"href":"https:\/\/senoticias.com.br\/se\/wp-json\/wp\/v2\/types\/post"}],"author":[{"embeddable":true,"href":"https:\/\/senoticias.com.br\/se\/wp-json\/wp\/v2\/users\/1"}],"replies":[{"embeddable":true,"href":"https:\/\/senoticias.com.br\/se\/wp-json\/wp\/v2\/comments?post=50901"}],"version-history":[{"count":0,"href":"https:\/\/senoticias.com.br\/se\/wp-json\/wp\/v2\/posts\/50901\/revisions"}],"wp:featuredmedia":[{"embeddable":true,"href":"https:\/\/senoticias.com.br\/se\/wp-json\/wp\/v2\/media\/50902"}],"wp:attachment":[{"href":"https:\/\/senoticias.com.br\/se\/wp-json\/wp\/v2\/media?parent=50901"}],"wp:term":[{"taxonomy":"category","embeddable":true,"href":"https:\/\/senoticias.com.br\/se\/wp-json\/wp\/v2\/categories?post=50901"},{"taxonomy":"post_tag","embeddable":true,"href":"https:\/\/senoticias.com.br\/se\/wp-json\/wp\/v2\/tags?post=50901"}],"curies":[{"name":"wp","href":"https:\/\/api.w.org\/{rel}","templated":true}]}}