{"id":50894,"date":"2013-07-29T08:31:25","date_gmt":"2013-07-29T11:31:25","guid":{"rendered":"http:\/\/senoticias.com.br\/se\/?p=50894"},"modified":"2013-07-29T22:23:36","modified_gmt":"2013-07-30T01:23:36","slug":"sergipano-acusado-de-participar-de-morte-de-mercia-sera-julgado-em-sao-paulo","status":"publish","type":"post","link":"https:\/\/senoticias.com.br\/se\/sergipano-acusado-de-participar-de-morte-de-mercia-sera-julgado-em-sao-paulo\/","title":{"rendered":"Sergipano acusado de participar de morte de M\u00e9rcia Nakashima ser\u00e1 julgado em S\u00e3o Paulo"},"content":{"rendered":"<div id=\"attachment_50895\" style=\"width: 235px\" class=\"wp-caption alignright\"><a href=\"http:\/\/senoticias.com.br\/se\/wp-content\/uploads\/2013\/07\/terca1.jpg\"><img loading=\"lazy\" decoding=\"async\" aria-describedby=\"caption-attachment-50895\" class=\"size-medium wp-image-50895\" alt=\" Vigia \u00e9 levado por policiais para acarea\u00e7\u00e3o no DHPP (Foto: Grizar Junior\/AE)\" src=\"http:\/\/senoticias.com.br\/se\/wp-content\/uploads\/2013\/07\/terca1-225x300.jpg\" width=\"225\" height=\"300\" srcset=\"https:\/\/senoticias.com.br\/se\/wp-content\/uploads\/2013\/07\/terca1-225x300.jpg 225w, https:\/\/senoticias.com.br\/se\/wp-content\/uploads\/2013\/07\/terca1.jpg 300w\" sizes=\"(max-width: 225px) 100vw, 225px\" \/><\/a><p id=\"caption-attachment-50895\" class=\"wp-caption-text\"><br \/>Vigia \u00e9 levado por policiais para acarea\u00e7\u00e3o no DHPP<br \/>(Foto: Grizar Junior\/AE)<\/p><\/div>\n<p style=\"text-align: justify;\">O j\u00fari do vigia Evandro Bezerra Silva, acusado de participar do assassinato da advogada M\u00e9rcia Nakashima em 2010, deve come\u00e7ar na manh\u00e3 desta segunda-feira (29) no f\u00f3rum de Guarulhos, na Grande S\u00e3o Paulo. Evandro \u00e9 o segundo r\u00e9u a ser julgado pelo crime: em mar\u00e7o, o advogado e policial militar reformado Mizael Bispo foi condenado a 20 anos de pris\u00e3o pela morte da ex-namorada Assim como o antigo patr\u00e3o, o vigilante tamb\u00e9m nega o crime, mas dever\u00e1 dizer que desconfia de Mizael ter matado M\u00e9rcia.<\/p>\n<p style=\"text-align: justify;\">Evandro Silva come\u00e7ar\u00e1 a ser julgado a partir das 9h. O plen\u00e1rio foi reservado at\u00e9 quarta-feira (31). O vigia, atualmente com 41 anos, responder\u00e1 por homic\u00eddio duplamente qualificado (meio cruel e recurso que dificultou a defesa da v\u00edtima) no caso M\u00e9rcia Nakashima. O processo foi desmembrado por decis\u00e3o da Justi\u00e7a para que Mizael e Evandro fossem julgados em separado. O vigilante trabalhava para o advogado como seguran\u00e7a de feiras livres.<\/p>\n<p style=\"text-align: justify;\">Segundo a acusa\u00e7\u00e3o, o vigia sabia do plano de Mizael para matar a advogada e deu carona para o assassino fugir de Nazar\u00e9 Paulista, interior de SP.<br \/>\nAo contr\u00e1rio do j\u00fari de Mizael, o julgamento de Evandro n\u00e3o ser\u00e1 transmitido pela TV, internet e r\u00e1dio. A Justi\u00e7a negou o pedido da defesa do r\u00e9u, que queria a mesma cobertura dada a Mizael.<\/p>\n<p style=\"text-align: justify;\"><strong>Crime<\/strong><\/p>\n<p style=\"text-align: justify;\">O crime foi cometido na represa da cidade, em 23 de maio de 2010, depois de M\u00e9rcia desaparecer de Guarulhos. O ve\u00edculo da advogada e o corpo dela foram encontrados, respectivamente, nos dias 10 e 11 de junho daquele mesmo ano. A v\u00edtima morreu afogada, aos 28 anos, depois de ser baleada de rasp\u00e3o no rosto e nas m\u00e3os.<\/p>\n<p style=\"text-align: justify;\">Evandro est\u00e1 detido preventivamente na Penitenci\u00e1ria 2 de Trememb\u00e9, interior do estado. Nesta manh\u00e3, ele dever\u00e1 ser escoltado pela Pol\u00edcia Militar para o seu julgamento. Ele foi autorizado pela ju\u00edza a trocar o uniforme de presidi\u00e1rio, camiseta branca e cal\u00e7a c\u00e1qui, por roupas comuns durante o j\u00fari.<\/p>\n<p style=\"text-align: justify;\">No plen\u00e1rio do f\u00f3rum, h\u00e1 84 lugares dispon\u00edveis para acompanhar o j\u00fari. Quem decidir\u00e1 se Evandro \u00e9 culpado ou inocente ser\u00e3o sete jurados. Ap\u00f3s ouvirem o depoimento de nove testemunhas (duas da acusa\u00e7\u00e3o e sete da defesa), o interrogat\u00f3rio do r\u00e9u e o debate entre acusa\u00e7\u00e3o e defesa, eles se reunir\u00e3o numa sala secreta. L\u00e1, votar\u00e3o pela absolvi\u00e7\u00e3o ou condena\u00e7\u00e3o do acusado.<br \/>\nA senten\u00e7a caber\u00e1 \u00e0 ju\u00edza. Se Evandro for considerado culpado pelo crime, a magistrada ter\u00e1 de aplicar uma pena para o condenado. Se o r\u00e9u for inocentado, ele ser\u00e1 posto em liberdade.<\/p>\n<p style=\"text-align: justify;\"><strong>Acusa\u00e7\u00e3o<\/strong><\/p>\n<p style=\"text-align: justify;\">Para o Minist\u00e9rio P\u00fablico, o vigilante \u00e9 coautor do crime. &#8220;No entendimento da Promotoria, o part\u00edcipe da morte de M\u00e9rcia tem de ser condenado a uma pena entre 18 e 20 anos de pris\u00e3o&#8221;, disse o promotor Rodrigo Merli Antunes.<\/p>\n<p style=\"text-align: justify;\">Ao lado do assistente da acusa\u00e7\u00e3o, Alexandre de S\u00e1 Domingues, advogado contratado para defender os interesses da fam\u00edlia Nakashima, o promotor informa que as principais provas do envolvimento de Evandro s\u00e3o: a confiss\u00e3o que ele deu no processo, admitindo ter buscado Mizael na represa de Nazar\u00e9 Paulista no dia do crime e a an\u00e1lise das liga\u00e7\u00f5es telef\u00f4nicas entre ele e o assassino de M\u00e9rcia, que o colocam pr\u00f3ximo do local onde ela foi morta.<\/p>\n<p style=\"text-align: justify;\">\u201cEvandro conta meia verdade, que foi buscar Mizael em Nazar\u00e9 e n\u00e3o sabia do crime. Ele sabia, sim, e Mizael s\u00f3 matou M\u00e9rcia porque teve a ajuda do vigia\u201d, afirmou Rodrigo Merli Antunes. &#8220;Vamos mostrar imagens sugestvas de pedofilia. As pessoas precisam conhecer o verdadeiro Evandro, aquele que fugiu da pol\u00edcia quando teve a pris\u00e3o decretada para aparecer num v\u00eddeo caseiro beijando meninas de 15 anos, bebendo cerveja e dan\u00e7ando.&#8221;<\/p>\n<p style=\"text-align: justify;\">Outra prova ser\u00e1 o depoimento de um pescador que disse ter visto o carro de M\u00e9rcia ser jogado na represa durante a noite. A Promotoria n\u00e3o conseguiu provar, mas suspeita que o vigia tenha recebido dinheiro para ajudar Mizael. &#8220;O ex-namorado de M\u00e9rcia chegou a sacar R$ 10 mil da sua conta.&#8221;<\/p>\n<p style=\"text-align: justify;\">Durante todo o processo, o vigia fugiu da pol\u00edcia para n\u00e3o ser preso e j\u00e1 deu quatro vers\u00f5es diferentes para se defender do crime. Na primeira, confessou participa\u00e7\u00e3o no homic\u00eddio, mas depois voltou atr\u00e1s alegando ter sido torturado por policiais. Depois, na \u00faltima, confirmou ter ido buscar Mizael na represa, mas que n\u00e3o tinha conhecimento, na \u00e9poca, de ele ter matado M\u00e9rcia. Tamb\u00e9m falou que foi procurado por parentes do ex de M\u00e9rcia para mudar o depoimento em troca de dinheiro.<\/p>\n<p style=\"text-align: justify;\">\u201cPor quest\u00f5es de provas tenho 101% de certeza da absolvi\u00e7\u00e3o dele. Mas tribunal do j\u00fari \u00e9 sempre uma caixinha de surpresa\u201d, disse o advogado Aryldo de Oliveira de Paula.<\/p>\n<p style=\"text-align: justify;\">Veja abaixo quem s\u00e3o as dez testemunhas arroladas para o caso M\u00e9rcia Nakashima.<\/p>\n<p style=\"text-align: justify;\"><strong>Pela defesa:<\/strong><\/p>\n<p style=\"text-align: justify;\">&#8211; Josefa Mariana dos Santos, ex-mulher de Evandro<br \/>\n&#8211; Delegado Antonio Assun\u00e7\u00e3o de Olim, respons\u00e1vel por apontar Mizael e Evandro como assassinos de M\u00e9rcia<br \/>\n&#8211; Luiz Ara\u00fajo Sobrinho, feirante amigo de Evandro<br \/>\n&#8211; Gentil Jos\u00e9 de Oliveira, funcion\u00e1rio do posto onde Evandro trabalhava<br \/>\n&#8211; M\u00e1rcio Nakashima, irm\u00e3o de M\u00e9rcia<\/p>\n<p style=\"text-align: justify;\"><strong> Pelo ju\u00edzo a pedido da defesa:<\/strong><\/p>\n<p style=\"text-align: justify;\">&#8211; testemunha protegida \u00f4mega \u2013 mec\u00e2nico pescava em Nazar\u00e9 Paulista e afirmou ter visto homem n\u00e3o identificado empurrar carro de M\u00e9rcia na represa<br \/>\n&#8211; testemunha protegida alfa \u2013 diz ter visto Mizael e M\u00e9rcia dia 26 de maio de 2010 numa obra de um posto de ped\u00e1gio de rodovia<\/p>\n<p style=\"text-align: justify;\"><strong> Pela acusa\u00e7\u00e3o:<\/strong><\/p>\n<p style=\"text-align: justify;\">&#8211; Alexandre Simoni \u2013 investigador que analisou as Esta\u00e7\u00f5es R\u00e1dio-Base (erbs) de telef\u00f4nia celular<br \/>\n&#8211; Arles Gon\u00e7alves J\u00fanior \u2013 advogado e presidente da comiss\u00e3o de seguran\u00e7a da OAB<br \/>\n&#8211; Eduardo Amato, engenheiro de telecomunica\u00e7\u00f5es chamado para tratar das liga\u00e7\u00f5es telef\u00f4nicas<\/p>\n<p style=\"text-align: justify;\"><em><strong>Nota do SE Not\u00edcias: <\/strong><\/em>o\u00a0seguran\u00e7a foi preso, em 2010 num s\u00edtio em Canind\u00e9 de S\u00e3o Francisco, a 213 km da capital Aracaju (SE). L\u00e1, inicialmente ele negou saber da morte de M\u00e9rcia aos policiais sergipanos. Depois, na presen\u00e7a da pol\u00edcia paulista, passou a dizer que Mizael matou a ex por ci\u00fames numa represa em Nazar\u00e9 Paulista, interior de S\u00e3o Paulo, em 23 de maio.<\/p>\n<p><em><strong>Kleber Tomaz, do G1 S\u00e3o Paulo<\/strong><\/em><\/p>\n","protected":false},"excerpt":{"rendered":"<p>O j\u00fari do vigia Evandro Bezerra Silva, acusado de participar do assassinato da advogada M\u00e9rcia Nakashima em 2010, deve come\u00e7ar na manh\u00e3 desta segunda-feira (29) no f\u00f3rum de Guarulhos, na Grande S\u00e3o Paulo. Evandro \u00e9 o segundo r\u00e9u a ser julgado pelo crime: em mar\u00e7o, o advogado e policial militar reformado Mizael Bispo foi condenado [&hellip;]<\/p>\n","protected":false},"author":1,"featured_media":50895,"comment_status":"closed","ping_status":"closed","sticky":false,"template":"","format":"standard","meta":{"footnotes":""},"categories":[7],"tags":[],"class_list":{"0":"post-50894","1":"post","2":"type-post","3":"status-publish","4":"format-standard","5":"has-post-thumbnail","7":"category-policia"},"_links":{"self":[{"href":"https:\/\/senoticias.com.br\/se\/wp-json\/wp\/v2\/posts\/50894"}],"collection":[{"href":"https:\/\/senoticias.com.br\/se\/wp-json\/wp\/v2\/posts"}],"about":[{"href":"https:\/\/senoticias.com.br\/se\/wp-json\/wp\/v2\/types\/post"}],"author":[{"embeddable":true,"href":"https:\/\/senoticias.com.br\/se\/wp-json\/wp\/v2\/users\/1"}],"replies":[{"embeddable":true,"href":"https:\/\/senoticias.com.br\/se\/wp-json\/wp\/v2\/comments?post=50894"}],"version-history":[{"count":0,"href":"https:\/\/senoticias.com.br\/se\/wp-json\/wp\/v2\/posts\/50894\/revisions"}],"wp:featuredmedia":[{"embeddable":true,"href":"https:\/\/senoticias.com.br\/se\/wp-json\/wp\/v2\/media\/50895"}],"wp:attachment":[{"href":"https:\/\/senoticias.com.br\/se\/wp-json\/wp\/v2\/media?parent=50894"}],"wp:term":[{"taxonomy":"category","embeddable":true,"href":"https:\/\/senoticias.com.br\/se\/wp-json\/wp\/v2\/categories?post=50894"},{"taxonomy":"post_tag","embeddable":true,"href":"https:\/\/senoticias.com.br\/se\/wp-json\/wp\/v2\/tags?post=50894"}],"curies":[{"name":"wp","href":"https:\/\/api.w.org\/{rel}","templated":true}]}}