{"id":50891,"date":"2013-07-29T08:13:31","date_gmt":"2013-07-29T11:13:31","guid":{"rendered":"http:\/\/senoticias.com.br\/se\/?p=50891"},"modified":"2013-07-29T21:43:31","modified_gmt":"2013-07-30T00:43:31","slug":"papa-diz-que-ja-esta-com-saudade-do-brasil-em-ultimo-discurso-no-rio","status":"publish","type":"post","link":"https:\/\/senoticias.com.br\/se\/papa-diz-que-ja-esta-com-saudade-do-brasil-em-ultimo-discurso-no-rio\/","title":{"rendered":"Papa diz que j\u00e1 est\u00e1 com saudade do Brasil em \u00faltimo discurso no Rio"},"content":{"rendered":"<p><em><strong>Guilherme Balza, do UOL, no Rio<\/strong><\/em><\/p>\n<p>&nbsp;<\/p>\n<div id=\"attachment_50892\" style=\"width: 310px\" class=\"wp-caption alignright\"><a href=\"http:\/\/senoticias.com.br\/se\/wp-content\/uploads\/2013\/07\/28jul2013-papa-francisco-se-despede-de-feis-da-jmj-jornada-mundial-da-juventude-no-fim-da-missa-de-encerramento-da-jornada-na-praia-de-copacabana-no-rio-de-janeiro-1375024396208_615x300.jpg\"><img loading=\"lazy\" decoding=\"async\" aria-describedby=\"caption-attachment-50892\" class=\"size-medium wp-image-50892\" alt=\" Papa convoca jovens a derrubarem barreiras de intoler\u00e2ncia e \u00f3dio e &quot;constru\u00edrem mundo novo&quot;.(Divulga\u00e7\u00e3o)\" src=\"http:\/\/senoticias.com.br\/se\/wp-content\/uploads\/2013\/07\/28jul2013-papa-francisco-se-despede-de-feis-da-jmj-jornada-mundial-da-juventude-no-fim-da-missa-de-encerramento-da-jornada-na-praia-de-copacabana-no-rio-de-janeiro-1375024396208_615x300-300x146.jpg\" width=\"300\" height=\"146\" srcset=\"https:\/\/senoticias.com.br\/se\/wp-content\/uploads\/2013\/07\/28jul2013-papa-francisco-se-despede-de-feis-da-jmj-jornada-mundial-da-juventude-no-fim-da-missa-de-encerramento-da-jornada-na-praia-de-copacabana-no-rio-de-janeiro-1375024396208_615x300-300x146.jpg 300w, https:\/\/senoticias.com.br\/se\/wp-content\/uploads\/2013\/07\/28jul2013-papa-francisco-se-despede-de-feis-da-jmj-jornada-mundial-da-juventude-no-fim-da-missa-de-encerramento-da-jornada-na-praia-de-copacabana-no-rio-de-janeiro-1375024396208_615x300-342x166.jpg 342w, https:\/\/senoticias.com.br\/se\/wp-content\/uploads\/2013\/07\/28jul2013-papa-francisco-se-despede-de-feis-da-jmj-jornada-mundial-da-juventude-no-fim-da-missa-de-encerramento-da-jornada-na-praia-de-copacabana-no-rio-de-janeiro-1375024396208_615x300.jpg 615w\" sizes=\"(max-width: 300px) 100vw, 300px\" \/><\/a><p id=\"caption-attachment-50892\" class=\"wp-caption-text\"><br \/>Papa convoca jovens a derrubarem barreiras de intoler\u00e2ncia e \u00f3dio e &#8220;constru\u00edrem mundo novo&#8221;.(Divulga\u00e7\u00e3o)<\/p><\/div>\n<p style=\"text-align: justify;\">O papa Francisco disse neste domingo (28), em seu \u00faltimo discurso no Brasil, j\u00e1 sentir saudades do &#8220;sorriso aberto e sincero&#8221; das pessoas que participaram da Jornada Mundial da Juventude, no Rio de Janeiro. Em seguida, ele embarcou na base a\u00e9rea do Gale\u00e3o, na zona norte do Rio, em dire\u00e7\u00e3o a Roma.<\/p>\n<p style=\"text-align: justify;\">O pont\u00edfice fez quest\u00e3o de citar as visitas ao hospital da Ordem Terceira, na quarta-feira (24), e \u00e0 favela de Varginha, na quinta (25), ambos na zona norte da capital fluminense. Ao fim do discurso, ele afirmou que &#8220;o papa vai embora e diz um &#8216;at\u00e9 breve&#8217; com saudades&#8221;.<\/p>\n<p style=\"text-align: justify;\">Durante a passagem por Aparecida, na quarta, o chefe da Igreja Cat\u00f3lica havia dito que retornaria ao Brasil em 2017, ano em que ser\u00e1 comemorado os 300 anos da apari\u00e7\u00e3o da imagem de Nossa Senhora Aparecida.<\/p>\n<p style=\"text-align: justify;\">&#8220;Neste momento, j\u00e1 come\u00e7o a sentir saudades. Saudades do Brasil, este povo t\u00e3o grande e de grande cora\u00e7\u00e3o; este povo t\u00e3o amoroso. Saudades do sorriso aberto e sincero que vi em tantas pessoas, saudades do entusiasmo dos volunt\u00e1rios. Saudades da esperan\u00e7a no olhar dos jovens no Hospital S\u00e3o Francisco. Saudades da f\u00e9 e da alegria em meio \u00e0 adversidade dos moradores de Varginha&#8221;, afirmou.<\/p>\n<p style=\"text-align: justify;\">&#8220;Tenho a certeza de que Cristo vive e est\u00e1 realmente presente no agir de tantos e tantos jovens e demais pessoas que encontrei nesta inesquec\u00edvel semana. Obrigado pelo acolhimento e o calor da amizade que me foram demonstrados. Tamb\u00e9m disso come\u00e7o a sentir saudades&#8221;, completou.<\/p>\n<p style=\"text-align: justify;\">Francisco fez ainda um agradecimento espec\u00edfico para a presidente da Rep\u00fablica, Dilma Rousseff, a quem chamou de &#8220;int\u00e9rprete dos sentimentos de todo o povo do Brasil&#8221;.<\/p>\n<p style=\"text-align: justify;\">O pont\u00edfice mencionou a passagem por Aparecida, que foi inclu\u00edda em sua agenda depois de um pedido pessoal dele pr\u00f3prio, e disse ter se ajoelhado no Santu\u00e1rio Nacional de Aparecida &#8220;em prece pela humanidade inteira e, de modo especial, por todos os brasileiros&#8221;.<\/p>\n<p style=\"text-align: justify;\">&#8220;Pedi a Maria que robuste\u00e7a em voc\u00eas a f\u00e9 crist\u00e3, que \u00e9 parte da nobre alma do Brasil, como tamb\u00e9m de muitos outros pa\u00edses, tesouro de sua cultura, alento e for\u00e7a para constru\u00edrem uma nova humanidade na conc\u00f3rdia e na solidariedade&#8221;, finalizou.<\/p>\n<p style=\"text-align: justify;\">Por fim, assim como fez em praticamente todos os seus discursos, Francisco pediu que os cat\u00f3licos brasileiros rezem por ele: &#8220;Este papa precisa da ora\u00e7\u00e3o de todos voc\u00eas. Um abra\u00e7o para todos. Que Deus lhes aben\u00e7oe!&#8221;.<\/p>\n","protected":false},"excerpt":{"rendered":"<p>Guilherme Balza, do UOL, no Rio &nbsp; O papa Francisco disse neste domingo (28), em seu \u00faltimo discurso no Brasil, j\u00e1 sentir saudades do &#8220;sorriso aberto e sincero&#8221; das pessoas que participaram da Jornada Mundial da Juventude, no Rio de Janeiro. Em seguida, ele embarcou na base a\u00e9rea do Gale\u00e3o, na zona norte do Rio, [&hellip;]<\/p>\n","protected":false},"author":3,"featured_media":50892,"comment_status":"closed","ping_status":"closed","sticky":false,"template":"","format":"standard","meta":{"footnotes":""},"categories":[310,46],"tags":[],"class_list":{"0":"post-50891","1":"post","2":"type-post","3":"status-publish","4":"format-standard","5":"has-post-thumbnail","7":"category-destaques-da-semana","8":"category-religiao"},"_links":{"self":[{"href":"https:\/\/senoticias.com.br\/se\/wp-json\/wp\/v2\/posts\/50891"}],"collection":[{"href":"https:\/\/senoticias.com.br\/se\/wp-json\/wp\/v2\/posts"}],"about":[{"href":"https:\/\/senoticias.com.br\/se\/wp-json\/wp\/v2\/types\/post"}],"author":[{"embeddable":true,"href":"https:\/\/senoticias.com.br\/se\/wp-json\/wp\/v2\/users\/3"}],"replies":[{"embeddable":true,"href":"https:\/\/senoticias.com.br\/se\/wp-json\/wp\/v2\/comments?post=50891"}],"version-history":[{"count":0,"href":"https:\/\/senoticias.com.br\/se\/wp-json\/wp\/v2\/posts\/50891\/revisions"}],"wp:featuredmedia":[{"embeddable":true,"href":"https:\/\/senoticias.com.br\/se\/wp-json\/wp\/v2\/media\/50892"}],"wp:attachment":[{"href":"https:\/\/senoticias.com.br\/se\/wp-json\/wp\/v2\/media?parent=50891"}],"wp:term":[{"taxonomy":"category","embeddable":true,"href":"https:\/\/senoticias.com.br\/se\/wp-json\/wp\/v2\/categories?post=50891"},{"taxonomy":"post_tag","embeddable":true,"href":"https:\/\/senoticias.com.br\/se\/wp-json\/wp\/v2\/tags?post=50891"}],"curies":[{"name":"wp","href":"https:\/\/api.w.org\/{rel}","templated":true}]}}