{"id":50877,"date":"2013-07-28T11:37:07","date_gmt":"2013-07-28T14:37:07","guid":{"rendered":"http:\/\/senoticias.com.br\/se\/?p=50877"},"modified":"2013-07-28T11:37:07","modified_gmt":"2013-07-28T14:37:07","slug":"morre-walter-franco-ex-prefeito-de-siriri","status":"publish","type":"post","link":"https:\/\/senoticias.com.br\/se\/morre-walter-franco-ex-prefeito-de-siriri\/","title":{"rendered":"Morre Walter Franco, ex-prefeito de Siriri"},"content":{"rendered":"<p>*Por Lays Millena<\/p>\n<div id=\"attachment_50878\" style=\"width: 310px\" class=\"wp-caption alignright\"><a href=\"http:\/\/senoticias.com.br\/se\/wp-content\/uploads\/2013\/07\/WF-SIRIRI.jpg\"><img loading=\"lazy\" decoding=\"async\" aria-describedby=\"caption-attachment-50878\" class=\"size-medium wp-image-50878\" alt=\" Morre Walter Franco, ex-prefeito de Siriri. (Reprodu\u00e7\u00e3o)\" src=\"http:\/\/senoticias.com.br\/se\/wp-content\/uploads\/2013\/07\/WF-SIRIRI-300x199.jpg\" width=\"300\" height=\"199\" srcset=\"https:\/\/senoticias.com.br\/se\/wp-content\/uploads\/2013\/07\/WF-SIRIRI-300x199.jpg 300w, https:\/\/senoticias.com.br\/se\/wp-content\/uploads\/2013\/07\/WF-SIRIRI.jpg 320w\" sizes=\"(max-width: 300px) 100vw, 300px\" \/><\/a><p id=\"caption-attachment-50878\" class=\"wp-caption-text\"><br \/>Morre Walter Franco, ex-prefeito de Siriri. (Reprodu\u00e7\u00e3o)<\/p><\/div>\n<p style=\"text-align: justify;\">Faleceu, no hospital S\u00e3o Lucas, na madrugada deste domingo (28), Walter Franco, ex-prefeito de Siriri. Em abril de 2012, Walter foi internado \u00e0s pressas no Hospital S\u00edrio-Liban\u00eas, ap\u00f3s ter apresentado um quadro de leucemia (c\u00e2ncer no sangue).<\/p>\n<p style=\"text-align: justify;\">Nas redes sociais, parentes e amigos lamentam o fato, entre eles o deputado Z\u00e9 Franco (PDT), primo do ex-prefeito. &#8220;Um homem correto e verdadeiro, que sempre soube valorizar as amizades. Que Deus o receba em um bom lugar!&#8221;, disse. O corpo est\u00e1 sendo velado no cemit\u00e9rio Colina da Saudade e o sepultamento ser\u00e1 realizado hoje, \u00e0s 17h.<\/p>\n","protected":false},"excerpt":{"rendered":"<p>*Por Lays Millena Faleceu, no hospital S\u00e3o Lucas, na madrugada deste domingo (28), Walter Franco, ex-prefeito de Siriri. Em abril de 2012, Walter foi internado \u00e0s pressas no Hospital S\u00edrio-Liban\u00eas, ap\u00f3s ter apresentado um quadro de leucemia (c\u00e2ncer no sangue). Nas redes sociais, parentes e amigos lamentam o fato, entre eles o deputado Z\u00e9 Franco [&hellip;]<\/p>\n","protected":false},"author":1,"featured_media":50878,"comment_status":"closed","ping_status":"closed","sticky":false,"template":"","format":"standard","meta":{"footnotes":""},"categories":[6],"tags":[],"class_list":{"0":"post-50877","1":"post","2":"type-post","3":"status-publish","4":"format-standard","5":"has-post-thumbnail","7":"category-politica"},"_links":{"self":[{"href":"https:\/\/senoticias.com.br\/se\/wp-json\/wp\/v2\/posts\/50877"}],"collection":[{"href":"https:\/\/senoticias.com.br\/se\/wp-json\/wp\/v2\/posts"}],"about":[{"href":"https:\/\/senoticias.com.br\/se\/wp-json\/wp\/v2\/types\/post"}],"author":[{"embeddable":true,"href":"https:\/\/senoticias.com.br\/se\/wp-json\/wp\/v2\/users\/1"}],"replies":[{"embeddable":true,"href":"https:\/\/senoticias.com.br\/se\/wp-json\/wp\/v2\/comments?post=50877"}],"version-history":[{"count":0,"href":"https:\/\/senoticias.com.br\/se\/wp-json\/wp\/v2\/posts\/50877\/revisions"}],"wp:featuredmedia":[{"embeddable":true,"href":"https:\/\/senoticias.com.br\/se\/wp-json\/wp\/v2\/media\/50878"}],"wp:attachment":[{"href":"https:\/\/senoticias.com.br\/se\/wp-json\/wp\/v2\/media?parent=50877"}],"wp:term":[{"taxonomy":"category","embeddable":true,"href":"https:\/\/senoticias.com.br\/se\/wp-json\/wp\/v2\/categories?post=50877"},{"taxonomy":"post_tag","embeddable":true,"href":"https:\/\/senoticias.com.br\/se\/wp-json\/wp\/v2\/tags?post=50877"}],"curies":[{"name":"wp","href":"https:\/\/api.w.org\/{rel}","templated":true}]}}