{"id":50870,"date":"2013-07-27T17:56:50","date_gmt":"2013-07-27T20:56:50","guid":{"rendered":"http:\/\/senoticias.com.br\/se\/?p=50870"},"modified":"2013-07-29T11:39:37","modified_gmt":"2013-07-29T14:39:37","slug":"brasil-deve-atingir-hoje-marca-de-r-900-bilhoes-em-impostos-pagos","status":"publish","type":"post","link":"https:\/\/senoticias.com.br\/se\/brasil-deve-atingir-hoje-marca-de-r-900-bilhoes-em-impostos-pagos\/","title":{"rendered":"Brasil deve atingir hoje marca de R$ 900 bilh\u00f5es em impostos pagos"},"content":{"rendered":"<p><em><strong>Do UOL, em S\u00e3o Paulo<\/strong><\/em><\/p>\n<p>&nbsp;<\/p>\n<div id=\"attachment_32818\" style=\"width: 310px\" class=\"wp-caption alignright\"><a href=\"http:\/\/senoticias.com.br\/se\/wp-content\/uploads\/2012\/05\/2011-388175207-2011050476645.jpg_20110504-2.jpg\"><img loading=\"lazy\" decoding=\"async\" aria-describedby=\"caption-attachment-32818\" class=\"size-medium wp-image-32818\" alt=\"  O impost\u00f4metro da Associa\u00e7\u00e3o Comercial de S\u00e3o Paulo (ACSP) , chega a marca de R$ 500 bilh\u00f5es em impostos federais, estaduais e municipais Marcos Alves \/ Ag\u00eancia O Globo\" src=\"http:\/\/senoticias.com.br\/se\/wp-content\/uploads\/2012\/05\/2011-388175207-2011050476645.jpg_20110504-2-300x225.jpg\" width=\"300\" height=\"225\" srcset=\"https:\/\/senoticias.com.br\/se\/wp-content\/uploads\/2012\/05\/2011-388175207-2011050476645.jpg_20110504-2-300x225.jpg 300w, https:\/\/senoticias.com.br\/se\/wp-content\/uploads\/2012\/05\/2011-388175207-2011050476645.jpg_20110504-2-342x256.jpg 342w, https:\/\/senoticias.com.br\/se\/wp-content\/uploads\/2012\/05\/2011-388175207-2011050476645.jpg_20110504-2-60x45.jpg 60w, https:\/\/senoticias.com.br\/se\/wp-content\/uploads\/2012\/05\/2011-388175207-2011050476645.jpg_20110504-2-150x113.jpg 150w, https:\/\/senoticias.com.br\/se\/wp-content\/uploads\/2012\/05\/2011-388175207-2011050476645.jpg_20110504-2-269x201.jpg 269w, https:\/\/senoticias.com.br\/se\/wp-content\/uploads\/2012\/05\/2011-388175207-2011050476645.jpg_20110504-2.jpg 500w\" sizes=\"(max-width: 300px) 100vw, 300px\" \/><\/a><p id=\"caption-attachment-32818\" class=\"wp-caption-text\">O impost\u00f4metro da Associa\u00e7\u00e3o Comercial de S\u00e3o Paulo (ACSP) ,deve atingir hoje a marca de R$ 900 bilh\u00f5es em impostos federais, estaduais e municipais. (Foto: Marcos Alves \/ Ag\u00eancia O Globo)<\/p><\/div>\n<p style=\"text-align: justify;\">O Brasil deve atingir, por volta das 23h30 deste s\u00e1bado (27), a marca de R$ 900 bilh\u00f5es de impostos federais, estaduais e municipais pagos desde o primeiro dia deste ano, revelam dados do Impost\u00f4metro da ACSP (Associa\u00e7\u00e3o Comercial de S\u00e3o Paulo).<\/p>\n<p style=\"text-align: justify;\">Neste ano, a marca ser\u00e1 atingida seis dias antes do que no ano passado, o que comprova o crescimento da arrecada\u00e7\u00e3o tribut\u00e1ria.<\/p>\n<p style=\"text-align: justify;\">&#8220;Os cidad\u00e3os precisam ser informados sobre o quanto est\u00e3o pagando. Queremos que todos saibam que nada \u00e9 de gra\u00e7a &#8211;nem escola, nem hospital, nem servi\u00e7o p\u00fablico algum&#8221;, afirma o presidente da ACSP e da Federa\u00e7\u00e3o das Associa\u00e7\u00f5es Comerciais do Estado de S\u00e3o Paulo, Rog\u00e9rio Amato.<\/p>\n<p style=\"text-align: justify;\"><strong>Impost\u00f4metro<\/strong><\/p>\n<p style=\"text-align: justify;\">O painel do Impost\u00f4metro foi inaugurado em 20 de abril de 2005 e est\u00e1 instalado no pr\u00e9dio da sede da ACSP. Tamb\u00e9m pela internet qualquer cidad\u00e3o pode acompanhar o total de impostos pagos pelos brasileiros aos governos federal, estadual e municipal, de acordo com os Estados e munic\u00edpios.<\/p>\n<p style=\"text-align: justify;\">O sistema informa ainda o total de impostos pagos desde janeiro do ano 2000 e faz estimativas de quanto ser\u00e1 pago at\u00e9 dezembro deste ano.<\/p>\n<p style=\"text-align: justify;\"><strong>Brasileiro trabalhou at\u00e9 30\/5 s\u00f3 para pagar tributos<\/strong><\/p>\n<p style=\"text-align: justify;\">O contribuinte brasileiro trabalhou at\u00e9 30 de maio s\u00f3 para pagar impostos. Segundo c\u00e1lculos do IBPT (Instituto Brasileiro de Planejamento Tribut\u00e1rio), o brasileiro m\u00e9dio pagar\u00e1 de impostos neste ano o equivalente ao que ganhar\u00e1 durante 150 dias de trabalho (de 1\u00ba de janeiro at\u00e9 amanh\u00e3, 30 de maio).<\/p>\n<p style=\"text-align: justify;\">A conta inclui todos os tributos \u2013impostos, taxas e contribui\u00e7\u00f5es cobrados pelo governo federal, Estados e munic\u00edpios. S\u00e3o itens como Imposto de Renda, IPTU, IPVA, PIS, Cofins, ICMS, IPI, ISS, contribui\u00e7\u00f5es previdenci\u00e1rias, sindicais, taxas de limpeza p\u00fablica, coleta de lixo, ilumina\u00e7\u00e3o p\u00fablica e emiss\u00e3o de documentos.<\/p>\n<p style=\"text-align: justify;\"><strong>Brasil cobra imposto caro, mas \u00e9 o que d\u00e1 menos retorno \u00e0 sociedade<\/strong><\/p>\n<p style=\"text-align: justify;\">Segundo outro estudo do IBPT, o Brasil aparece entre os 30 pa\u00edses do mundo que mais cobram impostos do mundo pela quarta vez seguida. Tamb\u00e9m pela quarta vez, o pa\u00eds ocupa a lanterna em termos de qualidade dos servi\u00e7os p\u00fablicos prestados \u00e0 popula\u00e7\u00e3o.<\/p>\n<p style=\"text-align: justify;\">Quando se avalia a rela\u00e7\u00e3o entre carga tribut\u00e1ria e qualidade dos servi\u00e7os p\u00fablicos \u2013como educa\u00e7\u00e3o, sa\u00fade e transporte&#8211;, o Brasil fica atr\u00e1s dos vizinhos Uruguai (13\u00ba) e Argentina (21\u00ba).<\/p>\n<p style=\"text-align: justify;\">Estados Unidos, Austr\u00e1lia e Coreia do Sul ocupam as primeiras posi\u00e7\u00f5es.<\/p>\n<p>(Com InfoMoney)<\/p>\n","protected":false},"excerpt":{"rendered":"<p>Do UOL, em S\u00e3o Paulo &nbsp; O Brasil deve atingir, por volta das 23h30 deste s\u00e1bado (27), a marca de R$ 900 bilh\u00f5es de impostos federais, estaduais e municipais pagos desde o primeiro dia deste ano, revelam dados do Impost\u00f4metro da ACSP (Associa\u00e7\u00e3o Comercial de S\u00e3o Paulo). Neste ano, a marca ser\u00e1 atingida seis dias [&hellip;]<\/p>\n","protected":false},"author":1,"featured_media":32818,"comment_status":"closed","ping_status":"closed","sticky":false,"template":"","format":"standard","meta":{"footnotes":""},"categories":[15,310],"tags":[],"class_list":{"0":"post-50870","1":"post","2":"type-post","3":"status-publish","4":"format-standard","5":"has-post-thumbnail","7":"category-destaques","8":"category-destaques-da-semana"},"_links":{"self":[{"href":"https:\/\/senoticias.com.br\/se\/wp-json\/wp\/v2\/posts\/50870"}],"collection":[{"href":"https:\/\/senoticias.com.br\/se\/wp-json\/wp\/v2\/posts"}],"about":[{"href":"https:\/\/senoticias.com.br\/se\/wp-json\/wp\/v2\/types\/post"}],"author":[{"embeddable":true,"href":"https:\/\/senoticias.com.br\/se\/wp-json\/wp\/v2\/users\/1"}],"replies":[{"embeddable":true,"href":"https:\/\/senoticias.com.br\/se\/wp-json\/wp\/v2\/comments?post=50870"}],"version-history":[{"count":0,"href":"https:\/\/senoticias.com.br\/se\/wp-json\/wp\/v2\/posts\/50870\/revisions"}],"wp:featuredmedia":[{"embeddable":true,"href":"https:\/\/senoticias.com.br\/se\/wp-json\/wp\/v2\/media\/32818"}],"wp:attachment":[{"href":"https:\/\/senoticias.com.br\/se\/wp-json\/wp\/v2\/media?parent=50870"}],"wp:term":[{"taxonomy":"category","embeddable":true,"href":"https:\/\/senoticias.com.br\/se\/wp-json\/wp\/v2\/categories?post=50870"},{"taxonomy":"post_tag","embeddable":true,"href":"https:\/\/senoticias.com.br\/se\/wp-json\/wp\/v2\/tags?post=50870"}],"curies":[{"name":"wp","href":"https:\/\/api.w.org\/{rel}","templated":true}]}}