{"id":50867,"date":"2013-07-27T14:51:10","date_gmt":"2013-07-27T17:51:10","guid":{"rendered":"http:\/\/senoticias.com.br\/se\/?p=50867"},"modified":"2013-07-29T11:02:37","modified_gmt":"2013-07-29T14:02:37","slug":"drauzio-varella-oposicao-a-lei-de-estupro-e-fascismo-em-nome-de-deus","status":"publish","type":"post","link":"https:\/\/senoticias.com.br\/se\/drauzio-varella-oposicao-a-lei-de-estupro-e-fascismo-em-nome-de-deus\/","title":{"rendered":"Drauzio Varella: oposi\u00e7\u00e3o a lei de estupro \u00e9 fascismo em nome de Deus"},"content":{"rendered":"<div id=\"attachment_50868\" style=\"width: 310px\" class=\"wp-caption alignright\"><a href=\"http:\/\/senoticias.com.br\/se\/wp-content\/uploads\/2013\/07\/drauzio-varella.jpg\"><img loading=\"lazy\" decoding=\"async\" aria-describedby=\"caption-attachment-50868\" class=\"size-medium wp-image-50868\" alt=\"Drauzio: h\u00e1 manh\u00e3s em que fico revoltado ao ler os jornais. (Divulga\u00e7\u00e3o)\" src=\"http:\/\/senoticias.com.br\/se\/wp-content\/uploads\/2013\/07\/drauzio-varella-300x222.jpg\" width=\"300\" height=\"222\" srcset=\"https:\/\/senoticias.com.br\/se\/wp-content\/uploads\/2013\/07\/drauzio-varella-300x222.jpg 300w, https:\/\/senoticias.com.br\/se\/wp-content\/uploads\/2013\/07\/drauzio-varella-342x253.jpg 342w, https:\/\/senoticias.com.br\/se\/wp-content\/uploads\/2013\/07\/drauzio-varella-60x45.jpg 60w, https:\/\/senoticias.com.br\/se\/wp-content\/uploads\/2013\/07\/drauzio-varella.jpg 584w\" sizes=\"(max-width: 300px) 100vw, 300px\" \/><\/a><p id=\"caption-attachment-50868\" class=\"wp-caption-text\">Drauzio: h\u00e1 manh\u00e3s em que fico revoltado ao ler os jornais. (Divulga\u00e7\u00e3o)<\/p><\/div>\n<p style=\"text-align: justify;\"><em><strong>*Por Drauzio Varella<\/strong><\/em><\/p>\n<p style=\"text-align: justify;\">Aconteceu segunda-feira passada quando vi a manchete de &#8220;O Globo&#8221;: &#8220;Press\u00e3o religiosa&#8221;, com o subt\u00edtulo: &#8220;\u00c0 espera do papa, Dilma enfrenta lobby para vetar o projeto para v\u00edtimas de estupro que Igreja associa a aborto&#8221;.<\/p>\n<p style=\"text-align: justify;\">Esse projeto de lei, que tramita desde 1999, acaba de ser aprovado em plen\u00e1rio pela C\u00e2mara e pelo Senado e encaminhado \u00e0 Presid\u00eancia da Rep\u00fablica, que tem at\u00e9 1\u00ba de agosto para sancion\u00e1-lo.<\/p>\n<p style=\"text-align: justify;\">Se n\u00e3o houver veto, todos os hospitais p\u00fablicos ser\u00e3o obrigados a atender em car\u00e1ter emergencial e multidisciplinar as v\u00edtimas de viol\u00eancia sexual.<\/p>\n<p style=\"text-align: justify;\">Na verdade, o direito \u00e0 assist\u00eancia em casos de estupro est\u00e1 previsto na Constitui\u00e7\u00e3o. O SUS disp\u00f5e de protocolos aprovados pelo Minist\u00e9rio da Sa\u00fade especificamente para esse tipo de crime, que recomendam antibi\u00f3ticos para evitar doen\u00e7as sexualmente transmiss\u00edveis, antivirais contra o HIV, cuidados ginecol\u00f3gicos e assist\u00eancia psicol\u00f3gica e social.<\/p>\n<p style=\"text-align: justify;\">O problema \u00e9 que os hospitais p\u00fablicos e muitos de meus colegas, m\u00e9dicos, simplesmente se omitem nesses casos, de forma que o atendimento acaba restrito \u00e0s unidades especializadas, quase nunca acess\u00edveis \u00e0s mulheres pobres.<\/p>\n<p style=\"text-align: justify;\">O Hospital P\u00e9rola Byington \u00e9 uma das poucas unidades da Secretaria da Sa\u00fade de S\u00e3o Paulo encarregadas dessa fun\u00e7\u00e3o. L\u00e1, desde a funda\u00e7\u00e3o do Ambulat\u00f3rio de Viol\u00eancia Sexual, em 1994, foram admitidas 27 mil crian\u00e7as, adolescentes e mulheres adultas.<\/p>\n<p style=\"text-align: justify;\">Em m\u00e9dia, procuram o hospital diariamente 15 v\u00edtimas de estupro, n\u00famero que provavelmente representa 10% do total de ocorr\u00eancias, porque antes h\u00e1 que enfrentar as humilha\u00e7\u00f5es das delegacias para lavrar o boletim de ocorr\u00eancia.<\/p>\n<p style=\"text-align: justify;\">As que n\u00e3o desistem ainda precisam passar pelo Instituto M\u00e9dico Legal, para s\u00f3 ent\u00e3o chegar ao ambulat\u00f3rio do SUS, calv\u00e1rio que em quase todas as cidades exige percorrer dezenas de quil\u00f4metros, porque faltam servi\u00e7os especializados mesmo em munic\u00edpios grandes. No P\u00e9rola Byington, no Estado mais rico da federa\u00e7\u00e3o, mais da metade das pacientes vem da Grande S\u00e3o Paulo e de munic\u00edpios do interior.<\/p>\n<p style=\"text-align: justify;\">Em entrevista \u00e0 jornalista Juliana Conte, o m\u00e9dico Jefferson Drezzet, coordenador desse ambulat\u00f3rio, afirmou: &#8220;Mesmo estando claro que o atendimento imediato \u00e9 medida leg\u00edtima, na pr\u00e1tica ele n\u00e3o acontece. Criar uma lei que garanta \u00e0s mulheres um direito j\u00e1 adquirido \u00e9 apenas reconhecer que, embora as normas do SUS j\u00e1 existam, o acesso a elas s\u00f3 ser\u00e1 assegurado por meio de uma for\u00e7a maior. Precisar de lei que obrigue os servi\u00e7os de sa\u00fade a cumprir suas fun\u00e7\u00f5es \u00e9 uma tristeza&#8221;.<\/p>\n<p style=\"text-align: justify;\">Agora, vamos ao ponto crucial: um dos artigos do projeto determina que a rede p\u00fablica precisa garantir, al\u00e9m do tratamento de les\u00f5es f\u00edsicas e o apoio psicol\u00f3gico, tamb\u00e9m a &#8220;profilaxia da gravidez&#8221;. Segundo a deputada Iara Bernardi, autora do projeto de lei, essa express\u00e3o significa assegurar acesso a medicamentos como a p\u00edlula do dia seguinte. A palavra aborto sequer \u00e9 mencionada.<\/p>\n<p style=\"text-align: justify;\">Na semana passada, o secret\u00e1rio-geral da Presid\u00eancia recebeu em audi\u00eancia um grupo de padres e leigos de um movimento intitulado Pr\u00f3-Vida, que se op\u00f5e ao projeto por consider\u00e1-lo favor\u00e1vel ao aborto.<\/p>\n<p style=\"text-align: justify;\">Pr\u00f3-Vida \u00e9 o movimento que teve mais de 19 milh\u00f5es de panfletos apreendidos pela Pol\u00edcia Federal, na elei\u00e7\u00e3o de 2010, por associar \u00e0 aprova\u00e7\u00e3o do aborto a ent\u00e3o candidata Dilma Rousseff.<\/p>\n<p style=\"text-align: justify;\">Na audi\u00eancia, o documento entregue pelo vice-presidente do movimento foi enf\u00e1tico: &#8220;As consequ\u00eancias chegar\u00e3o \u00e0 milit\u00e2ncia pr\u00f3-vida causando grande atrito e desgaste para Vossa Excel\u00eancia, senhora presidente, que prometeu em sua campanha eleitoral nada fazer para instaurar o aborto em nosso pa\u00eds&#8221;.<\/p>\n<p style=\"text-align: justify;\">Quem s\u00e3o, e quantos s\u00e3o, esses arautos da moral e dos bons costumes? De onde lhes vem a autoridade para amea\u00e7ar em p\u00fablico a presidente da Rep\u00fablica?<\/p>\n<p style=\"text-align: justify;\">Um Estado laico tem direito de submeter a sociedade inteira a uma minoria de fan\u00e1ticos decididos a impor suas idiossincrasias e intoler\u00e2ncias em nome de Deus? Em que documento est\u00e1 registrada a palavra do Criador que os nomeia detentores exclusivos da verdade? Quanto sofrimento humano ser\u00e1 necess\u00e1rio para aplacar-lhes a insensibilidade social e a sanha punitiva?<\/p>\n<p>&nbsp;<\/p>\n<p><strong>* Drauzio Varella \u00e9 m\u00e9dico cancerologista.<\/strong> Por 20 anos dirigiu o servi\u00e7o de Imunologia do Hospital do C\u00e2ncer. Foi um dos pioneiros no tratamento da Aids no Brasil e do trabalho em pres\u00eddios, ao qual se dedica ainda hoje. \u00c9 autor do livro &#8220;Esta\u00e7\u00e3o Carandiru&#8221; (Companhia das Letras).<\/p>\n","protected":false},"excerpt":{"rendered":"<p>*Por Drauzio Varella Aconteceu segunda-feira passada quando vi a manchete de &#8220;O Globo&#8221;: &#8220;Press\u00e3o religiosa&#8221;, com o subt\u00edtulo: &#8220;\u00c0 espera do papa, Dilma enfrenta lobby para vetar o projeto para v\u00edtimas de estupro que Igreja associa a aborto&#8221;. Esse projeto de lei, que tramita desde 1999, acaba de ser aprovado em plen\u00e1rio pela C\u00e2mara e [&hellip;]<\/p>\n","protected":false},"author":1,"featured_media":50868,"comment_status":"closed","ping_status":"closed","sticky":false,"template":"","format":"standard","meta":{"footnotes":""},"categories":[6],"tags":[],"class_list":{"0":"post-50867","1":"post","2":"type-post","3":"status-publish","4":"format-standard","5":"has-post-thumbnail","7":"category-politica"},"_links":{"self":[{"href":"https:\/\/senoticias.com.br\/se\/wp-json\/wp\/v2\/posts\/50867"}],"collection":[{"href":"https:\/\/senoticias.com.br\/se\/wp-json\/wp\/v2\/posts"}],"about":[{"href":"https:\/\/senoticias.com.br\/se\/wp-json\/wp\/v2\/types\/post"}],"author":[{"embeddable":true,"href":"https:\/\/senoticias.com.br\/se\/wp-json\/wp\/v2\/users\/1"}],"replies":[{"embeddable":true,"href":"https:\/\/senoticias.com.br\/se\/wp-json\/wp\/v2\/comments?post=50867"}],"version-history":[{"count":0,"href":"https:\/\/senoticias.com.br\/se\/wp-json\/wp\/v2\/posts\/50867\/revisions"}],"wp:featuredmedia":[{"embeddable":true,"href":"https:\/\/senoticias.com.br\/se\/wp-json\/wp\/v2\/media\/50868"}],"wp:attachment":[{"href":"https:\/\/senoticias.com.br\/se\/wp-json\/wp\/v2\/media?parent=50867"}],"wp:term":[{"taxonomy":"category","embeddable":true,"href":"https:\/\/senoticias.com.br\/se\/wp-json\/wp\/v2\/categories?post=50867"},{"taxonomy":"post_tag","embeddable":true,"href":"https:\/\/senoticias.com.br\/se\/wp-json\/wp\/v2\/tags?post=50867"}],"curies":[{"name":"wp","href":"https:\/\/api.w.org\/{rel}","templated":true}]}}