{"id":50864,"date":"2013-07-27T14:39:03","date_gmt":"2013-07-27T17:39:03","guid":{"rendered":"http:\/\/senoticias.com.br\/se\/?p=50864"},"modified":"2013-07-28T12:57:16","modified_gmt":"2013-07-28T15:57:16","slug":"mais-de-15-milhao-de-peregrinos-devem-participar-do-encerramento-da-jmj","status":"publish","type":"post","link":"https:\/\/senoticias.com.br\/se\/mais-de-15-milhao-de-peregrinos-devem-participar-do-encerramento-da-jmj\/","title":{"rendered":"Papa convoca jovens a derrubar barreiras de intoler\u00e2ncia e \u00f3dio e &#8220;construir mundo novo&#8221;"},"content":{"rendered":"<p>&nbsp;<\/p>\n<h5><em><strong>Carolina Farias e Larissa Baroni,do UOL, no Rio<\/strong><\/em><\/h5>\n<p>&nbsp;<\/p>\n<div id=\"attachment_50886\" style=\"width: 310px\" class=\"wp-caption alignright\"><a href=\"http:\/\/senoticias.com.br\/se\/wp-content\/uploads\/2013\/07\/28jul2013-papa-francisco-celebra-missa-de-encerramento-da-jmj-jornada-mundial-da-juventude-na-praia-de-copacabana-no-rio-de-janeiro-1375019592017_1280x720.jpg\"><img loading=\"lazy\" decoding=\"async\" aria-describedby=\"caption-attachment-50886\" class=\"size-medium wp-image-50886\" alt=\"Papa convoca jovens a derrubar barreiras de intoler\u00e2ncia e \u00f3dio. (Divulga\u00e7\u00e3o)\" src=\"http:\/\/senoticias.com.br\/se\/wp-content\/uploads\/2013\/07\/28jul2013-papa-francisco-celebra-missa-de-encerramento-da-jmj-jornada-mundial-da-juventude-na-praia-de-copacabana-no-rio-de-janeiro-1375019592017_1280x720-300x168.jpg\" width=\"300\" height=\"168\" srcset=\"https:\/\/senoticias.com.br\/se\/wp-content\/uploads\/2013\/07\/28jul2013-papa-francisco-celebra-missa-de-encerramento-da-jmj-jornada-mundial-da-juventude-na-praia-de-copacabana-no-rio-de-janeiro-1375019592017_1280x720-300x168.jpg 300w, https:\/\/senoticias.com.br\/se\/wp-content\/uploads\/2013\/07\/28jul2013-papa-francisco-celebra-missa-de-encerramento-da-jmj-jornada-mundial-da-juventude-na-praia-de-copacabana-no-rio-de-janeiro-1375019592017_1280x720-342x192.jpg 342w, https:\/\/senoticias.com.br\/se\/wp-content\/uploads\/2013\/07\/28jul2013-papa-francisco-celebra-missa-de-encerramento-da-jmj-jornada-mundial-da-juventude-na-praia-de-copacabana-no-rio-de-janeiro-1375019592017_1280x720.jpg 512w\" sizes=\"(max-width: 300px) 100vw, 300px\" \/><\/a><p id=\"caption-attachment-50886\" class=\"wp-caption-text\">Papa convoca jovens a derrubar barreiras de intoler\u00e2ncia e \u00f3dio. (Divulga\u00e7\u00e3o)<\/p><\/div>\n<p style=\"text-align: justify;\">Diante de uma multid\u00e3o que lotou toda a praia de Copacabana, na zona sul do Rio de Janeiro, na manh\u00e3 deste domingo (28), para participar da missa de encerramento da Jornada Mundial da Juventude, o papa Francisco disse aos jovens peregrinos que n\u00e3o tenham medo de evangelizar outros jovens e de levar sua f\u00e9 para outros lugares. Ele afirmou que a evangeliza\u00e7\u00e3o \u00e9 um dos caminhos para &#8220;derrubar as barreiras do ego\u00edsmo, da intoler\u00e2ncia e do \u00f3dio&#8221; e incentivou os presentes a &#8220;construir um novo mundo&#8221;.<\/p>\n<p style=\"text-align: justify;\">&#8220;Queridos jovens, regressando as suas casas, n\u00e3o tenham medo de ser generosos com Cristo, de testemunhar o seu Evangelho. (&#8230;) Levar o Evangelho \u00e9 levar a for\u00e7a de Deus para extirpar e destruir o mal e a viol\u00eancia; para devastar e derrubar as barreiras do ego\u00edsmo, da intoler\u00e2ncia e do \u00f3dio&#8221;, afirmou Francisco.<\/p>\n<p style=\"text-align: justify;\">Pedindo \u00e0 juventude cat\u00f3lica que siga no sentido de &#8220;construir um novo mundo&#8221;, o pont\u00edfice disse que a Igreja precisa &#8220;do entusiasmo, da alegria e da criatividade&#8221; dos jovens. &#8220;Jesus Cristo conta com voc\u00eas, a Igreja conta com voc\u00eas, o papa conta com voc\u00eas&#8221;, disse Francisco.<\/p>\n<p style=\"text-align: justify;\">J\u00e1 no in\u00edcio de sua mensagem, o papa disse aos presentes que &#8220;foi bom&#8221; participar do encontro com os jovens dos &#8220;quatro cantos da Terra&#8221;, mas que agora essa juventude deve transmitir aos demais a experi\u00eancia que teve no Rio de Janeiro.<\/p>\n<p style=\"text-align: justify;\">Francisco dividiu sua homilia em tr\u00eas mensagens principais, definidas por ele como &#8220;tr\u00eas palavras&#8221;. Na primeira delas, o papa falou sobre a import\u00e2ncia de compartilhar a f\u00e9.<\/p>\n<p style=\"text-align: justify;\">&#8220;A experi\u00eancia deste encontro n\u00e3o pode ficar trancafiada na vida de voc\u00eas ou no pequeno grupo da par\u00f3quia, do movimento, da comunidade de voc\u00eas. Seria como cortar o oxig\u00eanio a uma chama que arde. A f\u00e9 \u00e9 uma chama que se faz tanto mais viva quanto mais \u00e9 partilhada, transmitida, para que todos possam conhecer, amar e professar que Jesus Cristo \u00e9 o Senhor da vida e da hist\u00f3ria&#8221;, pediu o papa.<\/p>\n<p style=\"text-align: justify;\">A &#8220;segunda palavra&#8221; mencionou o medo de evangelizar, que deve ser combatido, de acordo com o papa, em conjunto.<\/p>\n<p style=\"text-align: justify;\">&#8220;Quando enfrentamos juntos os desafios, ent\u00e3o somos fortes, descobrimos recursos que n\u00e3o sab\u00edamos que t\u00ednhamos&#8221;, falou o papa, que tamb\u00e9m convocou a Igreja a apoiar os jovens.<\/p>\n<p style=\"text-align: justify;\">&#8220;Queria dar uma palavra tamb\u00e9m a voc\u00eas, queridos sacerdotes, que concelebram comigo essa eucaristia: voc\u00eas vieram acompanhando os seus jovens, e \u00e9 uma coisa bela partilhar essa experi\u00eancia de f\u00e9. Mas essa \u00e9 uma etapa do caminho. Continuem acompanhando os jovens com generosidade e alegria, ajudem-lhes a se comprometer ativamente na Igreja; que eles nunca se sintam sozinhos&#8221;.<\/p>\n<p style=\"text-align: justify;\">A \u00faltima etapa da mensagem foi dedicada ao &#8220;servir&#8221;. Francisco pediu aos jovens que a vida de cada um &#8220;se identifique com a vida de Jesus&#8221;, que seria uma &#8220;vida para os demais&#8221;.<\/p>\n<p style=\"text-align: justify;\"><strong>Agenda<\/strong><\/p>\n<p style=\"text-align: justify;\">No come\u00e7o da tarde, o pont\u00edfice retorna de helic\u00f3ptero para almo\u00e7ar na Resid\u00eancia Assun\u00e7\u00e3o, no Sumar\u00e9, zona norte, onde est\u00e1 hospedado desde que chegou ao Rio de Janeiro na \u00faltima segunda-feira (22).<\/p>\n<p style=\"text-align: justify;\">Por volta das 16h, ele se encontra no local com a coordena\u00e7\u00e3o do Conselho Episcopal Latino-Americano e logo depois se despede da Resid\u00eancia Assun\u00e7\u00e3o.<\/p>\n<p style=\"text-align: justify;\">\u00c0s 17h30, o papa Francisco participar\u00e1 de um encontro com cerca de 15 mil volunt\u00e1rios da Jornada Mundial da Juventude, no Riocentro, na zona oeste da cidade. O pont\u00edfice deve fazer um discurso aos jovens.<\/p>\n<p style=\"text-align: justify;\">Ap\u00f3s deixar o Riocentro, o papa segue em dire\u00e7\u00e3o ao aeroporto internacional do Rio de Janeiro &#8211;Gale\u00e3o\/Ant\u00f4nio Carlos Jobim&#8211;, na zona norte, onde far\u00e1 um discurso de despedida e embarcar\u00e1 rumo a Roma.<\/p>\n","protected":false},"excerpt":{"rendered":"<p>&nbsp; Carolina Farias e Larissa Baroni,do UOL, no Rio &nbsp; Diante de uma multid\u00e3o que lotou toda a praia de Copacabana, na zona sul do Rio de Janeiro, na manh\u00e3 deste domingo (28), para participar da missa de encerramento da Jornada Mundial da Juventude, o papa Francisco disse aos jovens peregrinos que n\u00e3o tenham medo [&hellip;]<\/p>\n","protected":false},"author":1,"featured_media":50886,"comment_status":"closed","ping_status":"closed","sticky":false,"template":"","format":"standard","meta":{"footnotes":""},"categories":[6,46],"tags":[],"class_list":{"0":"post-50864","1":"post","2":"type-post","3":"status-publish","4":"format-standard","5":"has-post-thumbnail","7":"category-politica","8":"category-religiao"},"_links":{"self":[{"href":"https:\/\/senoticias.com.br\/se\/wp-json\/wp\/v2\/posts\/50864"}],"collection":[{"href":"https:\/\/senoticias.com.br\/se\/wp-json\/wp\/v2\/posts"}],"about":[{"href":"https:\/\/senoticias.com.br\/se\/wp-json\/wp\/v2\/types\/post"}],"author":[{"embeddable":true,"href":"https:\/\/senoticias.com.br\/se\/wp-json\/wp\/v2\/users\/1"}],"replies":[{"embeddable":true,"href":"https:\/\/senoticias.com.br\/se\/wp-json\/wp\/v2\/comments?post=50864"}],"version-history":[{"count":0,"href":"https:\/\/senoticias.com.br\/se\/wp-json\/wp\/v2\/posts\/50864\/revisions"}],"wp:featuredmedia":[{"embeddable":true,"href":"https:\/\/senoticias.com.br\/se\/wp-json\/wp\/v2\/media\/50886"}],"wp:attachment":[{"href":"https:\/\/senoticias.com.br\/se\/wp-json\/wp\/v2\/media?parent=50864"}],"wp:term":[{"taxonomy":"category","embeddable":true,"href":"https:\/\/senoticias.com.br\/se\/wp-json\/wp\/v2\/categories?post=50864"},{"taxonomy":"post_tag","embeddable":true,"href":"https:\/\/senoticias.com.br\/se\/wp-json\/wp\/v2\/tags?post=50864"}],"curies":[{"name":"wp","href":"https:\/\/api.w.org\/{rel}","templated":true}]}}