{"id":50856,"date":"2013-07-27T06:28:53","date_gmt":"2013-07-27T09:28:53","guid":{"rendered":"http:\/\/senoticias.com.br\/se\/?p=50856"},"modified":"2013-07-27T06:28:53","modified_gmt":"2013-07-27T09:28:53","slug":"sport-vence-a-quarta-seguida-e-assume-vice-lideranca-da-serie-b","status":"publish","type":"post","link":"https:\/\/senoticias.com.br\/se\/sport-vence-a-quarta-seguida-e-assume-vice-lideranca-da-serie-b\/","title":{"rendered":"Sport vence a quarta seguida e assume vice-lideran\u00e7a da S\u00e9rie B"},"content":{"rendered":"<p>&nbsp;<\/p>\n<h5><em><strong>Esportes.terra.com.br<\/strong><\/em><\/h5>\n<p>&nbsp;<\/p>\n<p>&nbsp;<\/p>\n<p style=\"text-align: justify;\">O Sport conseguiu, na noite desta sexta-feira, alcan\u00e7ar a quarta vit\u00f3ria consecutiva na S\u00e9rie B do Campeonato Brasileiro. Com boa atua\u00e7\u00e3o do meio-campista Lucas Lima, a equipe pernambucana venceu o Oeste por 2 a 0, na Ilha do Retiro, em duelo v\u00e1lido pela d\u00e9cima rodada da competi\u00e7\u00e3o, e assumiu a vice-lideran\u00e7a da S\u00e9rie B.<\/p>\n<div id=\"attachment_50857\" style=\"width: 605px\" class=\"wp-caption aligncenter\"><a href=\"http:\/\/senoticias.com.br\/se\/wp-content\/uploads\/2013\/07\/sportcomemoraaldocarneirofp.jpg\"><img loading=\"lazy\" decoding=\"async\" aria-describedby=\"caption-attachment-50857\" class=\"size-full wp-image-50857\" alt=\" Meio-campista Lucas Lima abriu o placar para a equipe pernambucana no Recife e teve atua\u00e7\u00e3o decisiva Foto: Aldo Carneiro \/ Futura Press \" src=\"http:\/\/senoticias.com.br\/se\/wp-content\/uploads\/2013\/07\/sportcomemoraaldocarneirofp.jpg\" width=\"595\" height=\"446\" srcset=\"https:\/\/senoticias.com.br\/se\/wp-content\/uploads\/2013\/07\/sportcomemoraaldocarneirofp.jpg 595w, https:\/\/senoticias.com.br\/se\/wp-content\/uploads\/2013\/07\/sportcomemoraaldocarneirofp-300x224.jpg 300w, https:\/\/senoticias.com.br\/se\/wp-content\/uploads\/2013\/07\/sportcomemoraaldocarneirofp-342x256.jpg 342w, https:\/\/senoticias.com.br\/se\/wp-content\/uploads\/2013\/07\/sportcomemoraaldocarneirofp-60x45.jpg 60w, https:\/\/senoticias.com.br\/se\/wp-content\/uploads\/2013\/07\/sportcomemoraaldocarneirofp-150x113.jpg 150w, https:\/\/senoticias.com.br\/se\/wp-content\/uploads\/2013\/07\/sportcomemoraaldocarneirofp-269x201.jpg 269w\" sizes=\"(max-width: 595px) 100vw, 595px\" \/><\/a><p id=\"caption-attachment-50857\" class=\"wp-caption-text\"><br \/>Meio-campista Lucas Lima abriu o placar para a equipe pernambucana no Recife e teve atua\u00e7\u00e3o decisiva<br \/>Foto: Aldo Carneiro \/ Futura Press<\/p><\/div>\n<p style=\"text-align: justify;\">Com o resultado, o Sport divide a lideran\u00e7a da competi\u00e7\u00e3o com o Palmeiras, com 21 pontos, mas, al\u00e9m de ter um jogo a mais, perde no saldo de gols. J\u00e1 o Oeste estaciona na 12\u00aa posi\u00e7\u00e3o, com 12 pontos. Na pr\u00f3xima rodada, o Oeste recebe o Guaratinguet\u00e1 \u00e0s 19h30 (de Bras\u00edlia) da pr\u00f3xima semana, enquanto o Sport visita o Am\u00e9rica-MG \u00e0s 21h50 do mesmo dia.<\/p>\n<p style=\"text-align: justify;\">O primeiro tempo do duelo come\u00e7ou bastante lento, com poucas oportunidades para ambos os lados. O jogo era feio e coube a um dos mais habilidosos jogadores em campo a responsabilidade de mudar o panorama da partida. Aos 35min, o meio-campista Lucas Lima recebeu passe e com apenas um toque na bola tirou o zagueiro advers\u00e1rio da jogada. Na sa\u00edda do goleiro do Oeste, chutou com categoria para abrir o placar.<\/p>\n<p style=\"text-align: justify;\">Apenas tr\u00eas minutos mais tarde, o meio-campista, ex-jogador de Inter de Limeira e Inter-RS, voltou a ser decisivo. Lucas Lima deu lan\u00e7amento perfeito para Camilo que, j\u00e1 na \u00e1rea do Oeste, ajeitou de primeira com o peito para Tobi fuzilar o goleiro Fernando Leal e aumentar a vantagem da equipe nordestina ainda antes do fim da etapa inicial.<\/p>\n<p style=\"text-align: justify;\">Na volta para o segundo tempo, o Sport continuou melhor, mas, j\u00e1 acomodado com o placar constru\u00eddo na etapa anterior, for\u00e7ava pouco para fazer o terceiro gol. Entregue, o Oeste incomodou muito pouco o advers\u00e1rio na etapa final e n\u00e3o chegou perto de empatar o confronto.<\/p>\n<p style=\"text-align: justify;\"><a href=\" http:\/\/esportes.terra.com.br\/futebol\/brasileiro-serie-b\" target=\"_blank\"><strong>\u00a0Confira a tabela completa e a classifica\u00e7\u00e3o atualizada da S\u00e9rie B<\/strong><\/a><\/p>\n","protected":false},"excerpt":{"rendered":"<p>&nbsp; Esportes.terra.com.br &nbsp; &nbsp; O Sport conseguiu, na noite desta sexta-feira, alcan\u00e7ar a quarta vit\u00f3ria consecutiva na S\u00e9rie B do Campeonato Brasileiro. Com boa atua\u00e7\u00e3o do meio-campista Lucas Lima, a equipe pernambucana venceu o Oeste por 2 a 0, na Ilha do Retiro, em duelo v\u00e1lido pela d\u00e9cima rodada da competi\u00e7\u00e3o, e assumiu a vice-lideran\u00e7a [&hellip;]<\/p>\n","protected":false},"author":1,"featured_media":50857,"comment_status":"closed","ping_status":"closed","sticky":false,"template":"","format":"standard","meta":{"footnotes":""},"categories":[39,8],"tags":[],"class_list":{"0":"post-50856","1":"post","2":"type-post","3":"status-publish","4":"format-standard","5":"has-post-thumbnail","7":"category-esporte","8":"category-esporte-e-cultura"},"_links":{"self":[{"href":"https:\/\/senoticias.com.br\/se\/wp-json\/wp\/v2\/posts\/50856"}],"collection":[{"href":"https:\/\/senoticias.com.br\/se\/wp-json\/wp\/v2\/posts"}],"about":[{"href":"https:\/\/senoticias.com.br\/se\/wp-json\/wp\/v2\/types\/post"}],"author":[{"embeddable":true,"href":"https:\/\/senoticias.com.br\/se\/wp-json\/wp\/v2\/users\/1"}],"replies":[{"embeddable":true,"href":"https:\/\/senoticias.com.br\/se\/wp-json\/wp\/v2\/comments?post=50856"}],"version-history":[{"count":0,"href":"https:\/\/senoticias.com.br\/se\/wp-json\/wp\/v2\/posts\/50856\/revisions"}],"wp:featuredmedia":[{"embeddable":true,"href":"https:\/\/senoticias.com.br\/se\/wp-json\/wp\/v2\/media\/50857"}],"wp:attachment":[{"href":"https:\/\/senoticias.com.br\/se\/wp-json\/wp\/v2\/media?parent=50856"}],"wp:term":[{"taxonomy":"category","embeddable":true,"href":"https:\/\/senoticias.com.br\/se\/wp-json\/wp\/v2\/categories?post=50856"},{"taxonomy":"post_tag","embeddable":true,"href":"https:\/\/senoticias.com.br\/se\/wp-json\/wp\/v2\/tags?post=50856"}],"curies":[{"name":"wp","href":"https:\/\/api.w.org\/{rel}","templated":true}]}}