{"id":50853,"date":"2013-07-27T05:56:30","date_gmt":"2013-07-27T08:56:30","guid":{"rendered":"http:\/\/senoticias.com.br\/se\/?p=50853"},"modified":"2013-07-29T08:00:47","modified_gmt":"2013-07-29T11:00:47","slug":"novas-cedulas-de-r-2-e-r-5-comecam-a-circular-segunda-feira","status":"publish","type":"post","link":"https:\/\/senoticias.com.br\/se\/novas-cedulas-de-r-2-e-r-5-comecam-a-circular-segunda-feira\/","title":{"rendered":"Novas c\u00e9dulas de R$ 2 e R$ 5 come\u00e7am a circular segunda-feira, 29"},"content":{"rendered":"<h5><em><strong>Do Valor OnLine<\/strong><\/em><\/h5>\n<div id=\"attachment_50854\" style=\"width: 301px\" class=\"wp-caption alignright\"><a href=\"http:\/\/senoticias.com.br\/se\/wp-content\/uploads\/2013\/07\/novasnotas.jpg\"><img loading=\"lazy\" decoding=\"async\" aria-describedby=\"caption-attachment-50854\" class=\"size-full wp-image-50854\" alt=\" C\u00e9dulas da nova fam\u00edlia do real (Foto: Divulga\u00e7\u00e3o)\" src=\"http:\/\/senoticias.com.br\/se\/wp-content\/uploads\/2013\/07\/novasnotas.jpg\" width=\"291\" height=\"218\" srcset=\"https:\/\/senoticias.com.br\/se\/wp-content\/uploads\/2013\/07\/novasnotas.jpg 291w, https:\/\/senoticias.com.br\/se\/wp-content\/uploads\/2013\/07\/novasnotas-60x45.jpg 60w, https:\/\/senoticias.com.br\/se\/wp-content\/uploads\/2013\/07\/novasnotas-150x113.jpg 150w, https:\/\/senoticias.com.br\/se\/wp-content\/uploads\/2013\/07\/novasnotas-269x201.jpg 269w\" sizes=\"(max-width: 291px) 100vw, 291px\" \/><\/a><p id=\"caption-attachment-50854\" class=\"wp-caption-text\"><br \/>C\u00e9dulas da nova fam\u00edlia do real<br \/>(Foto: Divulga\u00e7\u00e3o)<\/p><\/div>\n<p style=\"text-align: justify;\">Come\u00e7am a circular, na segunda-feira (29), as novas c\u00e9dulas de R$ 2 e R$ 5, da segunda fam\u00edlia do real, informou o Banco Central (BC). Com isso, o BC antecipa o cronograma, que previa o lan\u00e7amento dessas notas no segundo semestre.<\/p>\n<p style=\"text-align: justify;\">De acordo com comunicado do Departamento do Meio Circulante, as notas de R$ 2 mant\u00e9m o padr\u00e3o de cor predominante azul, mas ter\u00e1 novas dimens\u00f5es. A nota de cinco segue com o tom predominante lil\u00e1s e passa a apresentar um tamanho diferente do atual.<br \/>\nAs novas c\u00e9dulas do real t\u00eam tamanhos diferenciados, marcas t\u00e1teis em relevo e novos itens de seguran\u00e7a.<\/p>\n<p style=\"text-align: justify;\">Os principais itens de seguran\u00e7a nas duas c\u00e9dulas s\u00e3o a marca d&#8217;\u00e1gua, o &#8220;quebra cabe\u00e7as&#8221;, no qual o valor da c\u00e9dula aparece quando examinada contra a luz, marcas em alto relevo e elementos fluorescentes, vis\u00edveis sob a luz ultravioleta.<\/p>\n<p style=\"text-align: justify;\">Em julho de 2012, o BC colocou em circula\u00e7\u00e3o as novas c\u00e9dulas de R$ 10 e R$ 20 \u2013 que dever\u00e3o substituir as notas antigas, destes valores, at\u00e9 meados de 2014 \u2013 antes da Copa do Mundo. As c\u00e9dulas de R$ 50 e R$ 100 da nova fam\u00edlia do real j\u00e1 est\u00e3o em circula\u00e7\u00e3o, e espera-se que as notas antigas, destes valores, sejam trocadas at\u00e9 o fim de 2013.<\/p>\n<p style=\"text-align: justify;\">A previs\u00e3o, anunciada em 2012, \u00e9 que as novas notas de R$ 5 e R$ 2 sejam substitu\u00eddas at\u00e9 meados de 2015, completando a troca para a segunda &#8220;fam\u00edlia&#8221; do real. Desde 2010, a substitui\u00e7\u00e3o das notas da primeira fam\u00edlia do real ocorre gradualmente, \u00e0 medida que elas s\u00e3o retiradas em decorr\u00eancia de seu desgaste natural. As notas da primeira &#8220;fam\u00edlia&#8221;, no entanto, seguem v\u00e1lidas.<\/p>\n<p style=\"text-align: justify;\">Clique <a href=\" http:\/\/www.dinheirobrasileiro.bcb.gov.br\/segunda-familia-cedulas.html\" target=\"_blank\"><strong>aqui para conhecer, no site do BC<\/strong><\/a>, os itens de seguran\u00e7a das notas.<\/p>\n<p style=\"text-align: justify;\">\n","protected":false},"excerpt":{"rendered":"<p>Do Valor OnLine Come\u00e7am a circular, na segunda-feira (29), as novas c\u00e9dulas de R$ 2 e R$ 5, da segunda fam\u00edlia do real, informou o Banco Central (BC). Com isso, o BC antecipa o cronograma, que previa o lan\u00e7amento dessas notas no segundo semestre. De acordo com comunicado do Departamento do Meio Circulante, as notas [&hellip;]<\/p>\n","protected":false},"author":1,"featured_media":50854,"comment_status":"closed","ping_status":"closed","sticky":false,"template":"","format":"standard","meta":{"footnotes":""},"categories":[43],"tags":[],"class_list":{"0":"post-50853","1":"post","2":"type-post","3":"status-publish","4":"format-standard","5":"has-post-thumbnail","7":"category-voce-reporter"},"_links":{"self":[{"href":"https:\/\/senoticias.com.br\/se\/wp-json\/wp\/v2\/posts\/50853"}],"collection":[{"href":"https:\/\/senoticias.com.br\/se\/wp-json\/wp\/v2\/posts"}],"about":[{"href":"https:\/\/senoticias.com.br\/se\/wp-json\/wp\/v2\/types\/post"}],"author":[{"embeddable":true,"href":"https:\/\/senoticias.com.br\/se\/wp-json\/wp\/v2\/users\/1"}],"replies":[{"embeddable":true,"href":"https:\/\/senoticias.com.br\/se\/wp-json\/wp\/v2\/comments?post=50853"}],"version-history":[{"count":0,"href":"https:\/\/senoticias.com.br\/se\/wp-json\/wp\/v2\/posts\/50853\/revisions"}],"wp:featuredmedia":[{"embeddable":true,"href":"https:\/\/senoticias.com.br\/se\/wp-json\/wp\/v2\/media\/50854"}],"wp:attachment":[{"href":"https:\/\/senoticias.com.br\/se\/wp-json\/wp\/v2\/media?parent=50853"}],"wp:term":[{"taxonomy":"category","embeddable":true,"href":"https:\/\/senoticias.com.br\/se\/wp-json\/wp\/v2\/categories?post=50853"},{"taxonomy":"post_tag","embeddable":true,"href":"https:\/\/senoticias.com.br\/se\/wp-json\/wp\/v2\/tags?post=50853"}],"curies":[{"name":"wp","href":"https:\/\/api.w.org\/{rel}","templated":true}]}}