{"id":50846,"date":"2013-07-26T21:57:06","date_gmt":"2013-07-27T00:57:06","guid":{"rendered":"http:\/\/senoticias.com.br\/se\/?p=50846"},"modified":"2013-07-26T21:57:06","modified_gmt":"2013-07-27T00:57:06","slug":"tarifa-do-transporte-coletivo-volta-a-custar-r-235-na-grande-aracaju","status":"publish","type":"post","link":"https:\/\/senoticias.com.br\/se\/tarifa-do-transporte-coletivo-volta-a-custar-r-235-na-grande-aracaju\/","title":{"rendered":"Tarifa do transporte coletivo volta a custar R$ 2,35 na Grande Aracaju"},"content":{"rendered":"<h5><em><strong>Do G1 SE<\/strong><\/em><\/h5>\n<div id=\"attachment_45577\" style=\"width: 310px\" class=\"wp-caption alignright\"><a href=\"http:\/\/senoticias.com.br\/se\/wp-content\/uploads\/2013\/03\/onibus.jpg\"><img loading=\"lazy\" decoding=\"async\" aria-describedby=\"caption-attachment-45577\" class=\"size-medium wp-image-45577\" alt=\" Retorno ao valor obedece a uma decis\u00e3o do Tribunal de Justi\u00e7a.  (Foto:Reprodu\u00e7\u00e3o)\" src=\"http:\/\/senoticias.com.br\/se\/wp-content\/uploads\/2013\/03\/onibus-300x225.jpg\" width=\"300\" height=\"225\" srcset=\"https:\/\/senoticias.com.br\/se\/wp-content\/uploads\/2013\/03\/onibus-300x225.jpg 300w, https:\/\/senoticias.com.br\/se\/wp-content\/uploads\/2013\/03\/onibus-342x256.jpg 342w, https:\/\/senoticias.com.br\/se\/wp-content\/uploads\/2013\/03\/onibus-60x45.jpg 60w, https:\/\/senoticias.com.br\/se\/wp-content\/uploads\/2013\/03\/onibus-150x113.jpg 150w, https:\/\/senoticias.com.br\/se\/wp-content\/uploads\/2013\/03\/onibus-269x201.jpg 269w, https:\/\/senoticias.com.br\/se\/wp-content\/uploads\/2013\/03\/onibus.jpg 620w\" sizes=\"(max-width: 300px) 100vw, 300px\" \/><\/a><p id=\"caption-attachment-45577\" class=\"wp-caption-text\"><br \/>Retorno ao valor obedece a uma decis\u00e3o do Tribunal de Justi\u00e7a. (Foto:Reprodu\u00e7\u00e3o)<\/p><\/div>\n<p style=\"text-align: justify;\">A partir da 0h de s\u00e1bado (27), a tarifa do transporte coletivo volta a custar R$ 2,35. O retorno ao valor obedece a uma decis\u00e3o do Tribunal de Justi\u00e7a, na pessoa do juiz convocado Jo\u00e3o Hora Neto, que derrubou a liminar acatada pela ju\u00edza Simone Fraga, da 3\u00aa Vara, que suspendia a legisla\u00e7\u00e3o feita para o reajuste da tarifa em R$ 2,35.<\/p>\n<p style=\"text-align: justify;\">O juiz Jo\u00e3o Hora entendeu que houve transpar\u00eancia na fixa\u00e7\u00e3o da tarifa, obedecendo todos os requisitos legais, e ainda justificou que a compet\u00eancia de julgamento a esse quesito n\u00e3o cabia \u00e0 ju\u00edza da 3\u00aa Vara, mas sim ao julgamento da 12\u00aa Vara, para onde foi encaminhado o processo.<\/p>\n<p style=\"text-align: justify;\">A decis\u00e3o veio a partir do recurso ingressado pelo Sindicato das Empresas de Transporte de Passageiros de Aracaju (Setransp), que alega desequil\u00edbrio financeiro no sistema, com uma tarifa de \u00f4nibus que vigora, ao longo dos anos, em defasagem, conforme c\u00e1lculos atestados pela pr\u00f3pria Superintend\u00eancia Municipal de Transporte e Tr\u00e2nsito.<\/p>\n<p style=\"text-align: justify;\">\u201cO Setransp, entretanto, ressalta que n\u00e3o \u00e9 somente reajustando a tarifa de \u00f4nibus que o equil\u00edbrio do setor pode votar a normalidade, \u00e9 preciso investimento p\u00fablico, subsidiando as gratuidades e desonerando, ou ao menos a reduzindo, os impostos estaduais e municipais, como foi feito pelo governo federal ap\u00f3s per\u00edodo de grandes manifesta\u00e7\u00f5es\u201d, comentou o Superintendente do Setransp, Jos\u00e9 Carlos Am\u00e2ncio.<\/p>\n","protected":false},"excerpt":{"rendered":"<p>Do G1 SE A partir da 0h de s\u00e1bado (27), a tarifa do transporte coletivo volta a custar R$ 2,35. O retorno ao valor obedece a uma decis\u00e3o do Tribunal de Justi\u00e7a, na pessoa do juiz convocado Jo\u00e3o Hora Neto, que derrubou a liminar acatada pela ju\u00edza Simone Fraga, da 3\u00aa Vara, que suspendia a [&hellip;]<\/p>\n","protected":false},"author":3,"featured_media":40878,"comment_status":"closed","ping_status":"closed","sticky":false,"template":"","format":"standard","meta":{"footnotes":""},"categories":[43],"tags":[],"class_list":{"0":"post-50846","1":"post","2":"type-post","3":"status-publish","4":"format-standard","5":"has-post-thumbnail","7":"category-voce-reporter"},"_links":{"self":[{"href":"https:\/\/senoticias.com.br\/se\/wp-json\/wp\/v2\/posts\/50846"}],"collection":[{"href":"https:\/\/senoticias.com.br\/se\/wp-json\/wp\/v2\/posts"}],"about":[{"href":"https:\/\/senoticias.com.br\/se\/wp-json\/wp\/v2\/types\/post"}],"author":[{"embeddable":true,"href":"https:\/\/senoticias.com.br\/se\/wp-json\/wp\/v2\/users\/3"}],"replies":[{"embeddable":true,"href":"https:\/\/senoticias.com.br\/se\/wp-json\/wp\/v2\/comments?post=50846"}],"version-history":[{"count":0,"href":"https:\/\/senoticias.com.br\/se\/wp-json\/wp\/v2\/posts\/50846\/revisions"}],"wp:featuredmedia":[{"embeddable":true,"href":"https:\/\/senoticias.com.br\/se\/wp-json\/wp\/v2\/media\/40878"}],"wp:attachment":[{"href":"https:\/\/senoticias.com.br\/se\/wp-json\/wp\/v2\/media?parent=50846"}],"wp:term":[{"taxonomy":"category","embeddable":true,"href":"https:\/\/senoticias.com.br\/se\/wp-json\/wp\/v2\/categories?post=50846"},{"taxonomy":"post_tag","embeddable":true,"href":"https:\/\/senoticias.com.br\/se\/wp-json\/wp\/v2\/tags?post=50846"}],"curies":[{"name":"wp","href":"https:\/\/api.w.org\/{rel}","templated":true}]}}