{"id":50790,"date":"2013-07-25T15:19:07","date_gmt":"2013-07-25T18:19:07","guid":{"rendered":"http:\/\/senoticias.com.br\/se\/?p=50790"},"modified":"2013-07-26T12:32:07","modified_gmt":"2013-07-26T15:32:07","slug":"prefeito-de-itabi-da-mais-importancia-ao-jogo-da-copa-que-aos-servidores-municipais","status":"publish","type":"post","link":"https:\/\/senoticias.com.br\/se\/prefeito-de-itabi-da-mais-importancia-ao-jogo-da-copa-que-aos-servidores-municipais\/","title":{"rendered":"Prefeito de Itabi d\u00e1 mais import\u00e2ncia ao jogo da Copa que aos servidores municipais"},"content":{"rendered":"<p>por Iracema Corso\/CUT<\/p>\n<div id=\"attachment_50791\" style=\"width: 310px\" class=\"wp-caption alignright\"><a href=\"http:\/\/senoticias.com.br\/se\/wp-content\/uploads\/2013\/07\/CUT.jpg\"><img loading=\"lazy\" decoding=\"async\" aria-describedby=\"caption-attachment-50791\" class=\"size-medium wp-image-50791\" alt=\"Sem conseguir dialogar com o prefeito, categoria realiza assembleia na ter\u00e7a-feira, 30\/07, com indicativo de paralisa\u00e7\u00e3o. (Divulga\u00e7\u00e3o)\" src=\"http:\/\/senoticias.com.br\/se\/wp-content\/uploads\/2013\/07\/CUT-300x225.jpg\" width=\"300\" height=\"225\" srcset=\"https:\/\/senoticias.com.br\/se\/wp-content\/uploads\/2013\/07\/CUT-300x225.jpg 300w, https:\/\/senoticias.com.br\/se\/wp-content\/uploads\/2013\/07\/CUT-342x256.jpg 342w, https:\/\/senoticias.com.br\/se\/wp-content\/uploads\/2013\/07\/CUT-60x45.jpg 60w, https:\/\/senoticias.com.br\/se\/wp-content\/uploads\/2013\/07\/CUT-150x113.jpg 150w, https:\/\/senoticias.com.br\/se\/wp-content\/uploads\/2013\/07\/CUT-269x201.jpg 269w, https:\/\/senoticias.com.br\/se\/wp-content\/uploads\/2013\/07\/CUT.jpg 720w\" sizes=\"(max-width: 300px) 100vw, 300px\" \/><\/a><p id=\"caption-attachment-50791\" class=\"wp-caption-text\">Sem conseguir dialogar com o prefeito, categoria realiza assembleia na ter\u00e7a-feira, 30\/07, com indicativo de paralisa\u00e7\u00e3o. (Divulga\u00e7\u00e3o)<\/p><\/div>\n<p style=\"text-align: justify;\">Cansados de esperar por uma brecha na agenda do prefeito Rubens Feitosa para negociar o reajuste do sal\u00e1rio-base da categoria, os servidores do munic\u00edpio de Itabi realizam assembleia geral com indicativo de paralisa\u00e7\u00e3o na noite da pr\u00f3xima ter\u00e7a-feira, 30\/07, a partir das 20h na sede do sindicato.<\/p>\n<p style=\"text-align: justify;\">Desde janeiro de 2013, os servidores p\u00fablicos da Prefeitura de Itabi tentam uma audi\u00eancia com o prefeito da cidade para discutir o reajuste no sal\u00e1rio-base, mas n\u00e3o conseguem dialogar com o prefeito. V\u00e1rias audi\u00eancias j\u00e1 foram marcadas e remarcadas, inclusive contando com o apoio de vereadores municipais que j\u00e1 trataram do assunto com o prefeito e intermediaram o agendamento de reuni\u00f5es, no entanto, a audi\u00eancia com o prefeito nunca se concretiza.<\/p>\n<p style=\"text-align: justify;\">O presidente do Sindicato dos Servidores Municipais de Itabi, Cleison Jos\u00e9 Dantas, alerta que a data-base da categoria \u00e9 em abril e que, portanto, o reajuste j\u00e1 deveria ter sido concedido h\u00e1 quatro meses, por\u00e9m a categoria sequer tem a oportunidade de ser ouvida pelo prefeito.<\/p>\n<p style=\"text-align: justify;\">\u201cO prefeito n\u00e3o responde os of\u00edcios solicitando a reuni\u00e3o de negocia\u00e7\u00e3o. Informalmente ele j\u00e1 marcou v\u00e1rias datas, mas sempre acaba remarcando. Numa das vezes que a reuni\u00e3o foi desmarcada, fomos informados que o prefeito havia viajado para assistir ao jogo da Copa, que aconteceu em Fortaleza. Isso deixa os trabalhadores revoltados. Para o prefeito, tudo \u00e9 mais importante que os servidores p\u00fablicos de Itabi, que nunca s\u00e3o recebidos\u201d.<\/p>\n","protected":false},"excerpt":{"rendered":"<p>por Iracema Corso\/CUT Cansados de esperar por uma brecha na agenda do prefeito Rubens Feitosa para negociar o reajuste do sal\u00e1rio-base da categoria, os servidores do munic\u00edpio de Itabi realizam assembleia geral com indicativo de paralisa\u00e7\u00e3o na noite da pr\u00f3xima ter\u00e7a-feira, 30\/07, a partir das 20h na sede do sindicato. Desde janeiro de 2013, os [&hellip;]<\/p>\n","protected":false},"author":1,"featured_media":50791,"comment_status":"closed","ping_status":"closed","sticky":false,"template":"","format":"standard","meta":{"footnotes":""},"categories":[6],"tags":[],"class_list":{"0":"post-50790","1":"post","2":"type-post","3":"status-publish","4":"format-standard","5":"has-post-thumbnail","7":"category-politica"},"_links":{"self":[{"href":"https:\/\/senoticias.com.br\/se\/wp-json\/wp\/v2\/posts\/50790"}],"collection":[{"href":"https:\/\/senoticias.com.br\/se\/wp-json\/wp\/v2\/posts"}],"about":[{"href":"https:\/\/senoticias.com.br\/se\/wp-json\/wp\/v2\/types\/post"}],"author":[{"embeddable":true,"href":"https:\/\/senoticias.com.br\/se\/wp-json\/wp\/v2\/users\/1"}],"replies":[{"embeddable":true,"href":"https:\/\/senoticias.com.br\/se\/wp-json\/wp\/v2\/comments?post=50790"}],"version-history":[{"count":0,"href":"https:\/\/senoticias.com.br\/se\/wp-json\/wp\/v2\/posts\/50790\/revisions"}],"wp:featuredmedia":[{"embeddable":true,"href":"https:\/\/senoticias.com.br\/se\/wp-json\/wp\/v2\/media\/50791"}],"wp:attachment":[{"href":"https:\/\/senoticias.com.br\/se\/wp-json\/wp\/v2\/media?parent=50790"}],"wp:term":[{"taxonomy":"category","embeddable":true,"href":"https:\/\/senoticias.com.br\/se\/wp-json\/wp\/v2\/categories?post=50790"},{"taxonomy":"post_tag","embeddable":true,"href":"https:\/\/senoticias.com.br\/se\/wp-json\/wp\/v2\/tags?post=50790"}],"curies":[{"name":"wp","href":"https:\/\/api.w.org\/{rel}","templated":true}]}}