{"id":50785,"date":"2013-07-25T13:48:09","date_gmt":"2013-07-25T16:48:09","guid":{"rendered":"http:\/\/senoticias.com.br\/se\/?p=50785"},"modified":"2013-07-26T12:01:02","modified_gmt":"2013-07-26T15:01:02","slug":"crateras-colocam-em-risco-motoristas-que-transitam-em-sao-cristovao","status":"publish","type":"post","link":"https:\/\/senoticias.com.br\/se\/crateras-colocam-em-risco-motoristas-que-transitam-em-sao-cristovao\/","title":{"rendered":"Crateras colocam em risco motoristas que transitam em S\u00e3o Crist\u00f3v\u00e3o"},"content":{"rendered":"<div id=\"attachment_50786\" style=\"width: 598px\" class=\"wp-caption aligncenter\"><a href=\"http:\/\/senoticias.com.br\/se\/wp-content\/uploads\/2013\/07\/20130724_163143.jpg\"><img loading=\"lazy\" decoding=\"async\" aria-describedby=\"caption-attachment-50786\" class=\"size-full wp-image-50786\" alt=\"Caminh\u00e3o ficou preso enquanto se deslocava para abastecer cliente\" src=\"http:\/\/senoticias.com.br\/se\/wp-content\/uploads\/2013\/07\/20130724_163143.jpg\" width=\"588\" height=\"441\" srcset=\"https:\/\/senoticias.com.br\/se\/wp-content\/uploads\/2013\/07\/20130724_163143.jpg 588w, https:\/\/senoticias.com.br\/se\/wp-content\/uploads\/2013\/07\/20130724_163143-300x225.jpg 300w, https:\/\/senoticias.com.br\/se\/wp-content\/uploads\/2013\/07\/20130724_163143-342x256.jpg 342w, https:\/\/senoticias.com.br\/se\/wp-content\/uploads\/2013\/07\/20130724_163143-60x45.jpg 60w, https:\/\/senoticias.com.br\/se\/wp-content\/uploads\/2013\/07\/20130724_163143-150x113.jpg 150w, https:\/\/senoticias.com.br\/se\/wp-content\/uploads\/2013\/07\/20130724_163143-269x201.jpg 269w\" sizes=\"(max-width: 588px) 100vw, 588px\" \/><\/a><p id=\"caption-attachment-50786\" class=\"wp-caption-text\">Caminh\u00e3o ficou preso enquanto se deslocava para abastecer cliente<\/p><\/div>\n<p style=\"text-align: justify;\">Um caminh\u00e3o caiu em um buraco no in\u00edcio da tarde desta quarta-feira (24) na Rua Ladeira do Porto da Banca, no Centro Hist\u00f3rico de S\u00e3o Crist\u00f3v\u00e3o. O caminh\u00e3o foi retirado do buraco com ajuda de outro caminh\u00e3o por volta das 16h. Se n\u00e3o fosse o cuidado do motorista o caminh\u00e3o teria tombado e causado graves ferimentos, ou at\u00e9 mesmo a morte dos ocupantes do ve\u00edculo.<\/p>\n<p style=\"text-align: justify;\"><strong>Restaura\u00e7\u00e3o<\/strong><\/p>\n<div id=\"attachment_50787\" style=\"width: 598px\" class=\"wp-caption aligncenter\"><a href=\"http:\/\/senoticias.com.br\/se\/wp-content\/uploads\/2013\/07\/20130724_163656.jpg\"><img loading=\"lazy\" decoding=\"async\" aria-describedby=\"caption-attachment-50787\" class=\"size-full wp-image-50787\" alt=\" Cratera coloca em risco a vida de motoristas em S\u00e3o Crist\u00f3v\u00e3o.\" src=\"http:\/\/senoticias.com.br\/se\/wp-content\/uploads\/2013\/07\/20130724_163656.jpg\" width=\"588\" height=\"441\" srcset=\"https:\/\/senoticias.com.br\/se\/wp-content\/uploads\/2013\/07\/20130724_163656.jpg 588w, https:\/\/senoticias.com.br\/se\/wp-content\/uploads\/2013\/07\/20130724_163656-300x225.jpg 300w, https:\/\/senoticias.com.br\/se\/wp-content\/uploads\/2013\/07\/20130724_163656-342x256.jpg 342w, https:\/\/senoticias.com.br\/se\/wp-content\/uploads\/2013\/07\/20130724_163656-60x45.jpg 60w, https:\/\/senoticias.com.br\/se\/wp-content\/uploads\/2013\/07\/20130724_163656-150x113.jpg 150w, https:\/\/senoticias.com.br\/se\/wp-content\/uploads\/2013\/07\/20130724_163656-269x201.jpg 269w\" sizes=\"(max-width: 588px) 100vw, 588px\" \/><\/a><p id=\"caption-attachment-50787\" class=\"wp-caption-text\"><br \/>Cratera coloca em risco a vida de motoristas em S\u00e3o Crist\u00f3v\u00e3o.<\/p><\/div>\n<p style=\"text-align: justify;\">\u00a0&#8220;H\u00e1 pouco mais de um ano de restauradas, as ladeiras do Porto da Banca e Valter do Prado (antiga Ladeira do A\u00e7ougue) est\u00e3o com grande crateras, aqui chamada de barroc\u00f5es. Estes se agravam a cada dia com as fortes chuvas&#8221;, diz o historiador Thiago Fragata.<\/p>\n<div id=\"attachment_50788\" style=\"width: 598px\" class=\"wp-caption aligncenter\"><a href=\"http:\/\/senoticias.com.br\/se\/wp-content\/uploads\/2013\/07\/20130724_163843.jpg\"><img loading=\"lazy\" decoding=\"async\" aria-describedby=\"caption-attachment-50788\" class=\"size-full wp-image-50788\" alt=\" Um dos moradores conta que o buraco j\u00e1 existe h\u00e1 pelo menos dois meses.\" src=\"http:\/\/senoticias.com.br\/se\/wp-content\/uploads\/2013\/07\/20130724_163843.jpg\" width=\"588\" height=\"441\" srcset=\"https:\/\/senoticias.com.br\/se\/wp-content\/uploads\/2013\/07\/20130724_163843.jpg 588w, https:\/\/senoticias.com.br\/se\/wp-content\/uploads\/2013\/07\/20130724_163843-300x225.jpg 300w, https:\/\/senoticias.com.br\/se\/wp-content\/uploads\/2013\/07\/20130724_163843-342x256.jpg 342w, https:\/\/senoticias.com.br\/se\/wp-content\/uploads\/2013\/07\/20130724_163843-60x45.jpg 60w, https:\/\/senoticias.com.br\/se\/wp-content\/uploads\/2013\/07\/20130724_163843-150x113.jpg 150w, https:\/\/senoticias.com.br\/se\/wp-content\/uploads\/2013\/07\/20130724_163843-269x201.jpg 269w\" sizes=\"(max-width: 588px) 100vw, 588px\" \/><\/a><p id=\"caption-attachment-50788\" class=\"wp-caption-text\"><br \/>Um dos moradores conta que o buraco j\u00e1 existe h\u00e1 pelo menos dois meses.<\/p><\/div>\n<p style=\"text-align: justify;\">A Ladeira Porto da Banca foi restaurada pelo Programa Monumenta e <a href=\" http:\/\/portal.iphan.gov.br\/portal\/montarDetalheConteudo.do?id=16732&amp;sigla=Noticia&amp;retorno=detalheNoticia\" target=\"_blank\"><strong>inaugurada pelo Governo do Estado no dia 08 de julho de 2012.<\/strong><\/a><\/p>\n<p style=\"text-align: justify;\"><strong>Descaso<\/strong><\/p>\n<p style=\"text-align: justify;\">Devido a falta de manuten\u00e7\u00e3o por parte da Prefeitura de S\u00e3o Crist\u00f3v\u00e3o, as crateras que surgem com as chuvas est\u00e3o deixando as vias praticamente intransit\u00e1veis. A popula\u00e7\u00e3o reclama do descaso do poder p\u00fablico municipal e cobra da prefeitura as devidas provid\u00eancias, antes que uma trag\u00e9dia aconte\u00e7a.<\/p>\n<p style=\"text-align: justify;\"><strong>por Reda\u00e7\u00e3o SE Not\u00edcias<\/strong><\/p>\n","protected":false},"excerpt":{"rendered":"<p>Um caminh\u00e3o caiu em um buraco no in\u00edcio da tarde desta quarta-feira (24) na Rua Ladeira do Porto da Banca, no Centro Hist\u00f3rico de S\u00e3o Crist\u00f3v\u00e3o. O caminh\u00e3o foi retirado do buraco com ajuda de outro caminh\u00e3o por volta das 16h. Se n\u00e3o fosse o cuidado do motorista o caminh\u00e3o teria tombado e causado graves [&hellip;]<\/p>\n","protected":false},"author":1,"featured_media":50787,"comment_status":"closed","ping_status":"closed","sticky":false,"template":"","format":"standard","meta":{"footnotes":""},"categories":[310,38,6],"tags":[],"class_list":{"0":"post-50785","1":"post","2":"type-post","3":"status-publish","4":"format-standard","5":"has-post-thumbnail","7":"category-destaques-da-semana","8":"category-municipios","9":"category-politica"},"_links":{"self":[{"href":"https:\/\/senoticias.com.br\/se\/wp-json\/wp\/v2\/posts\/50785"}],"collection":[{"href":"https:\/\/senoticias.com.br\/se\/wp-json\/wp\/v2\/posts"}],"about":[{"href":"https:\/\/senoticias.com.br\/se\/wp-json\/wp\/v2\/types\/post"}],"author":[{"embeddable":true,"href":"https:\/\/senoticias.com.br\/se\/wp-json\/wp\/v2\/users\/1"}],"replies":[{"embeddable":true,"href":"https:\/\/senoticias.com.br\/se\/wp-json\/wp\/v2\/comments?post=50785"}],"version-history":[{"count":0,"href":"https:\/\/senoticias.com.br\/se\/wp-json\/wp\/v2\/posts\/50785\/revisions"}],"wp:featuredmedia":[{"embeddable":true,"href":"https:\/\/senoticias.com.br\/se\/wp-json\/wp\/v2\/media\/50787"}],"wp:attachment":[{"href":"https:\/\/senoticias.com.br\/se\/wp-json\/wp\/v2\/media?parent=50785"}],"wp:term":[{"taxonomy":"category","embeddable":true,"href":"https:\/\/senoticias.com.br\/se\/wp-json\/wp\/v2\/categories?post=50785"},{"taxonomy":"post_tag","embeddable":true,"href":"https:\/\/senoticias.com.br\/se\/wp-json\/wp\/v2\/tags?post=50785"}],"curies":[{"name":"wp","href":"https:\/\/api.w.org\/{rel}","templated":true}]}}