{"id":50783,"date":"2013-07-25T12:23:10","date_gmt":"2013-07-25T15:23:10","guid":{"rendered":"http:\/\/senoticias.com.br\/se\/?p=50783"},"modified":"2013-07-25T15:05:36","modified_gmt":"2013-07-25T18:05:36","slug":"ifs-inscreve-para-320-vagas-em-cursos-a-distancia-ate-o-dia-16-de-agosto","status":"publish","type":"post","link":"https:\/\/senoticias.com.br\/se\/ifs-inscreve-para-320-vagas-em-cursos-a-distancia-ate-o-dia-16-de-agosto\/","title":{"rendered":"IFS inscreve para 320 vagas em cursos a dist\u00e2ncia at\u00e9 o dia 16 de agosto"},"content":{"rendered":"<p>&nbsp;<\/p>\n<div id=\"attachment_43447\" style=\"width: 269px\" class=\"wp-caption alignright\"><a href=\"http:\/\/senoticias.com.br\/se\/wp-content\/uploads\/2013\/01\/IFS.jpg\"><img loading=\"lazy\" decoding=\"async\" aria-describedby=\"caption-attachment-43447\" class=\"size-full wp-image-43447\" alt=\"IFS. (Foto: Reprodu\u00e7\u00e3o)\" src=\"http:\/\/senoticias.com.br\/se\/wp-content\/uploads\/2013\/01\/IFS.jpg\" width=\"259\" height=\"194\" srcset=\"https:\/\/senoticias.com.br\/se\/wp-content\/uploads\/2013\/01\/IFS.jpg 259w, https:\/\/senoticias.com.br\/se\/wp-content\/uploads\/2013\/01\/IFS-60x45.jpg 60w, https:\/\/senoticias.com.br\/se\/wp-content\/uploads\/2013\/01\/IFS-150x113.jpg 150w\" sizes=\"(max-width: 259px) 100vw, 259px\" \/><\/a><p id=\"caption-attachment-43447\" class=\"wp-caption-text\">IFS. (Foto: Reprodu\u00e7\u00e3o)<\/p><\/div>\n<p style=\"text-align: justify;\">O Instituto Federal de Sergipe (IFS), atrav\u00e9s da Pr\u00f3-Reitoria de Ensino (Proen), realiza pr\u00e9-inscri\u00e7\u00f5es at\u00e9 o dia 16 de agosto para 320 vagas em cursos t\u00e9cnicos subsequentes na modalidade a dist\u00e2ncia. H\u00e1 vagas em cursos nas \u00e1reas de Transa\u00e7\u00f5es Imobili\u00e1rias, Administra\u00e7\u00e3o e Reabilita\u00e7\u00e3o de Dependentes Qu\u00edmicos, distribu\u00eddas entre os polos localizados nos campi Aracaju, Est\u00e2ncia, Itabaiana e Lagarto.<\/p>\n<p style=\"text-align: justify;\">A pr\u00e9-inscri\u00e7\u00e3o deve ser feita gratuitamente atrav\u00e9s da internet ou presencialmente, das 9h \u00e0s 13h e das 15h \u00e0s 19h, no polo de educa\u00e7\u00e3o a dist\u00e2ncia em que o candidato deseja pleitear uma vaga. A inscri\u00e7\u00e3o dever\u00e1 ser concretizada nos polos, com a apresenta\u00e7\u00e3o de c\u00f3pia e original do RG, CPF e hist\u00f3rico escolar ou declara\u00e7\u00e3o de conclus\u00e3o do Ensino M\u00e9dio, al\u00e9m do formul\u00e1rio que consta no Anexo 1 do edital, devidamente preenchido.<\/p>\n<p style=\"text-align: justify;\">Do total das vagas ofertadas, 50% s\u00e3o reservadas \u00e0 inclus\u00e3o social atrav\u00e9s do sistema de cotas. A sele\u00e7\u00e3o ser\u00e1 realizada com base no hist\u00f3rico escolar de conclus\u00e3o do Ensino M\u00e9dio apresentado pelo candidato no ato de concretiza\u00e7\u00e3o da sua inscri\u00e7\u00e3o.<\/p>\n<p style=\"text-align: justify;\">O resultado preliminar deve ser divulgado ap\u00f3s as 17h do dia 22 de agosto. Em seguida, no dia 30, acontece a divulga\u00e7\u00e3o do resultado final da 1\u00aa chamada, com matr\u00edculas a serem realizadas nos dias 2 e 3 de setembro.<\/p>\n<p style=\"text-align: justify;\"><strong> Confira edital completo em <span style=\"color: #0000ff;\">www.ifs.edu.br<\/span><\/strong><\/p>\n<p style=\"text-align: justify;\"><em><strong>Da Assessoria de Comunica\u00e7\u00e3o do IFS<\/strong><\/em><\/p>\n","protected":false},"excerpt":{"rendered":"<p>&nbsp; O Instituto Federal de Sergipe (IFS), atrav\u00e9s da Pr\u00f3-Reitoria de Ensino (Proen), realiza pr\u00e9-inscri\u00e7\u00f5es at\u00e9 o dia 16 de agosto para 320 vagas em cursos t\u00e9cnicos subsequentes na modalidade a dist\u00e2ncia. H\u00e1 vagas em cursos nas \u00e1reas de Transa\u00e7\u00f5es Imobili\u00e1rias, Administra\u00e7\u00e3o e Reabilita\u00e7\u00e3o de Dependentes Qu\u00edmicos, distribu\u00eddas entre os polos localizados nos campi Aracaju, [&hellip;]<\/p>\n","protected":false},"author":1,"featured_media":43447,"comment_status":"closed","ping_status":"closed","sticky":false,"template":"","format":"standard","meta":{"footnotes":""},"categories":[44,26,1],"tags":[],"class_list":{"0":"post-50783","1":"post","2":"type-post","3":"status-publish","4":"format-standard","5":"has-post-thumbnail","7":"category-educacao","8":"category-esportes","9":"category-sem-categoria"},"_links":{"self":[{"href":"https:\/\/senoticias.com.br\/se\/wp-json\/wp\/v2\/posts\/50783"}],"collection":[{"href":"https:\/\/senoticias.com.br\/se\/wp-json\/wp\/v2\/posts"}],"about":[{"href":"https:\/\/senoticias.com.br\/se\/wp-json\/wp\/v2\/types\/post"}],"author":[{"embeddable":true,"href":"https:\/\/senoticias.com.br\/se\/wp-json\/wp\/v2\/users\/1"}],"replies":[{"embeddable":true,"href":"https:\/\/senoticias.com.br\/se\/wp-json\/wp\/v2\/comments?post=50783"}],"version-history":[{"count":0,"href":"https:\/\/senoticias.com.br\/se\/wp-json\/wp\/v2\/posts\/50783\/revisions"}],"wp:featuredmedia":[{"embeddable":true,"href":"https:\/\/senoticias.com.br\/se\/wp-json\/wp\/v2\/media\/43447"}],"wp:attachment":[{"href":"https:\/\/senoticias.com.br\/se\/wp-json\/wp\/v2\/media?parent=50783"}],"wp:term":[{"taxonomy":"category","embeddable":true,"href":"https:\/\/senoticias.com.br\/se\/wp-json\/wp\/v2\/categories?post=50783"},{"taxonomy":"post_tag","embeddable":true,"href":"https:\/\/senoticias.com.br\/se\/wp-json\/wp\/v2\/tags?post=50783"}],"curies":[{"name":"wp","href":"https:\/\/api.w.org\/{rel}","templated":true}]}}