{"id":50738,"date":"2013-07-24T15:22:10","date_gmt":"2013-07-24T18:22:10","guid":{"rendered":"http:\/\/senoticias.com.br\/se\/?p=50738"},"modified":"2013-07-25T10:49:15","modified_gmt":"2013-07-25T13:49:15","slug":"quadrilha-especializada-em-roubos-a-residencias-e-desarticulada","status":"publish","type":"post","link":"https:\/\/senoticias.com.br\/se\/quadrilha-especializada-em-roubos-a-residencias-e-desarticulada\/","title":{"rendered":"Quadrilha especializada em roubos a resid\u00eancias \u00e9 desarticulada"},"content":{"rendered":"<p>&nbsp;<\/p>\n<p style=\"text-align: justify;\">Uma investiga\u00e7\u00e3o desenvolvida pelo Complexo de Opera\u00e7\u00f5es Policiais Especiais (Cope), que contou com o apoio da Divis\u00e3o de Intelig\u00eancia e Planejamento Policial (Dipol) e do Comando de Opera\u00e7\u00f5es Especiais da Pol\u00edcia Militar (COE), acabou com a desarticula\u00e7\u00e3o de uma quadrilha especializada em roubos a resid\u00eancias.<\/p>\n<p style=\"text-align: justify;\">Foram presos o foragido do Complexo Penitenci\u00e1rio Manoel de Carvalho Neto (Copemcan), Cleber Santana Santos, 25 anos, vulgo &#8220;fof\u00e3o&#8221;, Jos\u00e9 L\u00e1zaro Santos de Jesus, 24 anos, conhecido como &#8220;Tio Lau&#8221;, Vagner Torres do Nascimento, 25 anos, e Carlos Vanderson Vieira dos Santos, 26.<\/p>\n<p style=\"text-align: justify;\">As pris\u00f5es aconteceram em Nossa Senhora do Socorro, povoado Aruana e no bairro Santos Dumont. Com os criminosos foram encontradas dois rev\u00f3lveres calibre 38 e um ve\u00edculo Fox Cross, cor preta, que segundo a pol\u00edcia era utilizado nas a\u00e7\u00f5es criminosas.Tamb\u00e9m foram a apreendidos cerca de R$ 6775,00 em esp\u00e9cie, v\u00e1rios celulares, rel\u00f3gios, dois netbook, um som de carro, al\u00e9m de v\u00e1rias j\u00f3ias.<\/p>\n<div id=\"attachment_50741\" style=\"width: 600px\" class=\"wp-caption aligncenter\"><a href=\"http:\/\/senoticias.com.br\/se\/wp-content\/uploads\/2013\/07\/cope_21.jpg\"><img loading=\"lazy\" decoding=\"async\" aria-describedby=\"caption-attachment-50741\" class=\"size-full wp-image-50741\" alt=\" Pol\u00edcia apresenta quadrilha especializada em roubos a resid\u00eancias \u00e9 desarticulada. (Divulga\u00e7\u00e3o)\" src=\"http:\/\/senoticias.com.br\/se\/wp-content\/uploads\/2013\/07\/cope_21.jpg\" width=\"590\" height=\"333\" srcset=\"https:\/\/senoticias.com.br\/se\/wp-content\/uploads\/2013\/07\/cope_21.jpg 590w, https:\/\/senoticias.com.br\/se\/wp-content\/uploads\/2013\/07\/cope_21-300x169.jpg 300w, https:\/\/senoticias.com.br\/se\/wp-content\/uploads\/2013\/07\/cope_21-342x193.jpg 342w\" sizes=\"(max-width: 590px) 100vw, 590px\" \/><\/a><p id=\"caption-attachment-50741\" class=\"wp-caption-text\"><br \/>Pol\u00edcia apresenta quadrilha especializada em roubos a resid\u00eancias \u00e9 desarticulada. (Divulga\u00e7\u00e3o)<\/p><\/div>\n<p style=\"text-align: justify;\">&#8220;Existe a suspeita que o bando \u00e9 respons\u00e1vel por diversos assaltos a resid\u00eancias localizadas na capital Aracaju e na cidade de Itabaiana. Pelos menos cinco assaltos eles fizeram, sendo um em Itabaiana e o restante em Aracaju. Eles agiam com viol\u00eancia e costumavam amarrar as v\u00edtimas ou tranc\u00e1-las em c\u00f4modos enquanto agiam&#8221;, destacou a delegada Fl\u00e1vio Albuquerque.<br \/>\nAinda segundo Fl\u00e1vio, os bairros de prefer\u00eancia dos acusados eram o Santos Dumont, S\u00e3o Jos\u00e9, M\u00e9dici e tamb\u00e9m a cidade de Itabaiana. &#8221; O \u00faltimo assalto praticado pela quadrilha foi no dia 18 de junho, desde ent\u00e3o venha sendo monitorada,e ap\u00f3s as investiga\u00e7\u00f5es foi poss\u00edvel desarticula mais essa quadrilha, &#8221; ressaltou Fl\u00e1vio.<\/p>\n<p style=\"text-align: justify;\"><strong>Buqu\u00ea de flores<\/strong><\/p>\n<p style=\"text-align: justify;\">No \u00faltimo assalto efetuado pela quadrilha um dos integrantes se passou por um funcion\u00e1rio de floricultura e com o buqu\u00ea de flores atraiu um dos moradores para facilitar a invas\u00e3o a resid\u00eancia.<\/p>\n<p style=\"text-align: justify;\">Com rela\u00e7\u00e3o a esse caso a pol\u00edcia recuperou parte do dinheiro subtra\u00eddo, um rel\u00f3gio, uma corrente de ouro e um ve\u00edculo Golf, cor prata. &#8220;Eles geralmente escolhiam casas localizadas em bairros de classe m\u00e9dia&#8221;, finalizou Aliete.<\/p>\n<p style=\"text-align: justify;\"><em>Da Assessoria de Comunica\u00e7\u00e3o da SSP\/SE<\/em><\/p>\n","protected":false},"excerpt":{"rendered":"<p>&nbsp; Uma investiga\u00e7\u00e3o desenvolvida pelo Complexo de Opera\u00e7\u00f5es Policiais Especiais (Cope), que contou com o apoio da Divis\u00e3o de Intelig\u00eancia e Planejamento Policial (Dipol) e do Comando de Opera\u00e7\u00f5es Especiais da Pol\u00edcia Militar (COE), acabou com a desarticula\u00e7\u00e3o de uma quadrilha especializada em roubos a resid\u00eancias. Foram presos o foragido do Complexo Penitenci\u00e1rio Manoel de [&hellip;]<\/p>\n","protected":false},"author":1,"featured_media":50741,"comment_status":"closed","ping_status":"closed","sticky":false,"template":"","format":"standard","meta":{"footnotes":""},"categories":[7],"tags":[],"class_list":{"0":"post-50738","1":"post","2":"type-post","3":"status-publish","4":"format-standard","5":"has-post-thumbnail","7":"category-policia"},"_links":{"self":[{"href":"https:\/\/senoticias.com.br\/se\/wp-json\/wp\/v2\/posts\/50738"}],"collection":[{"href":"https:\/\/senoticias.com.br\/se\/wp-json\/wp\/v2\/posts"}],"about":[{"href":"https:\/\/senoticias.com.br\/se\/wp-json\/wp\/v2\/types\/post"}],"author":[{"embeddable":true,"href":"https:\/\/senoticias.com.br\/se\/wp-json\/wp\/v2\/users\/1"}],"replies":[{"embeddable":true,"href":"https:\/\/senoticias.com.br\/se\/wp-json\/wp\/v2\/comments?post=50738"}],"version-history":[{"count":0,"href":"https:\/\/senoticias.com.br\/se\/wp-json\/wp\/v2\/posts\/50738\/revisions"}],"wp:featuredmedia":[{"embeddable":true,"href":"https:\/\/senoticias.com.br\/se\/wp-json\/wp\/v2\/media\/50741"}],"wp:attachment":[{"href":"https:\/\/senoticias.com.br\/se\/wp-json\/wp\/v2\/media?parent=50738"}],"wp:term":[{"taxonomy":"category","embeddable":true,"href":"https:\/\/senoticias.com.br\/se\/wp-json\/wp\/v2\/categories?post=50738"},{"taxonomy":"post_tag","embeddable":true,"href":"https:\/\/senoticias.com.br\/se\/wp-json\/wp\/v2\/tags?post=50738"}],"curies":[{"name":"wp","href":"https:\/\/api.w.org\/{rel}","templated":true}]}}