{"id":50735,"date":"2013-07-24T14:28:00","date_gmt":"2013-07-24T17:28:00","guid":{"rendered":"http:\/\/senoticias.com.br\/se\/?p=50735"},"modified":"2013-07-25T10:19:23","modified_gmt":"2013-07-25T13:19:23","slug":"prefeituras-expulsam-vca-do-sistema-de-transporte-da-grande-aracaju","status":"publish","type":"post","link":"https:\/\/senoticias.com.br\/se\/prefeituras-expulsam-vca-do-sistema-de-transporte-da-grande-aracaju\/","title":{"rendered":"Prefeituras expulsam VCA do sistema de transporte da Grande Aracaju"},"content":{"rendered":"<div id=\"attachment_50736\" style=\"width: 310px\" class=\"wp-caption alignright\"><a href=\"http:\/\/senoticias.com.br\/se\/wp-content\/uploads\/2013\/07\/1003465_633162936696914_138145453_n.jpg\"><img loading=\"lazy\" decoding=\"async\" aria-describedby=\"caption-attachment-50736\" class=\"size-medium wp-image-50736\" alt=\"Prefeituras expulsam VCA do sistema de transporte da Grande Aracaju. (Foto: Magna Magna Santana) \" src=\"http:\/\/senoticias.com.br\/se\/wp-content\/uploads\/2013\/07\/1003465_633162936696914_138145453_n-300x225.jpg\" width=\"300\" height=\"225\" srcset=\"https:\/\/senoticias.com.br\/se\/wp-content\/uploads\/2013\/07\/1003465_633162936696914_138145453_n-300x225.jpg 300w, https:\/\/senoticias.com.br\/se\/wp-content\/uploads\/2013\/07\/1003465_633162936696914_138145453_n-342x256.jpg 342w, https:\/\/senoticias.com.br\/se\/wp-content\/uploads\/2013\/07\/1003465_633162936696914_138145453_n-60x45.jpg 60w, https:\/\/senoticias.com.br\/se\/wp-content\/uploads\/2013\/07\/1003465_633162936696914_138145453_n-150x113.jpg 150w, https:\/\/senoticias.com.br\/se\/wp-content\/uploads\/2013\/07\/1003465_633162936696914_138145453_n-269x201.jpg 269w, https:\/\/senoticias.com.br\/se\/wp-content\/uploads\/2013\/07\/1003465_633162936696914_138145453_n.jpg 640w\" sizes=\"(max-width: 300px) 100vw, 300px\" \/><\/a><p id=\"caption-attachment-50736\" class=\"wp-caption-text\">Prefeituras expulsam VCA do sistema de transporte da Grande Aracaju.<br \/>(Foto: Magna Magna Santana)<\/p><\/div>\n<p style=\"text-align: justify;\">Os prefeitos da Grande Aracaju decidiram, em reuni\u00e3o na manh\u00e3 desta quarta-feira (24), retirar oficialmente as empresas Via\u00e7\u00e3o Cidade de Aracaju (VCA) e S\u00e3o Crist\u00f3v\u00e3o do sistema de transporte coletivo da regi\u00e3o. A partir de amanh\u00e3, a prefeitura de Aracaju abrir\u00e1 um edital de chamamento para que empresas de outros Estados possam assumir essas duas vagas. Espera-se que em at\u00e9 dois meses, o sistema seja regularizado. At\u00e9 l\u00e1, pelo menos, menos 150 \u00f4nibus estar\u00e3o circulando em Aracaju, Nossa Senhora do Socorro, Barra dos Coqueiros e S\u00e3o Crist\u00f3v\u00e3o.<\/p>\n<p style=\"text-align: justify;\">Com a retirada oficial dessas duas empresas do Grupo Bomfim (a Via\u00e7\u00e3o Cidade Hist\u00f3rica e a S\u00e3o Pedro, do mesmo grupo, continuam operando normalmente), as manifesta\u00e7\u00f5es que est\u00e3o paralisando os \u00f4nibus n\u00e3o poder\u00e3o mais ocorrer, segundo o prefeito Jo\u00e3o Alves Filho (DEM). Se houver novas paradas ou fechamento de terminais, como vem acontecendo diariamente na cidade, os respons\u00e1veis pela empresa ser\u00e3o responsabilizados.<\/p>\n<p style=\"text-align: justify;\">\u201cTodos n\u00f3s estamos angustiados. N\u00f3s n\u00e3o temos responsabilidade por essa quest\u00e3o ter chegado a esse ponto. Esse caos \u00e9 anunciado, porque os problemas se acumularam ao longo de anos\u201d, disse o prefeito de Aracaju, durante coletiva de imprensa na manh\u00e3 de hoje, ap\u00f3s reuni\u00e3o com os prefeitos F\u00e1bio Henrique (Socorro), Rivanda Batalha (S\u00e3o Crist\u00f3v\u00e3o) e Airton Martins (Barra).<\/p>\n<p style=\"text-align: justify;\">\u201cN\u00f3s estamos pactuados para resolver estes problemas. Procuraremos o governador para encaminhar a licita\u00e7\u00e3o conjuntamente. E para garantir a transpar\u00eancia do processo convidaremos representantes da Ordem dos Advogados do Brasil e Minist\u00e9rio P\u00fablico para acompanhar. A situa\u00e7\u00e3o do transporte \u00e9 bem complexa e n\u00e3o tem como resolver num instalar de dedos, mas sabemos que hoje o problema \u00e9 a VCA. Quando assumimos a prefeitura, a empresa era respons\u00e1vel por quase 50% da frota. J\u00e1 reduzimos para 26% e agora ela est\u00e1 fora\u201d, disse Jo\u00e3o.<\/p>\n<p style=\"text-align: justify;\">Segundo o prefeito, j\u00e1 h\u00e1 duas empresas de outros Estados interessadas em substituir a VCA, por isso, a prefeitura ir\u00e1 realizar o chamamento para que haja uma sele\u00e7\u00e3o para escolher aquela que melhor se ad\u00e9q\u00fce ao sistema. \u201cVamos optar por aquela que mais r\u00e1pido puder entrar em opera\u00e7\u00e3o, mas sabemos que n\u00e3o ser\u00e1 r\u00e1pido colocar 150 \u00f4nibus para circular\u201d, ressaltou.<\/p>\n<p style=\"text-align: justify;\">Demonstrando muita contrariedade com a situa\u00e7\u00e3o que a VCA ocasionou no sistema, Jo\u00e3o disse que a empresa tinha interesse que a prefeitura realizasse uma interven\u00e7\u00e3o, porque assim assumiria os mais de R$ 500 milh\u00f5es de passivo financeiro existente. \u201cTeria que dar um tiro na cabe\u00e7a. A VCA se comportou como uma empresa aventureira. Exaurimos todas as op\u00e7\u00f5es de di\u00e1logo. E encontramos empresas que aceitam trabalhar em Aracaju mesmo sabendo que uma licita\u00e7\u00e3o ser\u00e1 realizada em breve\u201d, afirmou.<\/p>\n<p style=\"text-align: justify;\">Para o prefeito de Nossa Senhora do Socorro, segundo munic\u00edpio mais atingido com a paralisa\u00e7\u00e3o da VCA (60% da frota que circula na cidade), \u201ctodo esse sofrimento\u201d vai ter uma consequ\u00eancia positiva: \u201cvamos nos livrar definitivamente da VCA que presta um servi\u00e7o p\u00e9ssimo para o cidad\u00e3o\u201d, disse F\u00e1bio Henrique. Ele afirmou ainda que a prefeitura de Socorro estuda a possibilidade de colocar \u00f4nibus pr\u00f3prios da administra\u00e7\u00e3o para atender povoados e bairros onde o sistema n\u00e3o est\u00e1 indo. \u201cA gente n\u00e3o pode permitir que uma comunidade fique sem transporte\u201d, frisou.<\/p>\n<p style=\"text-align: justify;\"><em><strong>por Valter Lima, do Brasil 247<\/strong><\/em><\/p>\n","protected":false},"excerpt":{"rendered":"<p>Os prefeitos da Grande Aracaju decidiram, em reuni\u00e3o na manh\u00e3 desta quarta-feira (24), retirar oficialmente as empresas Via\u00e7\u00e3o Cidade de Aracaju (VCA) e S\u00e3o Crist\u00f3v\u00e3o do sistema de transporte coletivo da regi\u00e3o. A partir de amanh\u00e3, a prefeitura de Aracaju abrir\u00e1 um edital de chamamento para que empresas de outros Estados possam assumir essas duas [&hellip;]<\/p>\n","protected":false},"author":1,"featured_media":50736,"comment_status":"closed","ping_status":"closed","sticky":false,"template":"","format":"standard","meta":{"footnotes":""},"categories":[6],"tags":[],"class_list":{"0":"post-50735","1":"post","2":"type-post","3":"status-publish","4":"format-standard","5":"has-post-thumbnail","7":"category-politica"},"_links":{"self":[{"href":"https:\/\/senoticias.com.br\/se\/wp-json\/wp\/v2\/posts\/50735"}],"collection":[{"href":"https:\/\/senoticias.com.br\/se\/wp-json\/wp\/v2\/posts"}],"about":[{"href":"https:\/\/senoticias.com.br\/se\/wp-json\/wp\/v2\/types\/post"}],"author":[{"embeddable":true,"href":"https:\/\/senoticias.com.br\/se\/wp-json\/wp\/v2\/users\/1"}],"replies":[{"embeddable":true,"href":"https:\/\/senoticias.com.br\/se\/wp-json\/wp\/v2\/comments?post=50735"}],"version-history":[{"count":0,"href":"https:\/\/senoticias.com.br\/se\/wp-json\/wp\/v2\/posts\/50735\/revisions"}],"wp:featuredmedia":[{"embeddable":true,"href":"https:\/\/senoticias.com.br\/se\/wp-json\/wp\/v2\/media\/50736"}],"wp:attachment":[{"href":"https:\/\/senoticias.com.br\/se\/wp-json\/wp\/v2\/media?parent=50735"}],"wp:term":[{"taxonomy":"category","embeddable":true,"href":"https:\/\/senoticias.com.br\/se\/wp-json\/wp\/v2\/categories?post=50735"},{"taxonomy":"post_tag","embeddable":true,"href":"https:\/\/senoticias.com.br\/se\/wp-json\/wp\/v2\/tags?post=50735"}],"curies":[{"name":"wp","href":"https:\/\/api.w.org\/{rel}","templated":true}]}}