{"id":50733,"date":"2013-07-24T13:50:51","date_gmt":"2013-07-24T16:50:51","guid":{"rendered":"http:\/\/senoticias.com.br\/se\/?p=50733"},"modified":"2013-07-25T07:23:21","modified_gmt":"2013-07-25T10:23:21","slug":"revoltados-passageiros-fecham-terminal-no-centro-de-aracaju","status":"publish","type":"post","link":"https:\/\/senoticias.com.br\/se\/revoltados-passageiros-fecham-terminal-no-centro-de-aracaju\/","title":{"rendered":"Revoltados, passageiros fecham terminal no Centro de Aracaju"},"content":{"rendered":"<p>&nbsp;<\/p>\n<h5><strong>Denise Gomes e Fl\u00e1vio Antunes do G1 SE<\/strong><\/h5>\n<p style=\"text-align: justify;\">Revoltados com a demora dos \u00f4nibus passageiros se organizaram e fecharam o Terminal de Integra\u00e7\u00e3o dos Mercados Centrais de Aracaju (SE), por volta das 8h30 da manh\u00e3 desta quarta-feira (24). Os poucos ve\u00edculos que chegavam ao terminal estavam lotados e os passageiros n\u00e3o conseguiam seguir viagem com destino ao trabalho. Por causa disso, os manifestantes decidiram impedir a sa\u00edda dos coletivos e alguns chegaram a ser apedrejados.<\/p>\n<div id=\"attachment_50734\" style=\"width: 606px\" class=\"wp-caption aligncenter\"><a href=\"http:\/\/senoticias.com.br\/se\/wp-content\/uploads\/2013\/07\/fechamento_terminalmercado5.jpg\"><img loading=\"lazy\" decoding=\"async\" aria-describedby=\"caption-attachment-50734\" class=\"size-full wp-image-50734\" alt=\" Passageiros bloquearam a passagem dos \u00f4nibus no Terminal do Mercado (Foto: Fl\u00e1vio Antunes\/G1)\" src=\"http:\/\/senoticias.com.br\/se\/wp-content\/uploads\/2013\/07\/fechamento_terminalmercado5.jpg\" width=\"596\" height=\"447\" srcset=\"https:\/\/senoticias.com.br\/se\/wp-content\/uploads\/2013\/07\/fechamento_terminalmercado5.jpg 596w, https:\/\/senoticias.com.br\/se\/wp-content\/uploads\/2013\/07\/fechamento_terminalmercado5-300x225.jpg 300w, https:\/\/senoticias.com.br\/se\/wp-content\/uploads\/2013\/07\/fechamento_terminalmercado5-342x256.jpg 342w, https:\/\/senoticias.com.br\/se\/wp-content\/uploads\/2013\/07\/fechamento_terminalmercado5-60x45.jpg 60w, https:\/\/senoticias.com.br\/se\/wp-content\/uploads\/2013\/07\/fechamento_terminalmercado5-150x113.jpg 150w, https:\/\/senoticias.com.br\/se\/wp-content\/uploads\/2013\/07\/fechamento_terminalmercado5-269x201.jpg 269w\" sizes=\"(max-width: 596px) 100vw, 596px\" \/><\/a><p id=\"caption-attachment-50734\" class=\"wp-caption-text\"><br \/>Passageiros bloquearam a passagem dos \u00f4nibus no Terminal do Mercado (Foto: Fl\u00e1vio Antunes\/G1)<\/p><\/div>\n<p style=\"text-align: justify;\">A demora na chegada dos \u00f4nibus foi devido ao bloqueio realizado no in\u00edcio da manh\u00e3 na Avenida Marechal Rondon, na Zona Oeste da capital, onde funcion\u00e1rios da empresa Via\u00e7\u00e3o Cidade de Aracaju (VCA), impediram o tr\u00e2nsito na via, bem como a sa\u00edda dos \u00f4nibus da empresa Progresso. A Pol\u00edcia Militar foi acionada e ap\u00f3s negociar com os manifestantes conseguiu liberar a avenida e tamb\u00e9m a sa\u00edda dos coletivos, que deixaram a garagem escoltados por viaturas.<\/p>\n<p style=\"text-align: justify;\">No Terminal de Integra\u00e7\u00e3o do Mercado, os passageiros utilizaram barris para bloquear o acesso dos ve\u00edculos e chegaram a sentar no meio da pista. O tr\u00e2nsito ficou bastante complicado para os motoristas que deslocavam no Bairro Industrial, com destino ao Centro e \u00e0 Zona Sul da capital, j\u00e1 que uma extensa fila de \u00f4nibus foi formada ao longo da Avenida Rio Branco.<\/p>\n<p style=\"text-align: justify;\">Os passageiros que estavam nos \u00f4nibus foram obrigados a desembarcar dos ve\u00edculos, que eram parados pelos manifestantes. Sem alternativa, eles se dirigiram para a \u00e1rea externa do terminal onde tentavam seguir viagem atrav\u00e9s de outros tipos de transporte, a exemplo de motot\u00e1xis e t\u00e1xis-lota\u00e7\u00e3o, que aos poucos chegavam ao local para suprir \u00e0 demanda de passageiros.<\/p>\n<p style=\"text-align: justify;\">Durante o bloqueio, um dos manifestantes foi atropelado por um ve\u00edculo. De acordo com Ismael Bispo, de 21 anos, que trabalha em uma distribuidora de bebidas, ele se uniu aos demais passageiros, e no momento em que um \u00f4nibus que realiza a linha Augusto Franco\/Bugio tentava manobrar para sair do terminal, tentou impedir a sa\u00edda do coletivo e acabou sendo atingido.<\/p>\n<p style=\"text-align: justify;\">\u201cEstava atr\u00e1s do \u00f4nibus e neste momento o motorista deu r\u00e9. Acredito que ele n\u00e3o tenha me visto, mas acabei sendo atingido pelo carro, ca\u00ed e machuquei as m\u00e3os. A popula\u00e7\u00e3o est\u00e1 revoltada com o descaso das empresas, que al\u00e9m de n\u00e3o colocarem \u00f4nibus suficientes, os ve\u00edculos s\u00e3o todos sucateados, sujos e sempre est\u00e3o lotados. Moro na Grande Aracaju e a \u00fanica linha que atende \u00e0s minhas necessidades \u00e9 a Marcos Freire\/Centro, no entanto, a demora \u00e9 muito grande e levo cerca de 1h30 todos os dias para chegar ao trabalho nas proximidades do Terminal do Distrito Industrial, na Zona Sul\u201d, relatou.<\/p>\n<p style=\"text-align: justify;\">Uma senhora que estava em um dos \u00f4nibus interceptado pelos manifestantes no terminal passou mal e teve que ser socorrida por uma equipe do Servi\u00e7o de Atendimento M\u00f3vel de Urg\u00eancia (SAMU).<\/p>\n","protected":false},"excerpt":{"rendered":"<p>&nbsp; Denise Gomes e Fl\u00e1vio Antunes do G1 SE Revoltados com a demora dos \u00f4nibus passageiros se organizaram e fecharam o Terminal de Integra\u00e7\u00e3o dos Mercados Centrais de Aracaju (SE), por volta das 8h30 da manh\u00e3 desta quarta-feira (24). Os poucos ve\u00edculos que chegavam ao terminal estavam lotados e os passageiros n\u00e3o conseguiam seguir viagem [&hellip;]<\/p>\n","protected":false},"author":3,"featured_media":50734,"comment_status":"closed","ping_status":"closed","sticky":false,"template":"","format":"standard","meta":{"footnotes":""},"categories":[310],"tags":[],"class_list":{"0":"post-50733","1":"post","2":"type-post","3":"status-publish","4":"format-standard","5":"has-post-thumbnail","7":"category-destaques-da-semana"},"_links":{"self":[{"href":"https:\/\/senoticias.com.br\/se\/wp-json\/wp\/v2\/posts\/50733"}],"collection":[{"href":"https:\/\/senoticias.com.br\/se\/wp-json\/wp\/v2\/posts"}],"about":[{"href":"https:\/\/senoticias.com.br\/se\/wp-json\/wp\/v2\/types\/post"}],"author":[{"embeddable":true,"href":"https:\/\/senoticias.com.br\/se\/wp-json\/wp\/v2\/users\/3"}],"replies":[{"embeddable":true,"href":"https:\/\/senoticias.com.br\/se\/wp-json\/wp\/v2\/comments?post=50733"}],"version-history":[{"count":0,"href":"https:\/\/senoticias.com.br\/se\/wp-json\/wp\/v2\/posts\/50733\/revisions"}],"wp:featuredmedia":[{"embeddable":true,"href":"https:\/\/senoticias.com.br\/se\/wp-json\/wp\/v2\/media\/50734"}],"wp:attachment":[{"href":"https:\/\/senoticias.com.br\/se\/wp-json\/wp\/v2\/media?parent=50733"}],"wp:term":[{"taxonomy":"category","embeddable":true,"href":"https:\/\/senoticias.com.br\/se\/wp-json\/wp\/v2\/categories?post=50733"},{"taxonomy":"post_tag","embeddable":true,"href":"https:\/\/senoticias.com.br\/se\/wp-json\/wp\/v2\/tags?post=50733"}],"curies":[{"name":"wp","href":"https:\/\/api.w.org\/{rel}","templated":true}]}}