{"id":50721,"date":"2013-07-24T12:12:37","date_gmt":"2013-07-24T15:12:37","guid":{"rendered":"http:\/\/senoticias.com.br\/se\/?p=50721"},"modified":"2013-07-24T12:14:37","modified_gmt":"2013-07-24T15:14:37","slug":"estado-de-sergipe-codise-e-emurb-sao-alvos-de-acao-do-ministerio-publico","status":"publish","type":"post","link":"https:\/\/senoticias.com.br\/se\/estado-de-sergipe-codise-e-emurb-sao-alvos-de-acao-do-ministerio-publico\/","title":{"rendered":"Estado de Sergipe, CODISE e EMURB s\u00e3o alvos de A\u00e7\u00e3o do Minist\u00e9rio P\u00fablico"},"content":{"rendered":"<p>&nbsp;<\/p>\n<div id=\"attachment_49348\" style=\"width: 310px\" class=\"wp-caption alignleft\"><a href=\"http:\/\/senoticias.com.br\/se\/wp-content\/uploads\/2013\/06\/20130605_084552.jpg\"><img loading=\"lazy\" decoding=\"async\" aria-describedby=\"caption-attachment-49348\" class=\"size-medium wp-image-49348\" alt=\"A A\u00e7\u00e3o requer a regulariza\u00e7\u00e3o de v\u00e1rios problemas que foram encontrados nos Centros de Atendimento ao Cidad\u00e3o (CEAC) da Rodovi\u00e1ria Nova e da \u201cRua do Turista\u201d. Foto: SE Not\u00edcias)\" src=\"http:\/\/senoticias.com.br\/se\/wp-content\/uploads\/2013\/06\/20130605_084552-300x225.jpg\" width=\"300\" height=\"225\" srcset=\"https:\/\/senoticias.com.br\/se\/wp-content\/uploads\/2013\/06\/20130605_084552-300x225.jpg 300w, https:\/\/senoticias.com.br\/se\/wp-content\/uploads\/2013\/06\/20130605_084552-342x256.jpg 342w, https:\/\/senoticias.com.br\/se\/wp-content\/uploads\/2013\/06\/20130605_084552-60x45.jpg 60w, https:\/\/senoticias.com.br\/se\/wp-content\/uploads\/2013\/06\/20130605_084552-150x113.jpg 150w, https:\/\/senoticias.com.br\/se\/wp-content\/uploads\/2013\/06\/20130605_084552-269x201.jpg 269w, https:\/\/senoticias.com.br\/se\/wp-content\/uploads\/2013\/06\/20130605_084552.jpg 588w\" sizes=\"(max-width: 300px) 100vw, 300px\" \/><\/a><p id=\"caption-attachment-49348\" class=\"wp-caption-text\">A A\u00e7\u00e3o requer a regulariza\u00e7\u00e3o de v\u00e1rios problemas que foram encontrados nos Centros de Atendimento ao Cidad\u00e3o (CEAC) da Rodovi\u00e1ria Nova e da \u201cRua do Turista\u201d. Foto: SE Not\u00edcias)<\/p><\/div>\n<p style=\"text-align: justify;\">A Curadoria do Consumidor e dos Servi\u00e7os de Relev\u00e2ncia P\u00fablica, por interm\u00e9dio do Promotor de Justi\u00e7a Dr. Daniel Carneiro, ajuizou A\u00e7\u00e3o Civil P\u00fablica (ACP) com pedido de antecipa\u00e7\u00e3o dos efeitos da tutela em face do Estado de Sergipe, da Companhia de Desenvolvimento Industrial e de Recursos Minerais de Sergipe (CODISE) e da Empresa Municipal de Obras e Urbaniza\u00e7\u00e3o de Aracaju (EMURB).<\/p>\n<p style=\"text-align: justify;\">A A\u00e7\u00e3o requer a regulariza\u00e7\u00e3o de v\u00e1rios problemas que foram encontrados nos Centros de Atendimento ao Cidad\u00e3o (CEAC) do Terminal Rodovi\u00e1rio Governador Jos\u00e9 Rollemberg Leite e da \u201cRua do Turista\u201d, bem como nos pr\u00e9dios p\u00fablicos onde est\u00e3o localizados.<\/p>\n<p style=\"text-align: justify;\">De acordo com a ACP, o MP recebeu den\u00fancias de irregularidades no sistema de seguran\u00e7a contra inc\u00eandio e p\u00e2nico do Centro de Atendimento ao Cidad\u00e3o (CEAC) situado no Terminal Rodovi\u00e1rio Governador Jos\u00e9 Rollemberg Leite. Durante a investiga\u00e7\u00e3o foi constatado que, al\u00e9m do CEAC, o pr\u00f3prio Terminal Rodovi\u00e1rio tamb\u00e9m estava em situa\u00e7\u00e3o irregular quanto \u00e0 preven\u00e7\u00e3o e combate a inc\u00eandio e p\u00e2nico, pois o atestado de regularidade encontra-se expirado desde 30\/01\/2011.<\/p>\n<p style=\"text-align: justify;\">Avan\u00e7ando ainda mais na investiga\u00e7\u00e3o, o MP apurou que o CEAC do Terminal Rodovi\u00e1rio, assim como o pr\u00f3prio terminal, funcionam sem libera\u00e7\u00e3o, ou seja, n\u00e3o possuem o \u201cHabite-se\u201d, uma licen\u00e7a emitida pela EMURB que representa a condi\u00e7\u00e3o legal necess\u00e1ria para que o pr\u00e9dio possa ser ocupado.<\/p>\n<p style=\"text-align: justify;\">O MP ainda encontrou as mesmas irregularidades no CEAC da \u201cRua do Turista\u201d e na pr\u00f3pria galeria, ou seja, o Centro de Atendimento e o pr\u00e9dio tamb\u00e9m n\u00e3o possuem a autoriza\u00e7\u00e3o perante o Corpo de Bombeiros, nem o \u201cHabite-se\u201d e portanto, funcionam de forma irregular.<\/p>\n<p style=\"text-align: justify;\">Segundo o Promotor de Justi\u00e7a, o Munic\u00edpio de Aracaju e a EMURB, respons\u00e1veis pelo licenciamento e fiscaliza\u00e7\u00e3o dos pr\u00e9dios existentes no territ\u00f3rio municipal, permanecem omissos na ado\u00e7\u00e3o das medidas necess\u00e1rias para a regulariza\u00e7\u00e3o dos pr\u00e9dios. Enquanto isso, todas as pessoas que circulam nos locais descritos est\u00e3o sendo expostos \u00e0 riscos decorrentes das irregularidades apontadas.<\/p>\n<p style=\"text-align: justify;\">Dessa forma, o MP requer a realiza\u00e7\u00e3o das obras, a aquisi\u00e7\u00e3o de equipamentos e a pr\u00e1tica dos demais atos administrativos necess\u00e1rios ao regular funcionamento do Terminal Rodovi\u00e1rio Governador Jos\u00e9 Rollemberg Leite e da \u201cRua do Turista\u201d, assim como dos CEAC&#8217;s situados em tais pr\u00e9dios p\u00fablicos.<\/p>\n<p style=\"text-align: justify;\">Al\u00e9m disso, requer, ainda, que todos providenciem a obten\u00e7\u00e3o do \u201cAtestado de Regularidade\u201d do Corpo de Bombeiros Militar de Sergipe e do \u201cHabite-se\u201d.<\/p>\n<p style=\"text-align: justify;\">Em caso de descumprimento do determinado judicialmente, o MP requer a aplica\u00e7\u00e3o de multa di\u00e1ria e a interdi\u00e7\u00e3o do Terminal Rodovi\u00e1rio, da \u201cRua do Turista\u201d e dos CEAC&#8217;s situados nos dois pr\u00e9dios.<\/p>\n<p style=\"text-align: justify;\"><strong>G\u00e9ssica Souza<\/strong><br \/>\n<strong> Coordenadoria de Comunica\u00e7\u00e3o &#8211; MP\/SE<\/strong><\/p>\n","protected":false},"excerpt":{"rendered":"<p>&nbsp; A Curadoria do Consumidor e dos Servi\u00e7os de Relev\u00e2ncia P\u00fablica, por interm\u00e9dio do Promotor de Justi\u00e7a Dr. Daniel Carneiro, ajuizou A\u00e7\u00e3o Civil P\u00fablica (ACP) com pedido de antecipa\u00e7\u00e3o dos efeitos da tutela em face do Estado de Sergipe, da Companhia de Desenvolvimento Industrial e de Recursos Minerais de Sergipe (CODISE) e da Empresa Municipal [&hellip;]<\/p>\n","protected":false},"author":1,"featured_media":49348,"comment_status":"closed","ping_status":"closed","sticky":false,"template":"","format":"standard","meta":{"footnotes":""},"categories":[6],"tags":[],"class_list":{"0":"post-50721","1":"post","2":"type-post","3":"status-publish","4":"format-standard","5":"has-post-thumbnail","7":"category-politica"},"_links":{"self":[{"href":"https:\/\/senoticias.com.br\/se\/wp-json\/wp\/v2\/posts\/50721"}],"collection":[{"href":"https:\/\/senoticias.com.br\/se\/wp-json\/wp\/v2\/posts"}],"about":[{"href":"https:\/\/senoticias.com.br\/se\/wp-json\/wp\/v2\/types\/post"}],"author":[{"embeddable":true,"href":"https:\/\/senoticias.com.br\/se\/wp-json\/wp\/v2\/users\/1"}],"replies":[{"embeddable":true,"href":"https:\/\/senoticias.com.br\/se\/wp-json\/wp\/v2\/comments?post=50721"}],"version-history":[{"count":0,"href":"https:\/\/senoticias.com.br\/se\/wp-json\/wp\/v2\/posts\/50721\/revisions"}],"wp:featuredmedia":[{"embeddable":true,"href":"https:\/\/senoticias.com.br\/se\/wp-json\/wp\/v2\/media\/49348"}],"wp:attachment":[{"href":"https:\/\/senoticias.com.br\/se\/wp-json\/wp\/v2\/media?parent=50721"}],"wp:term":[{"taxonomy":"category","embeddable":true,"href":"https:\/\/senoticias.com.br\/se\/wp-json\/wp\/v2\/categories?post=50721"},{"taxonomy":"post_tag","embeddable":true,"href":"https:\/\/senoticias.com.br\/se\/wp-json\/wp\/v2\/tags?post=50721"}],"curies":[{"name":"wp","href":"https:\/\/api.w.org\/{rel}","templated":true}]}}