{"id":50719,"date":"2013-07-24T11:39:05","date_gmt":"2013-07-24T14:39:05","guid":{"rendered":"http:\/\/senoticias.com.br\/se\/?p=50719"},"modified":"2013-07-25T10:48:11","modified_gmt":"2013-07-25T13:48:11","slug":"policia-rodoviaria-federal-prende-dupla-de-assaltantes-por-roubo-de-motocicleta-em-itaporanga-dajuda","status":"publish","type":"post","link":"https:\/\/senoticias.com.br\/se\/policia-rodoviaria-federal-prende-dupla-de-assaltantes-por-roubo-de-motocicleta-em-itaporanga-dajuda\/","title":{"rendered":"Pol\u00edcia Rodovi\u00e1ria Federal prende dupla de assaltantes em Itaporanga D&#8217;Ajuda"},"content":{"rendered":"<p>&nbsp;<\/p>\n<p><strong>Eles estavam com uma arma de fogo e confessaram roubo no munic\u00edpio de Itaporanga D&#8217;Ajuda<\/strong><\/p>\n<div id=\"attachment_50723\" style=\"width: 310px\" class=\"wp-caption alignleft\"><a href=\"http:\/\/senoticias.com.br\/se\/wp-content\/uploads\/2013\/07\/PRF-det\u00e9m-dupla-de-assaltantes-em-motocicleta-04.jpg\"><img loading=\"lazy\" decoding=\"async\" aria-describedby=\"caption-attachment-50723\" class=\"size-medium wp-image-50723\" alt=\" Motocicleta HONDA\/CG 150 FAN ESI, com placa de Sergipe. (Divulga\u00e7\u00e3o\/PRF\/SE)\" src=\"http:\/\/senoticias.com.br\/se\/wp-content\/uploads\/2013\/07\/PRF-det\u00e9m-dupla-de-assaltantes-em-motocicleta-04-300x225.jpg\" width=\"300\" height=\"225\" srcset=\"https:\/\/senoticias.com.br\/se\/wp-content\/uploads\/2013\/07\/PRF-det\u00e9m-dupla-de-assaltantes-em-motocicleta-04-300x225.jpg 300w, https:\/\/senoticias.com.br\/se\/wp-content\/uploads\/2013\/07\/PRF-det\u00e9m-dupla-de-assaltantes-em-motocicleta-04-342x256.jpg 342w, https:\/\/senoticias.com.br\/se\/wp-content\/uploads\/2013\/07\/PRF-det\u00e9m-dupla-de-assaltantes-em-motocicleta-04-60x45.jpg 60w, https:\/\/senoticias.com.br\/se\/wp-content\/uploads\/2013\/07\/PRF-det\u00e9m-dupla-de-assaltantes-em-motocicleta-04-150x113.jpg 150w, https:\/\/senoticias.com.br\/se\/wp-content\/uploads\/2013\/07\/PRF-det\u00e9m-dupla-de-assaltantes-em-motocicleta-04-269x201.jpg 269w, https:\/\/senoticias.com.br\/se\/wp-content\/uploads\/2013\/07\/PRF-det\u00e9m-dupla-de-assaltantes-em-motocicleta-04.jpg 640w\" sizes=\"(max-width: 300px) 100vw, 300px\" \/><\/a><p id=\"caption-attachment-50723\" class=\"wp-caption-text\"><br \/>Motocicleta HONDA\/CG 150 FAN ESI, com placa de Sergipe. (Divulga\u00e7\u00e3o\/PRF\/SE)<\/p><\/div>\n<p style=\"text-align: justify;\">Na noite de ontem (23), no km 104 da BR 101, munic\u00edpio de S\u00e3o Crist\u00f3v\u00e3o (SE), Policiais Rodovi\u00e1rios Federais detiveram dois homens por roubo e porte ilegal de arma de fogo. Eles estavam em uma motocicleta HONDA\/CG 150 FAN ESI, com placa de Sergipe, e foram abordados pelos agentes federais em raz\u00e3o das caracter\u00edsticas do ve\u00edculo e dos pr\u00f3prios ocupantes coincidirem com as caracter\u00edsticas dos autores de um roubo, praticado no munic\u00edpio de Itaporanga D&#8217;Ajuda (SE).<\/p>\n<p style=\"text-align: justify;\">Os policiais encontraram com a dupla tr\u00eas aparelhos celulares, que os homens confirmaram ser produtos de roubo. Com o passageiro, sob um casaco, foi achado um rev\u00f3lver calibre 38, sem numera\u00e7\u00e3o, com cinco muni\u00e7\u00f5es intactas. Posteriormente, em Itaporanga D&#8217;Ajuda, foi identificada uma mulher, v\u00edtima dos assaltantes, encaminhada \u00e0 Delegacia de Pol\u00edcia Civil plantonista, em Aracaju, para onde tamb\u00e9m seguiram os detidos.<\/p>\n<p><strong>N\u00facleo de Comunica\u00e7\u00e3o Social<\/strong><br \/>\n<strong>Pol\u00edcia Rodovi\u00e1ria Federal \u2013 Sergip<\/strong>e<\/p>\n","protected":false},"excerpt":{"rendered":"<p>&nbsp; Eles estavam com uma arma de fogo e confessaram roubo no munic\u00edpio de Itaporanga D&#8217;Ajuda Na noite de ontem (23), no km 104 da BR 101, munic\u00edpio de S\u00e3o Crist\u00f3v\u00e3o (SE), Policiais Rodovi\u00e1rios Federais detiveram dois homens por roubo e porte ilegal de arma de fogo. Eles estavam em uma motocicleta HONDA\/CG 150 FAN [&hellip;]<\/p>\n","protected":false},"author":1,"featured_media":50723,"comment_status":"closed","ping_status":"closed","sticky":false,"template":"","format":"standard","meta":{"footnotes":""},"categories":[7],"tags":[],"class_list":{"0":"post-50719","1":"post","2":"type-post","3":"status-publish","4":"format-standard","5":"has-post-thumbnail","7":"category-policia"},"_links":{"self":[{"href":"https:\/\/senoticias.com.br\/se\/wp-json\/wp\/v2\/posts\/50719"}],"collection":[{"href":"https:\/\/senoticias.com.br\/se\/wp-json\/wp\/v2\/posts"}],"about":[{"href":"https:\/\/senoticias.com.br\/se\/wp-json\/wp\/v2\/types\/post"}],"author":[{"embeddable":true,"href":"https:\/\/senoticias.com.br\/se\/wp-json\/wp\/v2\/users\/1"}],"replies":[{"embeddable":true,"href":"https:\/\/senoticias.com.br\/se\/wp-json\/wp\/v2\/comments?post=50719"}],"version-history":[{"count":0,"href":"https:\/\/senoticias.com.br\/se\/wp-json\/wp\/v2\/posts\/50719\/revisions"}],"wp:featuredmedia":[{"embeddable":true,"href":"https:\/\/senoticias.com.br\/se\/wp-json\/wp\/v2\/media\/50723"}],"wp:attachment":[{"href":"https:\/\/senoticias.com.br\/se\/wp-json\/wp\/v2\/media?parent=50719"}],"wp:term":[{"taxonomy":"category","embeddable":true,"href":"https:\/\/senoticias.com.br\/se\/wp-json\/wp\/v2\/categories?post=50719"},{"taxonomy":"post_tag","embeddable":true,"href":"https:\/\/senoticias.com.br\/se\/wp-json\/wp\/v2\/tags?post=50719"}],"curies":[{"name":"wp","href":"https:\/\/api.w.org\/{rel}","templated":true}]}}