{"id":50716,"date":"2013-07-24T11:26:38","date_gmt":"2013-07-24T14:26:38","guid":{"rendered":"http:\/\/senoticias.com.br\/se\/?p=50716"},"modified":"2013-07-24T11:26:38","modified_gmt":"2013-07-24T14:26:38","slug":"cprv-apreende-25-veiculos-e-autua-59-condutores-na-rodovia-rota-do-sertao","status":"publish","type":"post","link":"https:\/\/senoticias.com.br\/se\/cprv-apreende-25-veiculos-e-autua-59-condutores-na-rodovia-rota-do-sertao\/","title":{"rendered":"CPRv apreende 25 ve\u00edculos e autua 59 condutores na rodovia Rota do Sert\u00e3o"},"content":{"rendered":"<p style=\"text-align: justify;\"><a href=\"http:\/\/senoticias.com.br\/se\/wp-content\/uploads\/2013\/07\/foto-rota-do-sert\u00e3o.jpg\"><img loading=\"lazy\" decoding=\"async\" class=\"alignleft size-medium wp-image-50717\" alt=\"foto rota do sert\u00e3o\" src=\"http:\/\/senoticias.com.br\/se\/wp-content\/uploads\/2013\/07\/foto-rota-do-sert\u00e3o-300x225.jpg\" width=\"300\" height=\"225\" srcset=\"https:\/\/senoticias.com.br\/se\/wp-content\/uploads\/2013\/07\/foto-rota-do-sert\u00e3o-300x225.jpg 300w, https:\/\/senoticias.com.br\/se\/wp-content\/uploads\/2013\/07\/foto-rota-do-sert\u00e3o-342x256.jpg 342w, https:\/\/senoticias.com.br\/se\/wp-content\/uploads\/2013\/07\/foto-rota-do-sert\u00e3o-60x45.jpg 60w, https:\/\/senoticias.com.br\/se\/wp-content\/uploads\/2013\/07\/foto-rota-do-sert\u00e3o-150x113.jpg 150w, https:\/\/senoticias.com.br\/se\/wp-content\/uploads\/2013\/07\/foto-rota-do-sert\u00e3o-269x201.jpg 269w, https:\/\/senoticias.com.br\/se\/wp-content\/uploads\/2013\/07\/foto-rota-do-sert\u00e3o.jpg 512w\" sizes=\"(max-width: 300px) 100vw, 300px\" \/><\/a>Com o objetivo de refor\u00e7ar o policiamento ostensivo e a fiscaliza\u00e7\u00e3o de tr\u00e2nsito na rodovia Rota do Sert\u00e3o (SE 230), a Pol\u00edcia Militar, atrav\u00e9s da Companhia de Pol\u00edcia Rodovi\u00e1ria Estadual \u2013 CPRv, realizou durante todo o dia dessa ter\u00e7a-feira (23), uma opera\u00e7\u00e3o entre os munic\u00edpios de Nossa Senhora da Gl\u00f3ria e Po\u00e7o Redondo, a qual contou com a participa\u00e7\u00e3o de 12 policiais e 04 viaturas do Grupamento T\u00e1tico Rodovi\u00e1rio &#8211; TOR.<\/p>\n<p style=\"text-align: justify;\">Os policiais realizaram abordagens aos condutores e ve\u00edculos que trafegavam pela rodovia, um total de 170 (cento e setenta) ve\u00edculos foram fiscalizados, sendo que 25 (vinte e cinco) ve\u00edculos foram removidos ao p\u00e1tio do DETRAN\/SE e 59 (cinquenta e nove) condutores foram autuados.<\/p>\n<p style=\"text-align: justify;\">Infra\u00e7\u00f5es de tr\u00e2nsito do tipo: N\u00e3o utilizar o capacete de seguran\u00e7a, n\u00e3o possuir carteira nacional de habilita\u00e7\u00e3o, transitar com ve\u00edculo em mau estado de conserva\u00e7\u00e3o e conduzir ve\u00edculo com licenciamento vencido ou com restri\u00e7\u00e3o judicial, foram as mais frequentes.<\/p>\n<p style=\"text-align: justify;\">Dados estat\u00edsticos da CPRv demonstram que na rodovia Rota do Sert\u00e3o (SE 230) somente no primeiro semestre de 2013, foi registrado 25 (vinte e cinco) acidentes de tr\u00e2nsito, os quais geraram diversas vitimas lesionadas e mortes.<\/p>\n<p style=\"text-align: justify;\"><strong>Comando da CPRv<\/strong><\/p>\n","protected":false},"excerpt":{"rendered":"<p>Com o objetivo de refor\u00e7ar o policiamento ostensivo e a fiscaliza\u00e7\u00e3o de tr\u00e2nsito na rodovia Rota do Sert\u00e3o (SE 230), a Pol\u00edcia Militar, atrav\u00e9s da Companhia de Pol\u00edcia Rodovi\u00e1ria Estadual \u2013 CPRv, realizou durante todo o dia dessa ter\u00e7a-feira (23), uma opera\u00e7\u00e3o entre os munic\u00edpios de Nossa Senhora da Gl\u00f3ria e Po\u00e7o Redondo, a qual [&hellip;]<\/p>\n","protected":false},"author":1,"featured_media":50717,"comment_status":"closed","ping_status":"closed","sticky":false,"template":"","format":"standard","meta":{"footnotes":""},"categories":[7],"tags":[],"class_list":{"0":"post-50716","1":"post","2":"type-post","3":"status-publish","4":"format-standard","5":"has-post-thumbnail","7":"category-policia"},"_links":{"self":[{"href":"https:\/\/senoticias.com.br\/se\/wp-json\/wp\/v2\/posts\/50716"}],"collection":[{"href":"https:\/\/senoticias.com.br\/se\/wp-json\/wp\/v2\/posts"}],"about":[{"href":"https:\/\/senoticias.com.br\/se\/wp-json\/wp\/v2\/types\/post"}],"author":[{"embeddable":true,"href":"https:\/\/senoticias.com.br\/se\/wp-json\/wp\/v2\/users\/1"}],"replies":[{"embeddable":true,"href":"https:\/\/senoticias.com.br\/se\/wp-json\/wp\/v2\/comments?post=50716"}],"version-history":[{"count":0,"href":"https:\/\/senoticias.com.br\/se\/wp-json\/wp\/v2\/posts\/50716\/revisions"}],"wp:featuredmedia":[{"embeddable":true,"href":"https:\/\/senoticias.com.br\/se\/wp-json\/wp\/v2\/media\/50717"}],"wp:attachment":[{"href":"https:\/\/senoticias.com.br\/se\/wp-json\/wp\/v2\/media?parent=50716"}],"wp:term":[{"taxonomy":"category","embeddable":true,"href":"https:\/\/senoticias.com.br\/se\/wp-json\/wp\/v2\/categories?post=50716"},{"taxonomy":"post_tag","embeddable":true,"href":"https:\/\/senoticias.com.br\/se\/wp-json\/wp\/v2\/tags?post=50716"}],"curies":[{"name":"wp","href":"https:\/\/api.w.org\/{rel}","templated":true}]}}