{"id":50712,"date":"2013-07-23T21:47:13","date_gmt":"2013-07-24T00:47:13","guid":{"rendered":"http:\/\/senoticias.com.br\/se\/?p=50712"},"modified":"2013-07-23T22:00:43","modified_gmt":"2013-07-24T01:00:43","slug":"forum-quer-conferencia-municipal-de-cultura-de-sao-cristovao","status":"publish","type":"post","link":"https:\/\/senoticias.com.br\/se\/forum-quer-conferencia-municipal-de-cultura-de-sao-cristovao\/","title":{"rendered":"F\u00f3rum quer Confer\u00eancia Municipal de Cultura em S\u00e3o Crist\u00f3v\u00e3o"},"content":{"rendered":"<p><strong>Por Thiago Fragata<\/strong><\/p>\n<div id=\"attachment_50713\" style=\"width: 310px\" class=\"wp-caption alignleft\"><a href=\"http:\/\/senoticias.com.br\/se\/wp-content\/uploads\/2013\/07\/IMG_1153.jpg\"><img loading=\"lazy\" decoding=\"async\" aria-describedby=\"caption-attachment-50713\" class=\"size-medium wp-image-50713\" alt=\" Historiador Thiago Fragata entregou of\u00edcios a Secret\u00e1ria Dilene Job.(Divulga\u00e7\u00e3o)\" src=\"http:\/\/senoticias.com.br\/se\/wp-content\/uploads\/2013\/07\/IMG_1153-300x226.jpg\" width=\"300\" height=\"226\" srcset=\"https:\/\/senoticias.com.br\/se\/wp-content\/uploads\/2013\/07\/IMG_1153-300x226.jpg 300w, https:\/\/senoticias.com.br\/se\/wp-content\/uploads\/2013\/07\/IMG_1153-342x258.jpg 342w, https:\/\/senoticias.com.br\/se\/wp-content\/uploads\/2013\/07\/IMG_1153-60x45.jpg 60w, https:\/\/senoticias.com.br\/se\/wp-content\/uploads\/2013\/07\/IMG_1153-150x113.jpg 150w, https:\/\/senoticias.com.br\/se\/wp-content\/uploads\/2013\/07\/IMG_1153.jpg 462w\" sizes=\"(max-width: 300px) 100vw, 300px\" \/><\/a><p id=\"caption-attachment-50713\" class=\"wp-caption-text\"><br \/>Historiador Thiago Fragata entregou of\u00edcios a Secret\u00e1ria Dilene Job.(Divulga\u00e7\u00e3o)<\/p><\/div>\n<p style=\"text-align: justify;\">A sociedade civil organizada, de S\u00e3o Crist\u00f3v\u00e3o, por meio da representa\u00e7\u00e3o de potenciais e respeitados agentes culturais do territ\u00f3rio, entre eles a Associa\u00e7\u00e3o de Cultura e Arte de S\u00e3o Crist\u00f3v\u00e3o (ACASC), Sociedade para o Avan\u00e7o Humano e Desenvolvimento Ecos\u00f3fico (SAHUDE), A\u00e7\u00e3o e Cidadania Popular Jo\u00e3o Bebe-\u00c1gua (ACIJOBA), Associa\u00e7\u00e3o Cultural Amigos do Museu Hist\u00f3rico de Sergipe (ACAMHS) e Instituto de Artes C\u00eanicas de Aracaju (IACEMA), esteve reunida, no \u00faltimo s\u00e1bado, e constitu\u00edram no \u00faltimo s\u00e1bado, 20\/7, o F\u00f3rum Pr\u00f3-Confer\u00eancia Municipal de Cultura de S\u00e3o Crist\u00f3v\u00e3o.<\/p>\n<p style=\"text-align: justify;\">Como uma das primeiras a\u00e7\u00f5es, o f\u00f3rum encaminhou, nessa segunda feira (22\/07) of\u00edcios a prefeita Rivanda Farias e a Secret\u00e1ria de Cultura Dilene Miranda Job solicitando uma reuni\u00e3o com objetivo tomar ci\u00eancia acerca das a\u00e7\u00f5es que o munic\u00edpio esteja desencadeando para a realiza\u00e7\u00e3o da Confer\u00eancia Municipal de Cultura, etapa preparat\u00f3ria que qualifica as discuss\u00f5es.<\/p>\n<p style=\"text-align: justify;\">Tal iniciativa pressup\u00f5e a manifesta\u00e7\u00e3o da sociedade civil organizada, na busca por assegurar a efetiva participa\u00e7\u00e3o do munic\u00edpio junto a III Confer\u00eancia Nacional de Cultura, prevista para acontecer em novembro, ressaltando ser essa cidade uma refer\u00eancia no cen\u00e1rio nacional e internacional em termos de patrim\u00f4nio cultural.<\/p>\n<p style=\"text-align: justify;\">Thiago Fragata, representante do F\u00f3rum, explicou que de acordo com os regimentos emitidos pelo Minist\u00e9rio de Cultura a prefeita Rivanda Farias deve convocar via decreto a referida Confer\u00eancia para que etapa municipal possa ser realizada respeitando o prazo: 11 de agosto. Lembrou ainda que o munic\u00edpio de S\u00e3o Crist\u00f3v\u00e3o, esteve representado na \u00faltima confer\u00eancia nacional (2010) e que mobilizou a aprova\u00e7\u00e3o de v\u00e1rias propostas ben\u00e9ficas ao munic\u00edpio e ao Estado de Sergipe, entre elas a obten\u00e7\u00e3o do T\u00edtulo de Patrim\u00f4nio da Humanidade conferido \u00e0 Pra\u00e7a S\u00e3o Francisco de Assis. Uma vit\u00f3ria da cultura para o munic\u00edpio e o Estado de Sergipe.<\/p>\n<p>O F\u00f3rum Pr\u00f3-Confer\u00eancia Municipal de Cultura de S\u00e3o Crist\u00f3v\u00e3o tem o apoio do Sindicato dos Artistas e T\u00e9cnicos em Espet\u00e1culos de Divers\u00f5es (SATED\/SE) e do F\u00f3rum de Secret\u00e1rios Municipais de Cultura de Sergipe.<\/p>\n","protected":false},"excerpt":{"rendered":"<p>Por Thiago Fragata A sociedade civil organizada, de S\u00e3o Crist\u00f3v\u00e3o, por meio da representa\u00e7\u00e3o de potenciais e respeitados agentes culturais do territ\u00f3rio, entre eles a Associa\u00e7\u00e3o de Cultura e Arte de S\u00e3o Crist\u00f3v\u00e3o (ACASC), Sociedade para o Avan\u00e7o Humano e Desenvolvimento Ecos\u00f3fico (SAHUDE), A\u00e7\u00e3o e Cidadania Popular Jo\u00e3o Bebe-\u00c1gua (ACIJOBA), Associa\u00e7\u00e3o Cultural Amigos do Museu [&hellip;]<\/p>\n","protected":false},"author":1,"featured_media":50713,"comment_status":"closed","ping_status":"closed","sticky":false,"template":"","format":"standard","meta":{"footnotes":""},"categories":[40,38],"tags":[],"class_list":{"0":"post-50712","1":"post","2":"type-post","3":"status-publish","4":"format-standard","5":"has-post-thumbnail","7":"category-cultura","8":"category-municipios"},"_links":{"self":[{"href":"https:\/\/senoticias.com.br\/se\/wp-json\/wp\/v2\/posts\/50712"}],"collection":[{"href":"https:\/\/senoticias.com.br\/se\/wp-json\/wp\/v2\/posts"}],"about":[{"href":"https:\/\/senoticias.com.br\/se\/wp-json\/wp\/v2\/types\/post"}],"author":[{"embeddable":true,"href":"https:\/\/senoticias.com.br\/se\/wp-json\/wp\/v2\/users\/1"}],"replies":[{"embeddable":true,"href":"https:\/\/senoticias.com.br\/se\/wp-json\/wp\/v2\/comments?post=50712"}],"version-history":[{"count":0,"href":"https:\/\/senoticias.com.br\/se\/wp-json\/wp\/v2\/posts\/50712\/revisions"}],"wp:featuredmedia":[{"embeddable":true,"href":"https:\/\/senoticias.com.br\/se\/wp-json\/wp\/v2\/media\/50713"}],"wp:attachment":[{"href":"https:\/\/senoticias.com.br\/se\/wp-json\/wp\/v2\/media?parent=50712"}],"wp:term":[{"taxonomy":"category","embeddable":true,"href":"https:\/\/senoticias.com.br\/se\/wp-json\/wp\/v2\/categories?post=50712"},{"taxonomy":"post_tag","embeddable":true,"href":"https:\/\/senoticias.com.br\/se\/wp-json\/wp\/v2\/tags?post=50712"}],"curies":[{"name":"wp","href":"https:\/\/api.w.org\/{rel}","templated":true}]}}