{"id":50709,"date":"2013-07-23T20:36:00","date_gmt":"2013-07-23T23:36:00","guid":{"rendered":"http:\/\/senoticias.com.br\/se\/?p=50709"},"modified":"2013-07-25T07:15:11","modified_gmt":"2013-07-25T10:15:11","slug":"dominguinhos-morre-aos-72-anos-em-hospital-de-sao-paulo","status":"publish","type":"post","link":"https:\/\/senoticias.com.br\/se\/dominguinhos-morre-aos-72-anos-em-hospital-de-sao-paulo\/","title":{"rendered":"Dominguinhos morre aos 72 anos em hospital de S\u00e3o Paulo"},"content":{"rendered":"<div id=\"attachment_50710\" style=\"width: 235px\" class=\"wp-caption alignleft\"><a href=\"http:\/\/senoticias.com.br\/se\/wp-content\/uploads\/2013\/07\/dominguinhos.jpg\"><img loading=\"lazy\" decoding=\"async\" aria-describedby=\"caption-attachment-50710\" class=\"size-medium wp-image-50710\" alt=\" M\u00fasico Dominguinhos morreu nesta ter\u00e7a-feira em SP (Foto: Arnaldo Carvalho\/JC Imagem\/AE)\" src=\"http:\/\/senoticias.com.br\/se\/wp-content\/uploads\/2013\/07\/dominguinhos-225x300.jpg\" width=\"225\" height=\"300\" srcset=\"https:\/\/senoticias.com.br\/se\/wp-content\/uploads\/2013\/07\/dominguinhos-225x300.jpg 225w, https:\/\/senoticias.com.br\/se\/wp-content\/uploads\/2013\/07\/dominguinhos.jpg 300w\" sizes=\"(max-width: 225px) 100vw, 225px\" \/><\/a><p id=\"caption-attachment-50710\" class=\"wp-caption-text\"><br \/>M\u00fasico Dominguinhos morreu nesta ter\u00e7a-feira em<br \/>SP (Foto: Arnaldo Carvalho\/JC Imagem\/AE)<\/p><\/div>\n<p style=\"text-align: justify;\">O m\u00fasico Dominguinhos morreu nesta ter\u00e7a-feira (23), aos 72 anos, no Hospital S\u00edrio-Liban\u00eas, em S\u00e3o Paulo. Ele lutava havia seis anos contra um c\u00e2ncer de pulm\u00e3o. De acordo com o hospital, o m\u00fasico morreu \u00e0s 18h em decorr\u00eancia de complica\u00e7\u00f5es infecciosas e card\u00edacas.<\/p>\n<p style=\"text-align: justify;\">Ao longo do tratamento, ele desenvolveu insufici\u00eancia ventricular, arritmia card\u00edaca e diabetes. Dominguinhos foi transferido para a capital paulista em 13 de janeiro. Antes, esteve internado por um m\u00eas em um hospital no Recife. A filha do m\u00fasico, Liv Moraes, confirmou nesta segunda-feira (22) que o cantor havia voltado para a Unidade de Terapia Intensiva (UTI) porque o estado de sa\u00fade dele tinha piorado.<\/p>\n<p style=\"text-align: justify;\">Considerado o sanfoneiro mais importante do pa\u00eds e herdeiro art\u00edstico de Luiz Gonzaga (1912-1989), Jos\u00e9 Domingos de Morais nasceu em Garanhuns, no agreste de Pernambuco. Conheceu Luiz Gonzaga com 8 anos. Aos 13 anos, morando no Rio, ganhou a primeira sanfona do Rei do Bai\u00e3o, que tr\u00eas anos mais tarde o consagrou como herdeiro art\u00edstico.<\/p>\n<p style=\"text-align: justify;\">Instrumentista, cantor e compositor, Dominguinhos ganhou em 2002 o Grammy Latino com o \u201cCD Chegando de Mansinho\u201d. Ao longo da carreira, fez parcerias de sucesso com m\u00fasicos como Gilberto Gil, Chico Buarque, Anast\u00e1cia e Djavan.<\/p>\n<p style=\"text-align: justify;\">Ainda crian\u00e7a, Dominguinhos tocava tri\u00e2ngulo com seus irm\u00e3os no trio \u201cOs tr\u00eas pinguins\u201d. Quando ele tinha 8 anos, foi \u201cdescoberto\u201d por Gonzag\u00e3o ao participar de um show em Garanhuns. A \u201cben\u00e7\u00e3o\u201d lhe foi dada pelo rei do bai\u00e3o quanto tinha 16 anos.<\/p>\n<p style=\"text-align: justify;\">\u201cGonzaga estava divulgando para a imprensa o disco &#8216;Forr\u00f3 no Escuro&#8217; quando ele me apresentou como seu herdeiro art\u00edstico aos rep\u00f3rteres\u201d, lembrou-se Dominguinhos em entrevista ao G1 no fim de 2012. \u201cFoi uma surpresa muito grande, n\u00e3o esperava mesmo.\u201d<\/p>\n<p style=\"text-align: justify;\">De acordo com ele, o epis\u00f3dio aconteceu somente tr\u00eas anos depois de sua chegada ao Rio, acompanhado do pai, o tamb\u00e9m sanfoneiro Chic\u00e3o. Mudaram-se para a cidade justamente para encontrar Luiz Gonzaga. \u201cEm cinco minutos, ele me deu uma sanfona novinha, sem eu pedir nada\u201d, prosseguiu. Naquele per\u00edodo, Dominguinhos saiu em turn\u00ea com o mestre para cumprir a fun\u00e7\u00e3o de segundo sanfoneiro e, eventualmente, de motorista.<\/p>\n<p style=\"text-align: justify;\"><strong>Centen\u00e1rio de Gonzag\u00e3o<\/strong><\/p>\n<p style=\"text-align: justify;\">No fim de 2012, Dominguinhos se dedicou ativamente \u00e0s celebra\u00e7\u00f5es dos cem anos do nascimento de Luiz Gonzaga. Durante um show no dia centen\u00e1rio, 13 de dezembro, realizado na terra natal do m\u00fasico, Exu (PE), Gilberto Gil comentou: \u201cDominguinhos teve a heran\u00e7a do Gonzaga, que ele incorporou, atrav\u00e9s das can\u00e7\u00f5es, dos estilos, o gosto pelo xote, xaxado\u201d.<\/p>\n<p style=\"text-align: justify;\">Para Gil, no entanto, Dominguinhos soube trilhar um caminho pr\u00f3prio. \u201cDominguinhos foi al\u00e9m, em uma dire\u00e7\u00e3o que Gonzaga n\u00e3o p\u00f4de, n\u00e3o teve tempo. Ele foi na dire\u00e7\u00e3o do in\u00edcio de Gonzaga, o instrumentista, da \u00e9poca das boates do Mangue, no Rio de Janeiro, quando ele tocava tango, choro, polca, foxtrot, tocava tudo, repert\u00f3rio internacional, tudo na sanfona. \u201d<\/p>\n<p style=\"text-align: justify;\">Do G1 em S\u00e3o Paulo<\/p>\n","protected":false},"excerpt":{"rendered":"<p>O m\u00fasico Dominguinhos morreu nesta ter\u00e7a-feira (23), aos 72 anos, no Hospital S\u00edrio-Liban\u00eas, em S\u00e3o Paulo. Ele lutava havia seis anos contra um c\u00e2ncer de pulm\u00e3o. De acordo com o hospital, o m\u00fasico morreu \u00e0s 18h em decorr\u00eancia de complica\u00e7\u00f5es infecciosas e card\u00edacas. Ao longo do tratamento, ele desenvolveu insufici\u00eancia ventricular, arritmia card\u00edaca e diabetes. [&hellip;]<\/p>\n","protected":false},"author":1,"featured_media":50710,"comment_status":"closed","ping_status":"closed","sticky":false,"template":"","format":"standard","meta":{"footnotes":""},"categories":[310,22],"tags":[],"class_list":{"0":"post-50709","1":"post","2":"type-post","3":"status-publish","4":"format-standard","5":"has-post-thumbnail","7":"category-destaques-da-semana","8":"category-famosos"},"_links":{"self":[{"href":"https:\/\/senoticias.com.br\/se\/wp-json\/wp\/v2\/posts\/50709"}],"collection":[{"href":"https:\/\/senoticias.com.br\/se\/wp-json\/wp\/v2\/posts"}],"about":[{"href":"https:\/\/senoticias.com.br\/se\/wp-json\/wp\/v2\/types\/post"}],"author":[{"embeddable":true,"href":"https:\/\/senoticias.com.br\/se\/wp-json\/wp\/v2\/users\/1"}],"replies":[{"embeddable":true,"href":"https:\/\/senoticias.com.br\/se\/wp-json\/wp\/v2\/comments?post=50709"}],"version-history":[{"count":0,"href":"https:\/\/senoticias.com.br\/se\/wp-json\/wp\/v2\/posts\/50709\/revisions"}],"wp:featuredmedia":[{"embeddable":true,"href":"https:\/\/senoticias.com.br\/se\/wp-json\/wp\/v2\/media\/50710"}],"wp:attachment":[{"href":"https:\/\/senoticias.com.br\/se\/wp-json\/wp\/v2\/media?parent=50709"}],"wp:term":[{"taxonomy":"category","embeddable":true,"href":"https:\/\/senoticias.com.br\/se\/wp-json\/wp\/v2\/categories?post=50709"},{"taxonomy":"post_tag","embeddable":true,"href":"https:\/\/senoticias.com.br\/se\/wp-json\/wp\/v2\/tags?post=50709"}],"curies":[{"name":"wp","href":"https:\/\/api.w.org\/{rel}","templated":true}]}}