{"id":50707,"date":"2013-07-23T17:19:37","date_gmt":"2013-07-23T20:19:37","guid":{"rendered":"http:\/\/senoticias.com.br\/se\/?p=50707"},"modified":"2013-07-24T17:55:54","modified_gmt":"2013-07-24T20:55:54","slug":"prese-ajuizou-quatro-representacoes-por-propaganda-partidaria-irregular","status":"publish","type":"post","link":"https:\/\/senoticias.com.br\/se\/prese-ajuizou-quatro-representacoes-por-propaganda-partidaria-irregular\/","title":{"rendered":"PRE\/SE ajuizou quatro representa\u00e7\u00f5es por propaganda partid\u00e1ria irregular"},"content":{"rendered":"<p>&nbsp;<\/p>\n<p>&nbsp;<\/p>\n<div id=\"attachment_34334\" style=\"width: 310px\" class=\"wp-caption alignleft\"><a href=\"http:\/\/senoticias.com.br\/se\/wp-content\/uploads\/2012\/06\/4447_Livia-Tinoco.jpg\"><img loading=\"lazy\" decoding=\"async\" aria-describedby=\"caption-attachment-34334\" class=\"size-medium wp-image-34334\" alt=\"Partidos utilizaram espa\u00e7o televisivo para promo\u00e7\u00e3o pessoal de pol\u00edticos filiados ao PCdoB, PMDB, PP e PR, dia a Procuradora L\u00edvia Nascimento. (Foto: Reprodu\u00e7\u00e3o)\" src=\"http:\/\/senoticias.com.br\/se\/wp-content\/uploads\/2012\/06\/4447_Livia-Tinoco-300x215.jpg\" width=\"300\" height=\"215\" srcset=\"https:\/\/senoticias.com.br\/se\/wp-content\/uploads\/2012\/06\/4447_Livia-Tinoco-300x215.jpg 300w, https:\/\/senoticias.com.br\/se\/wp-content\/uploads\/2012\/06\/4447_Livia-Tinoco-342x245.jpg 342w, https:\/\/senoticias.com.br\/se\/wp-content\/uploads\/2012\/06\/4447_Livia-Tinoco-90x65.jpg 90w, https:\/\/senoticias.com.br\/se\/wp-content\/uploads\/2012\/06\/4447_Livia-Tinoco.jpg 448w\" sizes=\"(max-width: 300px) 100vw, 300px\" \/><\/a><p id=\"caption-attachment-34334\" class=\"wp-caption-text\">Partidos utilizaram espa\u00e7o televisivo para promo\u00e7\u00e3o pessoal de pol\u00edticos filiados ao PCdoB, PMDB, PP e PR, diz a Procuradora L\u00edvia Nascimento. (Foto: Reprodu\u00e7\u00e3o)<\/p><\/div>\n<p style=\"text-align: justify;\">A Procuradoria Regional Eleitoral em Sergipe (PRE\/SE) ajuizou quatro representa\u00e7\u00f5es por propagandas partid\u00e1rias irregulares veiculadas no primeiro semestre deste ano. Os Partidos Comunista do Brasil (PCdoB), do Movimento Democr\u00e1tico Brasileiro (PMDB), Progressista (PP) e da Rep\u00fablica (PR) s\u00e3o acusados de realizar promo\u00e7\u00e3o pessoal de filiados no espa\u00e7o de propaganda que seria destinado aos partidos.<\/p>\n<p style=\"text-align: justify;\">Nas representa\u00e7\u00f5es, a procuradora regional eleitoral, L\u00edvia Nascimento Tin\u00f4co, explica que a exibi\u00e7\u00e3o da propaganda partid\u00e1ria se situa fora do calend\u00e1rio eleitoral e seu direcionamento \u00e9 a promo\u00e7\u00e3o da agremia\u00e7\u00e3o e n\u00e3o de pol\u00edticos em evid\u00eancia integrantes do partido. No entanto, nas suas propagandas, PCdoB, PMDB, PP e PR fizeram promo\u00e7\u00e3o pessoal, respectivamente, do ex-prefeito de Aracaju, Edvaldo Nogueira; do vice-governador de Sergipe, Jackson Barreto; do deputado estadual, Ven\u00e2ncio Fonseca e do deputado federal, La\u00e9rcio Oliveira.<\/p>\n<p style=\"text-align: justify;\">A PRE\/SE requer que a Justi\u00e7a Eleitoral determine a cassa\u00e7\u00e3o de tempo nas propagandas partid\u00e1rias das quatro agremia\u00e7\u00f5es.<\/p>\n<p><strong>Assessoria de Comunica\u00e7\u00e3o<\/strong><br \/>\n<strong>Minist\u00e9rio P\u00fablico Federal em Sergipe<\/strong><\/p>\n","protected":false},"excerpt":{"rendered":"<p>&nbsp; &nbsp; A Procuradoria Regional Eleitoral em Sergipe (PRE\/SE) ajuizou quatro representa\u00e7\u00f5es por propagandas partid\u00e1rias irregulares veiculadas no primeiro semestre deste ano. Os Partidos Comunista do Brasil (PCdoB), do Movimento Democr\u00e1tico Brasileiro (PMDB), Progressista (PP) e da Rep\u00fablica (PR) s\u00e3o acusados de realizar promo\u00e7\u00e3o pessoal de filiados no espa\u00e7o de propaganda que seria destinado aos [&hellip;]<\/p>\n","protected":false},"author":1,"featured_media":34334,"comment_status":"closed","ping_status":"closed","sticky":false,"template":"","format":"standard","meta":{"footnotes":""},"categories":[310,6],"tags":[],"class_list":{"0":"post-50707","1":"post","2":"type-post","3":"status-publish","4":"format-standard","5":"has-post-thumbnail","7":"category-destaques-da-semana","8":"category-politica"},"_links":{"self":[{"href":"https:\/\/senoticias.com.br\/se\/wp-json\/wp\/v2\/posts\/50707"}],"collection":[{"href":"https:\/\/senoticias.com.br\/se\/wp-json\/wp\/v2\/posts"}],"about":[{"href":"https:\/\/senoticias.com.br\/se\/wp-json\/wp\/v2\/types\/post"}],"author":[{"embeddable":true,"href":"https:\/\/senoticias.com.br\/se\/wp-json\/wp\/v2\/users\/1"}],"replies":[{"embeddable":true,"href":"https:\/\/senoticias.com.br\/se\/wp-json\/wp\/v2\/comments?post=50707"}],"version-history":[{"count":0,"href":"https:\/\/senoticias.com.br\/se\/wp-json\/wp\/v2\/posts\/50707\/revisions"}],"wp:featuredmedia":[{"embeddable":true,"href":"https:\/\/senoticias.com.br\/se\/wp-json\/wp\/v2\/media\/34334"}],"wp:attachment":[{"href":"https:\/\/senoticias.com.br\/se\/wp-json\/wp\/v2\/media?parent=50707"}],"wp:term":[{"taxonomy":"category","embeddable":true,"href":"https:\/\/senoticias.com.br\/se\/wp-json\/wp\/v2\/categories?post=50707"},{"taxonomy":"post_tag","embeddable":true,"href":"https:\/\/senoticias.com.br\/se\/wp-json\/wp\/v2\/tags?post=50707"}],"curies":[{"name":"wp","href":"https:\/\/api.w.org\/{rel}","templated":true}]}}