{"id":50702,"date":"2013-07-23T17:10:18","date_gmt":"2013-07-23T20:10:18","guid":{"rendered":"http:\/\/senoticias.com.br\/se\/?p=50702"},"modified":"2013-07-23T17:13:44","modified_gmt":"2013-07-23T20:13:44","slug":"irma-de-augusto-bezerra-desiste-de-tomar-posse-como-secretaria-de-articulacao-politica-do-governo-do-estado","status":"publish","type":"post","link":"https:\/\/senoticias.com.br\/se\/irma-de-augusto-bezerra-desiste-de-tomar-posse-como-secretaria-de-articulacao-politica-do-governo-do-estado\/","title":{"rendered":"Irm\u00e3 de Augusto Bezerra desiste de tomar posse como Secret\u00e1ria de Articula\u00e7\u00e3o Politica."},"content":{"rendered":"<p><a href=\"  http:\/\/joedsontelles.com.br\/\" target=\"_blank\"><strong>por Joedson Telles &#8211; Blog do Joedson<\/strong><\/a><\/p>\n<div id=\"attachment_50704\" style=\"width: 310px\" class=\"wp-caption alignleft\"><a href=\"http:\/\/senoticias.com.br\/se\/wp-content\/uploads\/2013\/07\/augusto-bezerra-foto-maria-odilia-161110-02.jpg\"><img loading=\"lazy\" decoding=\"async\" aria-describedby=\"caption-attachment-50704\" class=\"size-medium wp-image-50704\" alt=\" Deputado Augusto Bezerra, que explica os motivos que afastaram sua irm\u00e3 do governo. (Foto: Maria Odilia, da Ag\u00eancia Alese)\" src=\"http:\/\/senoticias.com.br\/se\/wp-content\/uploads\/2013\/07\/augusto-bezerra-foto-maria-odilia-161110-02-300x199.jpg\" width=\"300\" height=\"199\" srcset=\"https:\/\/senoticias.com.br\/se\/wp-content\/uploads\/2013\/07\/augusto-bezerra-foto-maria-odilia-161110-02-300x199.jpg 300w, https:\/\/senoticias.com.br\/se\/wp-content\/uploads\/2013\/07\/augusto-bezerra-foto-maria-odilia-161110-02-342x227.jpg 342w, https:\/\/senoticias.com.br\/se\/wp-content\/uploads\/2013\/07\/augusto-bezerra-foto-maria-odilia-161110-02.jpg 600w\" sizes=\"(max-width: 300px) 100vw, 300px\" \/><\/a><p id=\"caption-attachment-50704\" class=\"wp-caption-text\"><br \/>Deputado Augusto Bezerra, explica os motivos que afastaram sua irm\u00e3 do governo. (Foto: Maria Odilia, da Ag\u00eancia Alese)<\/p><\/div>\n<p style=\"text-align: justify;\">O deputado estadual Augusto Bezerra (DEM) revelou ao Blog do Joedson Telles, na tarde desta ter\u00e7a-feira 23, que convenceu sua irm\u00e3, a professora Ada Augusta Celestino Bezerra, a n\u00e3o aceitar mais ser nomeada secret\u00e1ria de Estado da Articula\u00e7\u00e3o Pol\u00edtica e das Rela\u00e7\u00f5es Institucionais do Governo do Estado, como estava acordado com o governador em exerc\u00edcio Jackson Barreto (PMDB), que contava com o voto de Augusto, para reconstruir a maioria na Assembleia Legislativa. A decis\u00e3o foi tomada, na tarde de hoje. Augusto e a irm\u00e3 j\u00e1 agradeceram o convite ao governador. Al\u00e9m de uma conversa com o seu l\u00edder pol\u00edtico, o prefeito Jo\u00e3o Alves (DEM), pesaram na decis\u00e3o de deputado as cr\u00edticas que assegura ter recebido n\u00e3o apenas da deputada estadual Ana L\u00facia (PT), mas tamb\u00e9m do vereador Iran Barbosa (PT). Citando um artigo, cuja autoria atribui ao vereador Iran Barbosa, Augusto afirma que o petista julga as pessoas por ele mesmo, mas que ele, Augusto, n\u00e3o troca uma posi\u00e7\u00e3o pol\u00edtica por espa\u00e7os no governo.<\/p>\n<p style=\"text-align: justify;\">\u201cN\u00e3o me troco por cargo e n\u00e3o me vendo. O cargo fica para eles, a deputada Ana L\u00facia e o vereador Iran. Essa turma de barbudinho (petistas) se apegou muito a cargos. \u00c9 muito pequeno para eu responder a Ana L\u00facia e a Iran, que disseram que n\u00e3o concordavam com a nomea\u00e7\u00e3o de minha irm\u00e3. Se Iran n\u00e3o concorda, tem a oportunidade de, agora, nomear uma pessoa no governo e dividir o dinheiro com Ana L\u00facia. N\u00e3o fa\u00e7o quest\u00e3o de cargo. Nunca disse que ia para o governo. Para o PMDB, para a situa\u00e7\u00e3o. Disse que teria minha posi\u00e7\u00e3o independente. Jamais trocaria minha hist\u00f3ria na oposi\u00e7\u00e3o por cargo. A minha luta para melhorar a sa\u00fade, a educa\u00e7\u00e3o, a seguran\u00e7a p\u00fablica jamais trocaria por cargo. Agradeci a Jackson Barreto e n\u00e3o tem nenhum acordo que me vincule ao governo. O meu campo \u00e9 a oposi\u00e7\u00e3o\u201d, afirmou Augusto Bezerra.<\/p>\n<p style=\"text-align: justify;\">O deputado Augusto Bezerra salientou tamb\u00e9m que nem seus aliados pol\u00edticos e, muito menos, o seu l\u00edder, o prefeito de Aracaju, Jo\u00e3o Alves, ficaram satisfeitos com o acordo, que o deixaria na condi\u00e7\u00e3o de votar em sintonia com a bancada da situa\u00e7\u00e3o, mesmo sendo independente e liderado por Jo\u00e3o. \u201cNem meus aliados ficaram satisfeitos e nem o meu partido. Tive uma conversa com doutor Jo\u00e3o. N\u00e3o poderia deixar parecer que a ida de minha irm\u00e3 para o governo seria um acordo entre o DEM e Jackson. N\u00e3o estou atr\u00e1s de emprego. Continuo sendo independente. As minhas posi\u00e7\u00f5es continuam a mesma na Assembleia. E minha irm\u00e3 n\u00e3o est\u00e1 atr\u00e1s de emprego para ser humilhada.<\/p>\n<p style=\"text-align: justify;\">Na manh\u00e3 do \u00faltimo s\u00e1bado 20, o Blog do Joedson Telles, trouxe com exclusividade, que um acordo pol\u00edtico estaria levando Augusto para votar em sintonia com a bancada do governo, mas, segundo ele mesmo, de forma independente e liderado por Jo\u00e3o Alves. Pelo acordo, Ada Augusta, irm\u00e3 do deputado, assumiria hoje a Secretaria da Articula\u00e7\u00e3o Pol\u00edtica. A not\u00edcia provocou rea\u00e7\u00e3o de petistas \u2013 sobretudo nas redes sociais, e deixou Augusto contrariado.<\/p>\n<p style=\"text-align: justify;\">\u201cA minha posi\u00e7\u00e3o, em primeira m\u00e3o, n\u00e3o falei com ningu\u00e9m ainda, estou falando com voc\u00ea: eu continuo no Democratas. N\u00e3o tenho pensamento nenhum de sair do partido. Apenas manifestei aquela insatisfa\u00e7\u00e3o em virtude do meu trabalho e vida dedicados ao Democratas. Quatro anos Jo\u00e3o no governo, e mais oito Jo\u00e3o fora do governo. Continuo no Democratas. O meu l\u00edder pol\u00edtico continua sendo Jo\u00e3o Alves. Agora, eu j\u00e1 tinha assumido o compromisso de, na Assembleia, assumir uma postura independente. E, com este convite \u00e0 minha irm\u00e3, n\u00e3o vou passar para a base aliada do governo. N\u00e3o vou ser liderado por Francisco Gualberto (PT) ou Gustinho Ribeiro (PSD), apesar de ter respeito por eles. A minha posi\u00e7\u00e3o \u00e9 de independ\u00eancia. Mas vou votar no governo, nas coisas que realmente sejam boas para Sergipe\u201d, explicou Augusto, em contato com o Blog do Joedson Telles, na noite da sexta-feira 19. Hoje tudo voltou a ser como era. \u201cEstamos juntos h\u00e1 11 anos. N\u00e3o seria agora que este time entrosado seria desmanchado. Vamos seguir na oposi\u00e7\u00e3o\u201d, comemorou o deputado estadual l\u00edder da oposi\u00e7\u00e3o, Ven\u00e2ncio Fonseca (PP).<\/p>\n","protected":false},"excerpt":{"rendered":"<p>por Joedson Telles &#8211; Blog do Joedson O deputado estadual Augusto Bezerra (DEM) revelou ao Blog do Joedson Telles, na tarde desta ter\u00e7a-feira 23, que convenceu sua irm\u00e3, a professora Ada Augusta Celestino Bezerra, a n\u00e3o aceitar mais ser nomeada secret\u00e1ria de Estado da Articula\u00e7\u00e3o Pol\u00edtica e das Rela\u00e7\u00f5es Institucionais do Governo do Estado, como [&hellip;]<\/p>\n","protected":false},"author":1,"featured_media":50704,"comment_status":"closed","ping_status":"closed","sticky":false,"template":"","format":"standard","meta":{"footnotes":""},"categories":[6],"tags":[],"class_list":{"0":"post-50702","1":"post","2":"type-post","3":"status-publish","4":"format-standard","5":"has-post-thumbnail","7":"category-politica"},"_links":{"self":[{"href":"https:\/\/senoticias.com.br\/se\/wp-json\/wp\/v2\/posts\/50702"}],"collection":[{"href":"https:\/\/senoticias.com.br\/se\/wp-json\/wp\/v2\/posts"}],"about":[{"href":"https:\/\/senoticias.com.br\/se\/wp-json\/wp\/v2\/types\/post"}],"author":[{"embeddable":true,"href":"https:\/\/senoticias.com.br\/se\/wp-json\/wp\/v2\/users\/1"}],"replies":[{"embeddable":true,"href":"https:\/\/senoticias.com.br\/se\/wp-json\/wp\/v2\/comments?post=50702"}],"version-history":[{"count":0,"href":"https:\/\/senoticias.com.br\/se\/wp-json\/wp\/v2\/posts\/50702\/revisions"}],"wp:featuredmedia":[{"embeddable":true,"href":"https:\/\/senoticias.com.br\/se\/wp-json\/wp\/v2\/media\/50704"}],"wp:attachment":[{"href":"https:\/\/senoticias.com.br\/se\/wp-json\/wp\/v2\/media?parent=50702"}],"wp:term":[{"taxonomy":"category","embeddable":true,"href":"https:\/\/senoticias.com.br\/se\/wp-json\/wp\/v2\/categories?post=50702"},{"taxonomy":"post_tag","embeddable":true,"href":"https:\/\/senoticias.com.br\/se\/wp-json\/wp\/v2\/tags?post=50702"}],"curies":[{"name":"wp","href":"https:\/\/api.w.org\/{rel}","templated":true}]}}