{"id":50699,"date":"2013-07-23T14:00:57","date_gmt":"2013-07-23T17:00:57","guid":{"rendered":"http:\/\/senoticias.com.br\/se\/?p=50699"},"modified":"2013-07-23T14:00:57","modified_gmt":"2013-07-23T17:00:57","slug":"motoristas-e-cobradores-da-vca-fazem-caminhada-ate-o-setransp","status":"publish","type":"post","link":"https:\/\/senoticias.com.br\/se\/motoristas-e-cobradores-da-vca-fazem-caminhada-ate-o-setransp\/","title":{"rendered":"Motoristas e cobradores da VCA fazem caminhada at\u00e9 o Setransp"},"content":{"rendered":"<p>&nbsp;<\/p>\n<div id=\"attachment_50700\" style=\"width: 310px\" class=\"wp-caption alignleft\"><a href=\"http:\/\/senoticias.com.br\/se\/wp-content\/uploads\/2013\/07\/1069799_699833720043379_227779150_n.jpg\"><img loading=\"lazy\" decoding=\"async\" aria-describedby=\"caption-attachment-50700\" class=\"size-medium wp-image-50700\" alt=\" Motoristas e cobradores da VCA fazem caminhada at\u00e9 o Setransp. (Foto: Magna Santana)\" src=\"http:\/\/senoticias.com.br\/se\/wp-content\/uploads\/2013\/07\/1069799_699833720043379_227779150_n-300x224.jpg\" width=\"300\" height=\"224\" srcset=\"https:\/\/senoticias.com.br\/se\/wp-content\/uploads\/2013\/07\/1069799_699833720043379_227779150_n-300x224.jpg 300w, https:\/\/senoticias.com.br\/se\/wp-content\/uploads\/2013\/07\/1069799_699833720043379_227779150_n-342x256.jpg 342w, https:\/\/senoticias.com.br\/se\/wp-content\/uploads\/2013\/07\/1069799_699833720043379_227779150_n-60x45.jpg 60w, https:\/\/senoticias.com.br\/se\/wp-content\/uploads\/2013\/07\/1069799_699833720043379_227779150_n-150x113.jpg 150w, https:\/\/senoticias.com.br\/se\/wp-content\/uploads\/2013\/07\/1069799_699833720043379_227779150_n-269x201.jpg 269w, https:\/\/senoticias.com.br\/se\/wp-content\/uploads\/2013\/07\/1069799_699833720043379_227779150_n.jpg 370w\" sizes=\"(max-width: 300px) 100vw, 300px\" \/><\/a><p id=\"caption-attachment-50700\" class=\"wp-caption-text\"><br \/>Motoristas e cobradores da VCA fazem caminhada at\u00e9 o Setransp. (Foto: Magna Santana)<\/p><\/div>\n<p style=\"text-align: justify;\">Como prometeram, centenas de trabalhadores das empresas de \u00f4nibus ligadas ao Grupo Via\u00e7\u00e3o Cidade de Aracaju (VCA), sa\u00edram em caminhada da porta da empresa, no bairro Capucho com destino ao Sindicato das Empresas de Transporte de Passageiros de Aracaju (Setransp).<\/p>\n<p style=\"text-align: justify;\">Ao chegarem no Terminal de Integra\u00e7\u00e3o do Distrito Industrial de Aracaju (DIA), motoristas e cobradores fizeram um ato explicando aos usu\u00e1rios que cruzaram os bra\u00e7os desde a \u00faltima quarta-feira, 17, porque est\u00e3o sem receber sal\u00e1rios h\u00e1 dois meses.<\/p>\n<p style=\"text-align: justify;\">\u201cN\u00f3s sa\u00edmos em caminhada da porta da empresa e estamos percorrendo toda a avenida Tancredo Neves, com destino ao Setransp. Antes, uma parada no Terminal do Dia, para dar explica\u00e7\u00e3o a popula\u00e7\u00e3o e em seguida, iremos at\u00e9 o Setransp\u201d, ressalta Edeval Paz, que puxava o movimento falando palavras de ordem ao microfone.<\/p>\n<p style=\"text-align: justify;\">Ele disse ainda, que caso n\u00e3o obtenham uma resposta concreta por parte dos representantes do Setransp quanto ao pagamento dos sal\u00e1rios em atraso, prosseguir\u00e3o com a caminhada at\u00e9 o Centro. \u201cRecebemos a informa\u00e7\u00e3o agora que o empres\u00e1rio Adierson Monteiro quer falar com a comiss\u00e3o de negocia\u00e7\u00e3o. Caso n\u00e3o se chegue a um acordo, n\u00f3s vamos parar os terminais do Centro\u201d, alerta.<\/p>\n<p style=\"text-align: justify;\">O tr\u00e2nsito na Av. Tancredo Neves ficou totalmente engarrafado e no Terminal do DIA, o clima esquentou e a pol\u00edcia foi acionada para conter os \u00e2nimos dos trabalhadores.<\/p>\n<p style=\"text-align: justify;\"><em><strong>Por Aldaci de Souza &#8211; Infonet<\/strong><\/em><\/p>\n","protected":false},"excerpt":{"rendered":"<p>&nbsp; Como prometeram, centenas de trabalhadores das empresas de \u00f4nibus ligadas ao Grupo Via\u00e7\u00e3o Cidade de Aracaju (VCA), sa\u00edram em caminhada da porta da empresa, no bairro Capucho com destino ao Sindicato das Empresas de Transporte de Passageiros de Aracaju (Setransp). Ao chegarem no Terminal de Integra\u00e7\u00e3o do Distrito Industrial de Aracaju (DIA), motoristas e [&hellip;]<\/p>\n","protected":false},"author":3,"featured_media":50700,"comment_status":"closed","ping_status":"closed","sticky":false,"template":"","format":"standard","meta":{"footnotes":""},"categories":[6],"tags":[],"class_list":{"0":"post-50699","1":"post","2":"type-post","3":"status-publish","4":"format-standard","5":"has-post-thumbnail","7":"category-politica"},"_links":{"self":[{"href":"https:\/\/senoticias.com.br\/se\/wp-json\/wp\/v2\/posts\/50699"}],"collection":[{"href":"https:\/\/senoticias.com.br\/se\/wp-json\/wp\/v2\/posts"}],"about":[{"href":"https:\/\/senoticias.com.br\/se\/wp-json\/wp\/v2\/types\/post"}],"author":[{"embeddable":true,"href":"https:\/\/senoticias.com.br\/se\/wp-json\/wp\/v2\/users\/3"}],"replies":[{"embeddable":true,"href":"https:\/\/senoticias.com.br\/se\/wp-json\/wp\/v2\/comments?post=50699"}],"version-history":[{"count":0,"href":"https:\/\/senoticias.com.br\/se\/wp-json\/wp\/v2\/posts\/50699\/revisions"}],"wp:featuredmedia":[{"embeddable":true,"href":"https:\/\/senoticias.com.br\/se\/wp-json\/wp\/v2\/media\/50700"}],"wp:attachment":[{"href":"https:\/\/senoticias.com.br\/se\/wp-json\/wp\/v2\/media?parent=50699"}],"wp:term":[{"taxonomy":"category","embeddable":true,"href":"https:\/\/senoticias.com.br\/se\/wp-json\/wp\/v2\/categories?post=50699"},{"taxonomy":"post_tag","embeddable":true,"href":"https:\/\/senoticias.com.br\/se\/wp-json\/wp\/v2\/tags?post=50699"}],"curies":[{"name":"wp","href":"https:\/\/api.w.org\/{rel}","templated":true}]}}