{"id":50697,"date":"2013-07-23T13:40:28","date_gmt":"2013-07-23T16:40:28","guid":{"rendered":"http:\/\/senoticias.com.br\/se\/?p=50697"},"modified":"2013-07-23T13:40:28","modified_gmt":"2013-07-23T16:40:28","slug":"detento-e-flagrado-vendendo-drogas-no-presidio-de-areia-branca","status":"publish","type":"post","link":"https:\/\/senoticias.com.br\/se\/detento-e-flagrado-vendendo-drogas-no-presidio-de-areia-branca\/","title":{"rendered":"Detento \u00e9 flagrado vendendo drogas no pres\u00eddio de Areia Branca"},"content":{"rendered":"<p style=\"text-align: justify;\">\n<div id=\"attachment_50698\" style=\"width: 310px\" class=\"wp-caption alignleft\"><a href=\"http:\/\/senoticias.com.br\/se\/wp-content\/uploads\/2013\/07\/drogas_presidioareiabranca.jpg\"><img loading=\"lazy\" decoding=\"async\" aria-describedby=\"caption-attachment-50698\" class=\"size-medium wp-image-50698\" alt=\" Drogas e dinheiro foram encontrados na cela ocupada pelo detento (Foto: Divulga\u00e7\u00e3o\/SSP-SE)\" src=\"http:\/\/senoticias.com.br\/se\/wp-content\/uploads\/2013\/07\/drogas_presidioareiabranca-300x225.jpg\" width=\"300\" height=\"225\" srcset=\"https:\/\/senoticias.com.br\/se\/wp-content\/uploads\/2013\/07\/drogas_presidioareiabranca-300x225.jpg 300w, https:\/\/senoticias.com.br\/se\/wp-content\/uploads\/2013\/07\/drogas_presidioareiabranca-342x256.jpg 342w, https:\/\/senoticias.com.br\/se\/wp-content\/uploads\/2013\/07\/drogas_presidioareiabranca-60x45.jpg 60w, https:\/\/senoticias.com.br\/se\/wp-content\/uploads\/2013\/07\/drogas_presidioareiabranca-150x113.jpg 150w, https:\/\/senoticias.com.br\/se\/wp-content\/uploads\/2013\/07\/drogas_presidioareiabranca-269x201.jpg 269w, https:\/\/senoticias.com.br\/se\/wp-content\/uploads\/2013\/07\/drogas_presidioareiabranca.jpg 346w\" sizes=\"(max-width: 300px) 100vw, 300px\" \/><\/a><p id=\"caption-attachment-50698\" class=\"wp-caption-text\"><br \/>Drogas e dinheiro foram encontrados na cela ocupada pelo<br \/>detento (Foto: Divulga\u00e7\u00e3o\/SSP-SE)<\/p><\/div>\n<p style=\"text-align: justify;\">Um presidi\u00e1rio foi flagrado comercializando drogas no pres\u00eddio de Areia Branca (SE), distante 36 km de Aracaju, na tarde desta segunda-feira (22). De acordo com a pol\u00edcia, ele cumpre pena por homic\u00eddio e estava sendo investigado por suspeita de envolvimento com um grupo de traficantes, que havia sido preso em S\u00e3o Crist\u00f3v\u00e3o, na regi\u00e3o metropolitana da capital, com cerca de 17 quilos de maconha.<br \/>\nAinda segundo a pol\u00edcia, as investiga\u00e7\u00f5es foram realizadas pelo Departamento de Narc\u00f3ticos (Denarc), e apontaram o envolvimento do presidi\u00e1rio, que vendia drogas na unidade prisional para o grupo preso em S\u00e3o Crist\u00f3v\u00e3o.<\/p>\n<p style=\"text-align: justify;\">Durante revista \u00e0 cela ocupada pelo preso, os policiais encontraram 85 trouxas de maconha, dois celulares, duas baterias e R$ 540 em dinheiro.<\/p>\n<p style=\"text-align: justify;\">O preso informou que a droga era para consumo pr\u00f3prio e o dinheiro era fruto de uma esp\u00e9cie de mercearia informal que ele mantinha dentro do pres\u00eddio com venda de cigarros e g\u00eaneros aliment\u00edcios.<\/p>\n","protected":false},"excerpt":{"rendered":"<p>Um presidi\u00e1rio foi flagrado comercializando drogas no pres\u00eddio de Areia Branca (SE), distante 36 km de Aracaju, na tarde desta segunda-feira (22). De acordo com a pol\u00edcia, ele cumpre pena por homic\u00eddio e estava sendo investigado por suspeita de envolvimento com um grupo de traficantes, que havia sido preso em S\u00e3o Crist\u00f3v\u00e3o, na regi\u00e3o metropolitana [&hellip;]<\/p>\n","protected":false},"author":1,"featured_media":50698,"comment_status":"closed","ping_status":"closed","sticky":false,"template":"","format":"standard","meta":{"footnotes":""},"categories":[7],"tags":[],"class_list":{"0":"post-50697","1":"post","2":"type-post","3":"status-publish","4":"format-standard","5":"has-post-thumbnail","7":"category-policia"},"_links":{"self":[{"href":"https:\/\/senoticias.com.br\/se\/wp-json\/wp\/v2\/posts\/50697"}],"collection":[{"href":"https:\/\/senoticias.com.br\/se\/wp-json\/wp\/v2\/posts"}],"about":[{"href":"https:\/\/senoticias.com.br\/se\/wp-json\/wp\/v2\/types\/post"}],"author":[{"embeddable":true,"href":"https:\/\/senoticias.com.br\/se\/wp-json\/wp\/v2\/users\/1"}],"replies":[{"embeddable":true,"href":"https:\/\/senoticias.com.br\/se\/wp-json\/wp\/v2\/comments?post=50697"}],"version-history":[{"count":0,"href":"https:\/\/senoticias.com.br\/se\/wp-json\/wp\/v2\/posts\/50697\/revisions"}],"wp:featuredmedia":[{"embeddable":true,"href":"https:\/\/senoticias.com.br\/se\/wp-json\/wp\/v2\/media\/50698"}],"wp:attachment":[{"href":"https:\/\/senoticias.com.br\/se\/wp-json\/wp\/v2\/media?parent=50697"}],"wp:term":[{"taxonomy":"category","embeddable":true,"href":"https:\/\/senoticias.com.br\/se\/wp-json\/wp\/v2\/categories?post=50697"},{"taxonomy":"post_tag","embeddable":true,"href":"https:\/\/senoticias.com.br\/se\/wp-json\/wp\/v2\/tags?post=50697"}],"curies":[{"name":"wp","href":"https:\/\/api.w.org\/{rel}","templated":true}]}}