{"id":50692,"date":"2013-07-23T12:59:07","date_gmt":"2013-07-23T15:59:07","guid":{"rendered":"http:\/\/senoticias.com.br\/se\/?p=50692"},"modified":"2013-07-24T17:38:02","modified_gmt":"2013-07-24T20:38:02","slug":"em-capela-policia-rodoviaria-federal-frustra-assalto-a-caminhao-de-roupas-e-calcados","status":"publish","type":"post","link":"https:\/\/senoticias.com.br\/se\/em-capela-policia-rodoviaria-federal-frustra-assalto-a-caminhao-de-roupas-e-calcados\/","title":{"rendered":"Em Capela Pol\u00edcia Rodovi\u00e1ria Federal frustra assalto a caminh\u00e3o de roupas e cal\u00e7ados"},"content":{"rendered":"<div id=\"attachment_50693\" style=\"width: 310px\" class=\"wp-caption alignright\"><a href=\"http:\/\/senoticias.com.br\/se\/wp-content\/uploads\/2013\/07\/PRF-frusta-a\u00e7\u00e3o-de-bandidos001.jpg\"><img loading=\"lazy\" decoding=\"async\" aria-describedby=\"caption-attachment-50693\" class=\"size-medium wp-image-50693\" alt=\"M.BENZ\/710 vermelho, com placas de Sergipe, utilizado para o transbordo da carga, composta por roupas e cal\u00e7ados.(Divulga\u00e7\u00e3o)\" src=\"http:\/\/senoticias.com.br\/se\/wp-content\/uploads\/2013\/07\/PRF-frusta-a\u00e7\u00e3o-de-bandidos001-300x225.jpg\" width=\"300\" height=\"225\" srcset=\"https:\/\/senoticias.com.br\/se\/wp-content\/uploads\/2013\/07\/PRF-frusta-a\u00e7\u00e3o-de-bandidos001-300x225.jpg 300w, https:\/\/senoticias.com.br\/se\/wp-content\/uploads\/2013\/07\/PRF-frusta-a\u00e7\u00e3o-de-bandidos001-342x256.jpg 342w, https:\/\/senoticias.com.br\/se\/wp-content\/uploads\/2013\/07\/PRF-frusta-a\u00e7\u00e3o-de-bandidos001-60x45.jpg 60w, https:\/\/senoticias.com.br\/se\/wp-content\/uploads\/2013\/07\/PRF-frusta-a\u00e7\u00e3o-de-bandidos001-150x113.jpg 150w, https:\/\/senoticias.com.br\/se\/wp-content\/uploads\/2013\/07\/PRF-frusta-a\u00e7\u00e3o-de-bandidos001-269x201.jpg 269w, https:\/\/senoticias.com.br\/se\/wp-content\/uploads\/2013\/07\/PRF-frusta-a\u00e7\u00e3o-de-bandidos001.jpg 400w\" sizes=\"(max-width: 300px) 100vw, 300px\" \/><\/a><p id=\"caption-attachment-50693\" class=\"wp-caption-text\">M.BENZ\/710 vermelho, com placas de Sergipe, utilizado para o transbordo da carga, composta por roupas e cal\u00e7ados.(Divulga\u00e7\u00e3o)<\/p><\/div>\n<p style=\"text-align: justify;\">Policiais Rodovi\u00e1rios Federais, ap\u00f3s recebimento de den\u00fancia, flagraram na madrugada de hoje (23), na altura do Km 36 da BR 101, munic\u00edpio de Capela (SE), uma tentativa de saque \u00e0 carga de uma carreta, estacionada na parte traseira de um posto de combust\u00edveis. A Central de informa\u00e7\u00f5es da PRF recebeu uma liga\u00e7\u00e3o, por volta de 01h30, denunciando que o delito estaria sendo praticado por aproximadamente seis pessoas. Uma equipe de agentes federais foi acionada. Ao se aproximar do local, o fato foi visualmente constatado.<\/p>\n<p style=\"text-align: justify;\">A presen\u00e7a policial frustou a a\u00e7\u00e3o dos bandidos, que fugiram para um matagal, que fica nas proximidades. Eles abandonaram um ve\u00edculo M.BENZ\/710 vermelho, com placas de Sergipe, utilizado para o transbordo da carga, composta por roupas e cal\u00e7ados.<\/p>\n<p style=\"text-align: justify;\">O ve\u00edculo trator da carreta saqueada, uma VW\/19.320 CLC TT, com placas de S\u00e3o Paulo, encontrava-se trancado e seu motorista n\u00e3o foi localizado no momento da a\u00e7\u00e3o policial. Ele chegou ao posto de combust\u00edveis no in\u00edcio da manh\u00e3, foi cientificado do ocorrido pelos agentes federais, e seguiu juntamente com os ve\u00edculos envolvidos para a Unidade Operacional da PRF em S\u00e3o Crist\u00f3v\u00e3o, visando a confer\u00eancia da carga. O condutor foi encaminhado ao COPE, em Aracaju.<\/p>\n<p><strong>N\u00facleo de Comunica\u00e7\u00e3o Social<\/strong><br \/>\n<strong>Pol\u00edcia Rodovi\u00e1ria Federal \u2013 Sergipe<\/strong><\/p>\n","protected":false},"excerpt":{"rendered":"<p>Policiais Rodovi\u00e1rios Federais, ap\u00f3s recebimento de den\u00fancia, flagraram na madrugada de hoje (23), na altura do Km 36 da BR 101, munic\u00edpio de Capela (SE), uma tentativa de saque \u00e0 carga de uma carreta, estacionada na parte traseira de um posto de combust\u00edveis. A Central de informa\u00e7\u00f5es da PRF recebeu uma liga\u00e7\u00e3o, por volta de [&hellip;]<\/p>\n","protected":false},"author":1,"featured_media":50693,"comment_status":"closed","ping_status":"closed","sticky":false,"template":"","format":"standard","meta":{"footnotes":""},"categories":[15,7],"tags":[],"class_list":{"0":"post-50692","1":"post","2":"type-post","3":"status-publish","4":"format-standard","5":"has-post-thumbnail","7":"category-destaques","8":"category-policia"},"_links":{"self":[{"href":"https:\/\/senoticias.com.br\/se\/wp-json\/wp\/v2\/posts\/50692"}],"collection":[{"href":"https:\/\/senoticias.com.br\/se\/wp-json\/wp\/v2\/posts"}],"about":[{"href":"https:\/\/senoticias.com.br\/se\/wp-json\/wp\/v2\/types\/post"}],"author":[{"embeddable":true,"href":"https:\/\/senoticias.com.br\/se\/wp-json\/wp\/v2\/users\/1"}],"replies":[{"embeddable":true,"href":"https:\/\/senoticias.com.br\/se\/wp-json\/wp\/v2\/comments?post=50692"}],"version-history":[{"count":0,"href":"https:\/\/senoticias.com.br\/se\/wp-json\/wp\/v2\/posts\/50692\/revisions"}],"wp:featuredmedia":[{"embeddable":true,"href":"https:\/\/senoticias.com.br\/se\/wp-json\/wp\/v2\/media\/50693"}],"wp:attachment":[{"href":"https:\/\/senoticias.com.br\/se\/wp-json\/wp\/v2\/media?parent=50692"}],"wp:term":[{"taxonomy":"category","embeddable":true,"href":"https:\/\/senoticias.com.br\/se\/wp-json\/wp\/v2\/categories?post=50692"},{"taxonomy":"post_tag","embeddable":true,"href":"https:\/\/senoticias.com.br\/se\/wp-json\/wp\/v2\/tags?post=50692"}],"curies":[{"name":"wp","href":"https:\/\/api.w.org\/{rel}","templated":true}]}}