{"id":50689,"date":"2013-07-23T10:44:17","date_gmt":"2013-07-23T13:44:17","guid":{"rendered":"http:\/\/senoticias.com.br\/se\/?p=50689"},"modified":"2013-07-24T15:22:36","modified_gmt":"2013-07-24T18:22:36","slug":"morre-turista-paulista-vitima-de-ataque-de-tubarao-no-recife","status":"publish","type":"post","link":"https:\/\/senoticias.com.br\/se\/morre-turista-paulista-vitima-de-ataque-de-tubarao-no-recife\/","title":{"rendered":"Morre turista paulista v\u00edtima de ataque de tubar\u00e3o no Recife"},"content":{"rendered":"<p>&nbsp;<\/p>\n<h5><em><strong>Wagner Sarmento, do Jornal do Com\u00e9rcio<\/strong><\/em><\/h5>\n<p>&nbsp;<\/p>\n<p><strong>Bruna Gobbi, 18 anos, perdeu muito sangue, n\u00e3o resistiu aos ferimentos e faleceu no Hospital da Restaura\u00e7\u00e3o<\/strong><\/p>\n<div id=\"attachment_50690\" style=\"width: 310px\" class=\"wp-caption alignright\"><a href=\"http:\/\/senoticias.com.br\/se\/wp-content\/uploads\/2013\/07\/fa787007a0cca973c709aaee9d4d4b72.jpg\"><img loading=\"lazy\" decoding=\"async\" aria-describedby=\"caption-attachment-50690\" class=\"size-medium wp-image-50690\" alt=\" Jovem estava a cerca de 20 metros da areia quando foi atacada, na altura da pracinha de Boa Viagem. (Foto: Igo Bione\/JC) \" src=\"http:\/\/senoticias.com.br\/se\/wp-content\/uploads\/2013\/07\/fa787007a0cca973c709aaee9d4d4b72-300x146.jpg\" width=\"300\" height=\"146\" srcset=\"https:\/\/senoticias.com.br\/se\/wp-content\/uploads\/2013\/07\/fa787007a0cca973c709aaee9d4d4b72-300x146.jpg 300w, https:\/\/senoticias.com.br\/se\/wp-content\/uploads\/2013\/07\/fa787007a0cca973c709aaee9d4d4b72-342x167.jpg 342w, https:\/\/senoticias.com.br\/se\/wp-content\/uploads\/2013\/07\/fa787007a0cca973c709aaee9d4d4b72.jpg 470w\" sizes=\"(max-width: 300px) 100vw, 300px\" \/><\/a><p id=\"caption-attachment-50690\" class=\"wp-caption-text\"><br \/>Jovem estava a cerca de 20 metros da areia quando foi atacada, na altura da pracinha de Boa Viagem. (Foto: Igo Bione\/JC)<\/p><\/div>\n<p style=\"text-align: justify;\">Morreu no fim da noite de segunda-feira (22) a adolescente paulista v\u00edtima de um ataque de tubar\u00e3o na praia de Boa Viagem, Zona Sul do Recife. Bruna Silva Gobbi, 18 anos, que passava f\u00e9rias na capital pernambucana com a fam\u00edlia, foi atacada pelo animal por volta das 13h, enquanto nadava a cerca de 20 metros da faixa de areia. O banho de mar no cart\u00e3o-postal da cidade virou trag\u00e9dia. E voltou a assombrar a popula\u00e7\u00e3o.<\/p>\n<p style=\"text-align: justify;\">Bruna perdeu muito sangue, chegou a sofrer uma parada cardiorrespirat\u00f3ria e teve parte da perna esquerda amputada durante uma cirurgia realizada no Hospital da Restaura\u00e7\u00e3o (HR), no Derby, \u00e1rea central do Recife. De acordo com informa\u00e7\u00f5es da assessoria de imprensa da unidade de sa\u00fade, a turista n\u00e3o resistiu aos ferimentos e morreu por volta das 23h30, na Unidade de Terapia Intensiva (UTI).<\/p>\n<p style=\"text-align: justify;\">Antes de ser transferida para o HR, Bruna foi levada para a Unidade de Pronto Atendimento (UPA) da Imbiribeira, na Zona Sul, onde teve a parada cardiorrespirat\u00f3ria. Imagens do momento do ataque e do resgate dos bombeiros foram divulgadas pela Secretaria de Defesa Social (SDS). A fam\u00edlia teria sido alertada pelo Corpo de Bombeiros para n\u00e3o se banhar na \u00e1rea de risco. A mordida foi sobretudo na coxa esquerda da menina.<\/p>\n<p style=\"text-align: justify;\">De acordo com o Comit\u00ea Estadual de Monitoramento de Incidentes com Tubar\u00f5es (Cemit), foi o ataque de tubar\u00e3o de n\u00famero 59 e a 24\u00aa morte no Estado desde que esse tipo de ocorr\u00eancia passou a ser contabilizado, em 1992. Do total, 23 ocorreram em Boa Viagem. Ainda n\u00e3o h\u00e1 detalhes sobre sepultamento da v\u00edtima.<\/p>\n<p style=\"text-align: justify;\"><strong>Confira abaixo imagens da SDS da hora do ataque e do resgate<\/strong><\/p>\n<p><iframe loading=\"lazy\" title=\"Ataque Real De Tubar\u00e3o Na Praia De Boa Viagem Recife\" width=\"500\" height=\"281\" src=\"https:\/\/www.youtube.com\/embed\/G5drS3Fh8fU?feature=oembed\" frameborder=\"0\" allow=\"accelerometer; autoplay; clipboard-write; encrypted-media; gyroscope; picture-in-picture; web-share\" referrerpolicy=\"strict-origin-when-cross-origin\" allowfullscreen><\/iframe><\/p>\n<p style=\"text-align: justify;\">\n","protected":false},"excerpt":{"rendered":"<p>&nbsp; Wagner Sarmento, do Jornal do Com\u00e9rcio &nbsp; Bruna Gobbi, 18 anos, perdeu muito sangue, n\u00e3o resistiu aos ferimentos e faleceu no Hospital da Restaura\u00e7\u00e3o Morreu no fim da noite de segunda-feira (22) a adolescente paulista v\u00edtima de um ataque de tubar\u00e3o na praia de Boa Viagem, Zona Sul do Recife. Bruna Silva Gobbi, 18 [&hellip;]<\/p>\n","protected":false},"author":1,"featured_media":50690,"comment_status":"closed","ping_status":"closed","sticky":false,"template":"","format":"standard","meta":{"footnotes":""},"categories":[310],"tags":[],"class_list":{"0":"post-50689","1":"post","2":"type-post","3":"status-publish","4":"format-standard","5":"has-post-thumbnail","7":"category-destaques-da-semana"},"_links":{"self":[{"href":"https:\/\/senoticias.com.br\/se\/wp-json\/wp\/v2\/posts\/50689"}],"collection":[{"href":"https:\/\/senoticias.com.br\/se\/wp-json\/wp\/v2\/posts"}],"about":[{"href":"https:\/\/senoticias.com.br\/se\/wp-json\/wp\/v2\/types\/post"}],"author":[{"embeddable":true,"href":"https:\/\/senoticias.com.br\/se\/wp-json\/wp\/v2\/users\/1"}],"replies":[{"embeddable":true,"href":"https:\/\/senoticias.com.br\/se\/wp-json\/wp\/v2\/comments?post=50689"}],"version-history":[{"count":0,"href":"https:\/\/senoticias.com.br\/se\/wp-json\/wp\/v2\/posts\/50689\/revisions"}],"wp:featuredmedia":[{"embeddable":true,"href":"https:\/\/senoticias.com.br\/se\/wp-json\/wp\/v2\/media\/50690"}],"wp:attachment":[{"href":"https:\/\/senoticias.com.br\/se\/wp-json\/wp\/v2\/media?parent=50689"}],"wp:term":[{"taxonomy":"category","embeddable":true,"href":"https:\/\/senoticias.com.br\/se\/wp-json\/wp\/v2\/categories?post=50689"},{"taxonomy":"post_tag","embeddable":true,"href":"https:\/\/senoticias.com.br\/se\/wp-json\/wp\/v2\/tags?post=50689"}],"curies":[{"name":"wp","href":"https:\/\/api.w.org\/{rel}","templated":true}]}}