{"id":50687,"date":"2013-07-23T10:21:10","date_gmt":"2013-07-23T13:21:10","guid":{"rendered":"http:\/\/senoticias.com.br\/se\/?p=50687"},"modified":"2013-07-24T13:51:09","modified_gmt":"2013-07-24T16:51:09","slug":"sem-agenda-oficial-do-papa-terca-feira-tera-abertura-da-jornada-mundial-da-juventude","status":"publish","type":"post","link":"https:\/\/senoticias.com.br\/se\/sem-agenda-oficial-do-papa-terca-feira-tera-abertura-da-jornada-mundial-da-juventude\/","title":{"rendered":"Sem agenda oficial do papa, ter\u00e7a-feira ter\u00e1 abertura da Jornada Mundial da Juventude"},"content":{"rendered":"<p>&nbsp;<\/p>\n<p style=\"text-align: justify;\"><em><strong>Do UOL, no Rio<\/strong><\/em><\/p>\n<div id=\"attachment_50688\" style=\"width: 310px\" class=\"wp-caption alignright\"><a href=\"http:\/\/senoticias.com.br\/se\/wp-content\/uploads\/2013\/07\/22072013-papa-francisco-faz-discurso-apos-ser-recebido-pela-presidente-dilma-rousseff-no-rio-de-janeiro-1374532209428_615x300.jpg\"><img loading=\"lazy\" decoding=\"async\" aria-describedby=\"caption-attachment-50688\" class=\"size-medium wp-image-50688\" alt=\" Jovens n\u00e3o t\u00eam medo de arriscar a \u00fanica vida que possuem, diz papa em 1\u00ba discurso.(Divulga\u00e7\u00e3o)\" src=\"http:\/\/senoticias.com.br\/se\/wp-content\/uploads\/2013\/07\/22072013-papa-francisco-faz-discurso-apos-ser-recebido-pela-presidente-dilma-rousseff-no-rio-de-janeiro-1374532209428_615x300-300x146.jpg\" width=\"300\" height=\"146\" srcset=\"https:\/\/senoticias.com.br\/se\/wp-content\/uploads\/2013\/07\/22072013-papa-francisco-faz-discurso-apos-ser-recebido-pela-presidente-dilma-rousseff-no-rio-de-janeiro-1374532209428_615x300-300x146.jpg 300w, https:\/\/senoticias.com.br\/se\/wp-content\/uploads\/2013\/07\/22072013-papa-francisco-faz-discurso-apos-ser-recebido-pela-presidente-dilma-rousseff-no-rio-de-janeiro-1374532209428_615x300-342x166.jpg 342w, https:\/\/senoticias.com.br\/se\/wp-content\/uploads\/2013\/07\/22072013-papa-francisco-faz-discurso-apos-ser-recebido-pela-presidente-dilma-rousseff-no-rio-de-janeiro-1374532209428_615x300.jpg 615w\" sizes=\"(max-width: 300px) 100vw, 300px\" \/><\/a><p id=\"caption-attachment-50688\" class=\"wp-caption-text\"><br \/>Jovens n\u00e3o t\u00eam medo de arriscar a \u00fanica vida que possuem, diz papa em 1\u00ba discurso.(Divulga\u00e7\u00e3o)<\/p><\/div>\n<p style=\"text-align: justify;\">Depois de uma segunda-feira intensa, n\u00e3o h\u00e1 eventos oficiais com participa\u00e7\u00e3o do papa Francisco programados para esta ter\u00e7a-feira (23), segundo dia de estada do pont\u00edfice no Rio de Janeiro. A d\u00favida \u00e9 se Francisco permanecer\u00e1 o tempo todo na Resid\u00eancia Assun\u00e7\u00e3o, no Alto da Boa Vista (zona norte), onde est\u00e1 hospedado, ou se participar\u00e1 de alguma atividade &#8220;surpresa&#8221;.<\/p>\n<p style=\"text-align: justify;\">Nesta ter\u00e7a, a Jornada Mundial da Juventude (JMJ) come\u00e7a oficialmente, com eventos na praia de Copacabana, onde foi montado um palco: \u00e0s 8h15, haver\u00e1 uma missa, seguida de entrevistas coletivas sobre a JMJ; \u00e0s 15h30, o cardeal dom Odilo Scherer, Arcebispo de S\u00e3o Paulo, conceder\u00e1 entrevista; por fim, \u00e0s 18h, o arcebispo do Rio de Janeiro, dom Orani Tempesta, celebrar\u00e1 a missa oficial de abertura da jornada.<\/p>\n<p style=\"text-align: justify;\">Amanh\u00e3, Francisco viajar\u00e1 de helic\u00f3ptero, logo pela manh\u00e3, \u00e0 Aparecida (180 km de S\u00e3o Paulo), onde far\u00e1 a venera\u00e7\u00e3o da imagem de Nossa Senhora Aparecida, padroeira do Brasil, no Santu\u00e1rio de Nossa Senhora da Concei\u00e7\u00e3o Aparecida. Em seguida, Francisco participar\u00e1 de uma missa na qual celebrar\u00e1 a homilia, serm\u00e3o de prega\u00e7\u00e3o do Evangelho.<\/p>\n<p style=\"text-align: justify;\">Ap\u00f3s a celebra\u00e7\u00e3o, o pont\u00edfice ir\u00e1 almo\u00e7ar com a comitiva papal, bispos e seminaristas no Semin\u00e1rio Bom Jesus de Aparecida. \u00c0s 16h10, est\u00e1 previsto o retorno de Francisco ao Rio, de helic\u00f3ptero. Na sequ\u00eancia, o pont\u00edfice visitar\u00e1 o Hospital de S\u00e3o Francisco de Assis, na Tijuca (zona norte), dedicado ao tratamento de dependentes qu\u00edmicos e alco\u00f3licos. O papa dever\u00e1 fazer um discurso no local.<\/p>\n<p style=\"text-align: justify;\">Primeiro dia<br \/>\nO avi\u00e3o do papa Francisco pousou no Aeroporto Internacional Tom Jobim (Gale\u00e3o), no Rio de Janeiro, \u00e0s 15h43 de segunda-feira (22) depois de quase 12 horas de viagem desde Roma, na It\u00e1lia. O avi\u00e3o, da companhia Alitalia, estava com as bandeiras do Brasil e do Vaticano nas janelas da cabine. Francisco foi recepcionado pela presidente Dilma Rousseff, pelo governador do Estado, S\u00e9rgio Cabral, e pelo prefeito da capital, Eduardo Paes, entre outras autoridades.<\/p>\n<p style=\"text-align: justify;\">Durante percurso entre o aeroporto e a Catedral Metropolitana de S\u00e3o Sebasti\u00e3o, no centro, o papa cumprimentou fi\u00e9is, beijou crian\u00e7as e chegou at\u00e9 a ficar preso no tr\u00e2nsito. Do Gale\u00e3o, Francisco seguiu em carro fechado at\u00e9 a Catedral. O ve\u00edculo que transportou o pont\u00edfice \u00e9 um Fiat Idea, de cor prata. No banco traseiro, Francisco manteve a janela do carro totalmente aberta na maior parte do tempo e n\u00e3o usou cinto de seguran\u00e7a.<\/p>\n<p style=\"text-align: justify;\">Na avenida Presidente Vargas, j\u00e1 no centro do Rio, o carro com o papa estacionou para que o pont\u00edfice cumprimentasse fi\u00e9is que o cercavam. Muitos conseguiram tocar no pont\u00edfice, enquanto seguran\u00e7as se desdobravam para evitar o contato, que n\u00e3o estava previsto.<\/p>\n<p style=\"text-align: justify;\">Ainda na Presidente Vargas, pr\u00f3ximo ao cruzamento com a avenida Rio Branco, a comitiva papal acessou a pista que n\u00e3o estava interditada ao tr\u00e1fego, ficando presa num engarrafamento de coletivos. Neste momento, centenas de fi\u00e9is se aproximaram do ve\u00edculo com o papa. Uma mulher entregou uma crian\u00e7a para o pont\u00edfice pela janela do carro. Francisco a beijou e a devolveu \u00e0 mulher.<\/p>\n<p style=\"text-align: justify;\">Ao longo do percurso, cinco carros e duas motos escoltaram o carro que levava o papa, que circulou pela linha Vermelha e passou ao lado do complexo de favelas da Mar\u00e9, na zona norte.<\/p>\n<p style=\"text-align: justify;\">Por volta das 17h, o papa chegou \u00e0 Catedral Metropolitana do Rio de Janeiro, onde trocou o ve\u00edculo fechado em que estava pelo papam\u00f3vel. Pelo menos 10 mil pessoas aguardavam a chegada do papa, segundo estimativa da Guarda Municipal. Os fi\u00e9is come\u00e7aram a chegar \u00e0s 9h.<\/p>\n<p style=\"text-align: justify;\">De papam\u00f3vel, Francisco circulou por v\u00e1rias vias do centro, em meio \u00e0 multid\u00e3o de fi\u00e9is. Na avenida Gra\u00e7a Aranha, o pont\u00edfice beijou outras crian\u00e7as. A comitiva do papa Francisco foi acompanhada por carros da Pol\u00edcia Federal, da Guarda Municipal do Rio e da Pol\u00edcia Militar.<\/p>\n<p style=\"text-align: justify;\">Em seguida, para evitar os protestos que ocorriam perto do Pal\u00e1cio Guanabara, o pont\u00edfice embarcou em um helic\u00f3ptero da FAB (For\u00e7a A\u00e9rea Brasileira) que o transportou do Terceiro Comando Regional, no Castelo (centro), at\u00e9 o campo do est\u00e1dio das Laranjeiras, do Fluminense, que fica ao lado do pal\u00e1cio, nas Laranjeiras (zona sul) do Rio de Janeiro. Na sede do governo fluminense, Francisco recebeu uma cerim\u00f4nia de boas-vindas. Enquanto caminhava pelas depend\u00eancias do clube, o papa foi saudado pelos s\u00f3cios com gritos de &#8220;Nense&#8221; e &#8220;e \u00f4 e \u00f4 o Francisco \u00e9 tricolor&#8221;.<\/p>\n<p style=\"text-align: justify;\">No Pal\u00e1cio Guanabara, Francisco fez seu primeiro discurso, no qual afirmou que Jesus Cristo abre espa\u00e7o para os jovens porque eles &#8220;n\u00e3o t\u00eam medo de arriscar a \u00fanica vida que possuem&#8221;.<br \/>\n&#8220;Cristo abre espa\u00e7o para eles [jovens], pois sabe que energia alguma pode ser mais potente que aquela que desprende do cora\u00e7\u00e3o dos jovens quando conquistados pela experi\u00eancia da sua amizade. Cristo &#8216;bota f\u00e9&#8217; nos jovens e confia-lhes o futuro de sua pr\u00f3pria causa: &#8216;ide, fazei disc\u00edpulos&#8221;. Ide para al\u00e9m das fronteiras do que \u00e9 humanamente poss\u00edvel e criem um mundo de irm\u00e3os. Tamb\u00e9m os jovens &#8216;botam f\u00e9&#8217; em Cristo. Eles n\u00e3o t\u00eam medo de arriscar a \u00fanica vida que possuem porque sabem que n\u00e3o ser\u00e3o desiludidos&#8221;, declarou o pont\u00edfice.<\/p>\n<p style=\"text-align: justify;\">Antes dele, a presidente afirmou que os protestos realizados nos \u00faltimos meses no Brasil, protagonizados pela juventude, s\u00e3o uma &#8220;luta leg\u00edtima por uma nova sociedade&#8221;. Em seguida, Dilma disse que &#8220;todos os avan\u00e7os que conquistamos foram s\u00f3 o come\u00e7o&#8221; e que &#8220;nossa estrat\u00e9gia de desenvolvimento vai exigir mais&#8221;. &#8220;A juventude brasileira foi protagonista e clama por mais direitos sociais. Os jovens querem viver plenamente. Est\u00e3o cansados da viol\u00eancia que muitas vezes o tornam v\u00edtimas&#8221;, disse.<\/p>\n<p style=\"text-align: justify;\">Depois da cerim\u00f4nia, Francisco e Dilma se reuniram e trataram do combate \u00e0 mis\u00e9ria. Em seguida, o pont\u00edfice seguiu de carro fechado at\u00e9 a Resid\u00eancia Assun\u00e7\u00e3o.<\/p>\n<p style=\"text-align: justify;\">Enquanto o pont\u00edfice chegava \u00e0 resid\u00eancia, PMs e manifestantes entravam em confronto na regi\u00e3o de Laranjeiras. Ao menos sete pessoas foram detidas e quatro ficaram feridas.<\/p>\n<p style=\"text-align: justify;\">Sem agenda oficial do papa, ter\u00e7a-feira ter\u00e1 abertura da Jornada Mundial da Juventude<\/p>\n<p style=\"text-align: justify;\"><strong>Jornada Mundial da Juventude 2013<\/strong><\/p>\n<p style=\"text-align: justify;\">Depois de uma segunda-feira intensa, n\u00e3o h\u00e1 eventos oficiais com participa\u00e7\u00e3o do papa Francisco programados para esta ter\u00e7a-feira (23), segundo dia de estada do pont\u00edfice no Rio de Janeiro. A d\u00favida \u00e9 se Francisco permanecer\u00e1 o tempo todo na Resid\u00eancia Assun\u00e7\u00e3o, no Alto da Boa Vista (zona norte), onde est\u00e1 hospedado, ou se participar\u00e1 de alguma atividade &#8220;surpresa&#8221;.<\/p>\n<p style=\"text-align: justify;\">Nesta ter\u00e7a, a Jornada Mundial da Juventude (JMJ) come\u00e7a oficialmente, com eventos na praia de Copacabana, onde foi montado um palco: \u00e0s 8h15, haver\u00e1 uma missa, seguida de entrevistas coletivas sobre a JMJ; \u00e0s 15h30, o cardeal dom Odilo Scherer, Arcebispo de S\u00e3o Paulo, conceder\u00e1 entrevista; por fim, \u00e0s 18h, o arcebispo do Rio de Janeiro, dom Orani Tempesta, celebrar\u00e1 a missa oficial de abertura da jornada.<\/p>\n<p style=\"text-align: justify;\">Amanh\u00e3, Francisco viajar\u00e1 de helic\u00f3ptero, logo pela manh\u00e3, \u00e0 Aparecida (180 km de S\u00e3o Paulo), onde far\u00e1 a venera\u00e7\u00e3o da imagem de Nossa Senhora Aparecida, padroeira do Brasil, no Santu\u00e1rio de Nossa Senhora da Concei\u00e7\u00e3o Aparecida. Em seguida, Francisco participar\u00e1 de uma missa na qual celebrar\u00e1 a homilia, serm\u00e3o de prega\u00e7\u00e3o do Evangelho.<\/p>\n<p style=\"text-align: justify;\">Ap\u00f3s a celebra\u00e7\u00e3o, o pont\u00edfice ir\u00e1 almo\u00e7ar com a comitiva papal, bispos e seminaristas no Semin\u00e1rio Bom Jesus de Aparecida. \u00c0s 16h10, est\u00e1 previsto o retorno de Francisco ao Rio, de helic\u00f3ptero. Na sequ\u00eancia, o pont\u00edfice visitar\u00e1 o Hospital de S\u00e3o Francisco de Assis, na Tijuca (zona norte), dedicado ao tratamento de dependentes qu\u00edmicos e alco\u00f3licos. O papa dever\u00e1 fazer um discurso no local.<\/p>\n<p style=\"text-align: justify;\"><strong>Primeiro dia<\/strong><\/p>\n<p style=\"text-align: justify;\">O avi\u00e3o do papa Francisco pousou no Aeroporto Internacional Tom Jobim (Gale\u00e3o), no Rio de Janeiro, \u00e0s 15h43 de segunda-feira (22) depois de quase 12 horas de viagem desde Roma, na It\u00e1lia. O avi\u00e3o, da companhia Alitalia, estava com as bandeiras do Brasil e do Vaticano nas janelas da cabine. Francisco foi recepcionado pela presidente Dilma Rousseff, pelo governador do Estado, S\u00e9rgio Cabral, e pelo prefeito da capital, Eduardo Paes, entre outras autoridades.<\/p>\n<p style=\"text-align: justify;\">Durante percurso entre o aeroporto e a Catedral Metropolitana de S\u00e3o Sebasti\u00e3o, no centro, o papa cumprimentou fi\u00e9is, beijou crian\u00e7as e chegou at\u00e9 a ficar preso no tr\u00e2nsito. Do Gale\u00e3o, Francisco seguiu em carro fechado at\u00e9 a Catedral. O ve\u00edculo que transportou o pont\u00edfice \u00e9 um Fiat Idea, de cor prata. No banco traseiro, Francisco manteve a janela do carro totalmente aberta na maior parte do tempo e n\u00e3o usou cinto de seguran\u00e7a.<\/p>\n<p style=\"text-align: justify;\">Na avenida Presidente Vargas, j\u00e1 no centro do Rio, o carro com o papa estacionou para que o pont\u00edfice cumprimentasse fi\u00e9is que o cercavam. Muitos conseguiram tocar no pont\u00edfice, enquanto seguran\u00e7as se desdobravam para evitar o contato, que n\u00e3o estava previsto.<\/p>\n<p style=\"text-align: justify;\">Ainda na Presidente Vargas, pr\u00f3ximo ao cruzamento com a avenida Rio Branco, a comitiva papal acessou a pista que n\u00e3o estava interditada ao tr\u00e1fego, ficando presa num engarrafamento de coletivos. Neste momento, centenas de fi\u00e9is se aproximaram do ve\u00edculo com o papa. Uma mulher entregou uma crian\u00e7a para o pont\u00edfice pela janela do carro. Francisco a beijou e a devolveu \u00e0 mulher.<\/p>\n<p style=\"text-align: justify;\">Ao longo do percurso, cinco carros e duas motos escoltaram o carro que levava o papa, que circulou pela linha Vermelha e passou ao lado do complexo de favelas da Mar\u00e9, na zona norte.<\/p>\n<p style=\"text-align: justify;\">Por volta das 17h, o papa chegou \u00e0 Catedral Metropolitana do Rio de Janeiro, onde trocou o ve\u00edculo fechado em que estava pelo papam\u00f3vel. Pelo menos 10 mil pessoas aguardavam a chegada do papa, segundo estimativa da Guarda Municipal. Os fi\u00e9is come\u00e7aram a chegar \u00e0s 9h.<\/p>\n<p style=\"text-align: justify;\">De papam\u00f3vel, Francisco circulou por v\u00e1rias vias do centro, em meio \u00e0 multid\u00e3o de fi\u00e9is. Na avenida Gra\u00e7a Aranha, o pont\u00edfice beijou outras crian\u00e7as. A comitiva do papa Francisco foi acompanhada por carros da Pol\u00edcia Federal, da Guarda Municipal do Rio e da Pol\u00edcia Militar.<\/p>\n<p style=\"text-align: justify;\">Em seguida, para evitar os protestos que ocorriam perto do Pal\u00e1cio Guanabara, o pont\u00edfice embarcou em um helic\u00f3ptero da FAB (For\u00e7a A\u00e9rea Brasileira) que o transportou do Terceiro Comando Regional, no Castelo (centro), at\u00e9 o campo do est\u00e1dio das Laranjeiras, do Fluminense, que fica ao lado do pal\u00e1cio, nas Laranjeiras (zona sul) do Rio de Janeiro. Na sede do governo fluminense, Francisco recebeu uma cerim\u00f4nia de boas-vindas. Enquanto caminhava pelas depend\u00eancias do clube, o papa foi saudado pelos s\u00f3cios com gritos de &#8220;Nense&#8221; e &#8220;e \u00f4 e \u00f4 o Francisco \u00e9 tricolor&#8221;.<\/p>\n<p style=\"text-align: justify;\">No Pal\u00e1cio Guanabara, Francisco fez seu primeiro discurso, no qual afirmou que Jesus Cristo abre espa\u00e7o para os jovens porque eles &#8220;n\u00e3o t\u00eam medo de arriscar a \u00fanica vida que possuem&#8221;.<\/p>\n<p style=\"text-align: justify;\">&#8220;Cristo abre espa\u00e7o para eles [jovens], pois sabe que energia alguma pode ser mais potente que aquela que desprende do cora\u00e7\u00e3o dos jovens quando conquistados pela experi\u00eancia da sua amizade. Cristo &#8216;bota f\u00e9&#8217; nos jovens e confia-lhes o futuro de sua pr\u00f3pria causa: &#8216;ide, fazei disc\u00edpulos&#8221;. Ide para al\u00e9m das fronteiras do que \u00e9 humanamente poss\u00edvel e criem um mundo de irm\u00e3os. Tamb\u00e9m os jovens &#8216;botam f\u00e9&#8217; em Cristo. Eles n\u00e3o t\u00eam medo de arriscar a \u00fanica vida que possuem porque sabem que n\u00e3o ser\u00e3o desiludidos&#8221;, declarou o pont\u00edfice.<\/p>\n<p style=\"text-align: justify;\">Antes dele, a presidente afirmou que os protestos realizados nos \u00faltimos meses no Brasil, protagonizados pela juventude, s\u00e3o uma &#8220;luta leg\u00edtima por uma nova sociedade&#8221;. Em seguida, Dilma disse que &#8220;todos os avan\u00e7os que conquistamos foram s\u00f3 o come\u00e7o&#8221; e que &#8220;nossa estrat\u00e9gia de desenvolvimento vai exigir mais&#8221;. &#8220;A juventude brasileira foi protagonista e clama por mais direitos sociais. Os jovens querem viver plenamente. Est\u00e3o cansados da viol\u00eancia que muitas vezes o tornam v\u00edtimas&#8221;, disse.<\/p>\n<p style=\"text-align: justify;\">Depois da cerim\u00f4nia, Francisco e Dilma se reuniram e trataram do combate \u00e0 mis\u00e9ria. Em seguida, o pont\u00edfice seguiu de carro fechado at\u00e9 a Resid\u00eancia Assun\u00e7\u00e3o.<\/p>\n<p style=\"text-align: justify;\">Enquanto o pont\u00edfice chegava \u00e0 resid\u00eancia, PMs e manifestantes entravam em confronto na regi\u00e3o de Laranjeiras. Ao menos sete pessoas foram detidas e quatro ficaram feridas.<\/p>\n","protected":false},"excerpt":{"rendered":"<p>&nbsp; Do UOL, no Rio Depois de uma segunda-feira intensa, n\u00e3o h\u00e1 eventos oficiais com participa\u00e7\u00e3o do papa Francisco programados para esta ter\u00e7a-feira (23), segundo dia de estada do pont\u00edfice no Rio de Janeiro. A d\u00favida \u00e9 se Francisco permanecer\u00e1 o tempo todo na Resid\u00eancia Assun\u00e7\u00e3o, no Alto da Boa Vista (zona norte), onde est\u00e1 [&hellip;]<\/p>\n","protected":false},"author":1,"featured_media":50688,"comment_status":"closed","ping_status":"closed","sticky":false,"template":"","format":"standard","meta":{"footnotes":""},"categories":[46],"tags":[],"class_list":{"0":"post-50687","1":"post","2":"type-post","3":"status-publish","4":"format-standard","5":"has-post-thumbnail","7":"category-religiao"},"_links":{"self":[{"href":"https:\/\/senoticias.com.br\/se\/wp-json\/wp\/v2\/posts\/50687"}],"collection":[{"href":"https:\/\/senoticias.com.br\/se\/wp-json\/wp\/v2\/posts"}],"about":[{"href":"https:\/\/senoticias.com.br\/se\/wp-json\/wp\/v2\/types\/post"}],"author":[{"embeddable":true,"href":"https:\/\/senoticias.com.br\/se\/wp-json\/wp\/v2\/users\/1"}],"replies":[{"embeddable":true,"href":"https:\/\/senoticias.com.br\/se\/wp-json\/wp\/v2\/comments?post=50687"}],"version-history":[{"count":0,"href":"https:\/\/senoticias.com.br\/se\/wp-json\/wp\/v2\/posts\/50687\/revisions"}],"wp:featuredmedia":[{"embeddable":true,"href":"https:\/\/senoticias.com.br\/se\/wp-json\/wp\/v2\/media\/50688"}],"wp:attachment":[{"href":"https:\/\/senoticias.com.br\/se\/wp-json\/wp\/v2\/media?parent=50687"}],"wp:term":[{"taxonomy":"category","embeddable":true,"href":"https:\/\/senoticias.com.br\/se\/wp-json\/wp\/v2\/categories?post=50687"},{"taxonomy":"post_tag","embeddable":true,"href":"https:\/\/senoticias.com.br\/se\/wp-json\/wp\/v2\/tags?post=50687"}],"curies":[{"name":"wp","href":"https:\/\/api.w.org\/{rel}","templated":true}]}}