{"id":50684,"date":"2013-07-23T09:34:31","date_gmt":"2013-07-23T12:34:31","guid":{"rendered":"http:\/\/senoticias.com.br\/se\/?p=50684"},"modified":"2013-07-24T14:28:32","modified_gmt":"2013-07-24T17:28:32","slug":"policia-federal-apreende-mais-de-20-kg-de-drogas-e-prende-2-pessoas-em-sergipe","status":"publish","type":"post","link":"https:\/\/senoticias.com.br\/se\/policia-federal-apreende-mais-de-20-kg-de-drogas-e-prende-2-pessoas-em-sergipe\/","title":{"rendered":"Pol\u00edcia Federal apreende mais de 20 kg de drogas e prende 2 pessoas em Sergipe"},"content":{"rendered":"<div id=\"attachment_50685\" style=\"width: 287px\" class=\"wp-caption alignright\"><a href=\"http:\/\/senoticias.com.br\/se\/wp-content\/uploads\/2013\/07\/SAM_1003-1.jpg\"><img loading=\"lazy\" decoding=\"async\" aria-describedby=\"caption-attachment-50685\" class=\"size-medium wp-image-50685\" alt=\" Os presos foram levados para o pres\u00eddio COMPAJAF, no Santa Maria, em Aracaju onde v\u00e3o permanecer \u00e0 disposi\u00e7\u00e3o da Justi\u00e7a. (Divulga\u00e7\u00e3o\/PF\/SE)\" src=\"http:\/\/senoticias.com.br\/se\/wp-content\/uploads\/2013\/07\/SAM_1003-1-277x300.jpg\" width=\"277\" height=\"300\" srcset=\"https:\/\/senoticias.com.br\/se\/wp-content\/uploads\/2013\/07\/SAM_1003-1-277x300.jpg 277w, https:\/\/senoticias.com.br\/se\/wp-content\/uploads\/2013\/07\/SAM_1003-1-342x369.jpg 342w, https:\/\/senoticias.com.br\/se\/wp-content\/uploads\/2013\/07\/SAM_1003-1.jpg 768w\" sizes=\"(max-width: 277px) 100vw, 277px\" \/><\/a><p id=\"caption-attachment-50685\" class=\"wp-caption-text\"><br \/>Os presos foram levados para o pres\u00eddio COMPAJAF, no Santa Maria, em Aracaju onde v\u00e3o permanecer \u00e0 disposi\u00e7\u00e3o da Justi\u00e7a. (Divulga\u00e7\u00e3o\/PF\/SE)<\/p><\/div>\n<p style=\"text-align: justify;\">A Pol\u00edcia Federal em Sergipe realizou opera\u00e7\u00e3o policial neste final de semana (20 e 21.07), que resultou na apreens\u00e3o de 24 kg de crack e na pris\u00e3o de 2 (dois) traficantes, durante barreiras de rotina em rodovias situadas ao longo do Estado de Sergipe.<\/p>\n<p style=\"text-align: justify;\">No dia 20 de julho, a Pol\u00edcia Federal prendeu em flagrante CLEBERSON GLEICSON DOS SANTOS, 24 anos, natural de Paulo Afonso\/BA, transportando mais de 9 kg de crack ocultos na ca\u00e7amba de um ve\u00edculo Picape Strada, placas de Paulo Afonso\/BA.<\/p>\n<p style=\"text-align: justify;\">Durante a barreira policial ocorrida na BR101, Munic\u00edpio de Japaratuba\/SE, o preso tentou evadir-se do local, sendo interceptado pelos policiais, que ap\u00f3s realizarem revista veicular, constataram a exist\u00eancia do entorpecente.<\/p>\n<p style=\"text-align: justify;\">Durante o interrogat\u00f3rio, Cleberson relatou que viajava para esta capital, por\u00e9m n\u00e3o revelou onde obteve o entorpecente, nem para quem revenderia a droga.<\/p>\n<p style=\"text-align: justify;\">J\u00e1 no dia 21 de julho, policiais federais prenderam em nova barreira policial, na altura da rodovia principal de acesso \u00e0 cidade de Canind\u00e9 de S\u00e3o Francisco\/SE, CL\u00c1UDIO RODRIGUES DA SILVA, 43 anos, natural de S\u00e3o Paulo, transportando mais de 15 kg de crack em um fundo falso existente no ve\u00edculo que conduzia.<\/p>\n<p style=\"text-align: justify;\">Cla\u00fadio, que possui antecedentes por roubo e recepta\u00e7\u00e3o em sua cidade de origem, transitava com um ve\u00edculo perua Zafira, placa policial de S\u00e3o Paulo, quando foi abordado por policiais federais, que ao perceberem o excesso de nervosismo do condutor, realizaram revista veicular, sendo encontrado o entorpecente ocultado em um fundo falso do ve\u00edculo, o qual era acionado por um dispositivo el\u00e9trico.<\/p>\n<p style=\"text-align: justify;\">Em seu interrogat\u00f3rio, Cla\u00fadio n\u00e3o revelou detalhes sobre a origem e destino da droga, bem como n\u00e3o soube explicar os motivos de sua viagem ao Estado de Sergipe.<\/p>\n<p style=\"text-align: justify;\">A Pol\u00edcia Federal instaurou inqu\u00e9ritos policiais com a finalidade apurar a exist\u00eancia de fornecedores e destinat\u00e1rios dos entorpecentes apreendidos.<\/p>\n<p style=\"text-align: justify;\">Os presos foram indiciados pelo crime de tr\u00e1fico interestadual de entorpecentes, nos termos dos artigos 33 e 40, V da Lei 11.343\/2006, com penas previstas de at\u00e9 25 anos de pris\u00e3o, encontrando-se presos no COMPAJAF, \u00e0 disposi\u00e7\u00e3o dos Ju\u00edzos das Comarcas de Japaratuba e Canind\u00e9 de S\u00e3o Francisco em Sergipe.<\/p>\n<p style=\"text-align: justify;\"><strong>Comunica\u00e7\u00e3o Social \u2013 SR\/SE<\/strong><\/p>\n","protected":false},"excerpt":{"rendered":"<p>A Pol\u00edcia Federal em Sergipe realizou opera\u00e7\u00e3o policial neste final de semana (20 e 21.07), que resultou na apreens\u00e3o de 24 kg de crack e na pris\u00e3o de 2 (dois) traficantes, durante barreiras de rotina em rodovias situadas ao longo do Estado de Sergipe. No dia 20 de julho, a Pol\u00edcia Federal prendeu em flagrante [&hellip;]<\/p>\n","protected":false},"author":1,"featured_media":50685,"comment_status":"closed","ping_status":"closed","sticky":false,"template":"","format":"standard","meta":{"footnotes":""},"categories":[310,7],"tags":[],"class_list":{"0":"post-50684","1":"post","2":"type-post","3":"status-publish","4":"format-standard","5":"has-post-thumbnail","7":"category-destaques-da-semana","8":"category-policia"},"_links":{"self":[{"href":"https:\/\/senoticias.com.br\/se\/wp-json\/wp\/v2\/posts\/50684"}],"collection":[{"href":"https:\/\/senoticias.com.br\/se\/wp-json\/wp\/v2\/posts"}],"about":[{"href":"https:\/\/senoticias.com.br\/se\/wp-json\/wp\/v2\/types\/post"}],"author":[{"embeddable":true,"href":"https:\/\/senoticias.com.br\/se\/wp-json\/wp\/v2\/users\/1"}],"replies":[{"embeddable":true,"href":"https:\/\/senoticias.com.br\/se\/wp-json\/wp\/v2\/comments?post=50684"}],"version-history":[{"count":0,"href":"https:\/\/senoticias.com.br\/se\/wp-json\/wp\/v2\/posts\/50684\/revisions"}],"wp:featuredmedia":[{"embeddable":true,"href":"https:\/\/senoticias.com.br\/se\/wp-json\/wp\/v2\/media\/50685"}],"wp:attachment":[{"href":"https:\/\/senoticias.com.br\/se\/wp-json\/wp\/v2\/media?parent=50684"}],"wp:term":[{"taxonomy":"category","embeddable":true,"href":"https:\/\/senoticias.com.br\/se\/wp-json\/wp\/v2\/categories?post=50684"},{"taxonomy":"post_tag","embeddable":true,"href":"https:\/\/senoticias.com.br\/se\/wp-json\/wp\/v2\/tags?post=50684"}],"curies":[{"name":"wp","href":"https:\/\/api.w.org\/{rel}","templated":true}]}}