{"id":50440,"date":"2013-07-15T13:33:29","date_gmt":"2013-07-15T16:33:29","guid":{"rendered":"http:\/\/senoticias.com.br\/se\/?p=50440"},"modified":"2013-07-15T13:33:29","modified_gmt":"2013-07-15T16:33:29","slug":"secretarios-municipais-de-nossa-senhora-do-socorro-sao-condenados-por-improbidade-administrativa","status":"publish","type":"post","link":"https:\/\/senoticias.com.br\/se\/secretarios-municipais-de-nossa-senhora-do-socorro-sao-condenados-por-improbidade-administrativa\/","title":{"rendered":"Secret\u00e1rios Municipais de Nossa Senhora do Socorro s\u00e3o condenados por improbidade administrativa"},"content":{"rendered":"<p>&nbsp;<\/p>\n<div id=\"attachment_49348\" style=\"width: 310px\" class=\"wp-caption alignright\"><a href=\"http:\/\/senoticias.com.br\/se\/wp-content\/uploads\/2013\/06\/20130605_084552.jpg\"><img loading=\"lazy\" decoding=\"async\" aria-describedby=\"caption-attachment-49348\" class=\"size-medium wp-image-49348\" alt=\" SECRET\u00c1RIOS DE SOCORRO S\u00c3O CONDENADOS POR IMPROBIDADE. Foto: SE Not\u00edcias)\" src=\"http:\/\/senoticias.com.br\/se\/wp-content\/uploads\/2013\/06\/20130605_084552-300x225.jpg\" width=\"300\" height=\"225\" srcset=\"https:\/\/senoticias.com.br\/se\/wp-content\/uploads\/2013\/06\/20130605_084552-300x225.jpg 300w, https:\/\/senoticias.com.br\/se\/wp-content\/uploads\/2013\/06\/20130605_084552-342x256.jpg 342w, https:\/\/senoticias.com.br\/se\/wp-content\/uploads\/2013\/06\/20130605_084552-60x45.jpg 60w, https:\/\/senoticias.com.br\/se\/wp-content\/uploads\/2013\/06\/20130605_084552-150x113.jpg 150w, https:\/\/senoticias.com.br\/se\/wp-content\/uploads\/2013\/06\/20130605_084552-269x201.jpg 269w, https:\/\/senoticias.com.br\/se\/wp-content\/uploads\/2013\/06\/20130605_084552.jpg 588w\" sizes=\"(max-width: 300px) 100vw, 300px\" \/><\/a><p id=\"caption-attachment-49348\" class=\"wp-caption-text\"><br \/>SECRET\u00c1RIOS DE SOCORRO S\u00c3O CONDENADOS POR IMPROBIDADE. Foto: SE Not\u00edcias)<\/p><\/div>\n<p style=\"text-align: justify;\">O Poder Judici\u00e1rio Sergipano condenou os Secret\u00e1rios Municipais de Articula\u00e7\u00e3o Pol\u00edtica (ex-prefeito do Munic\u00edpio) e de Administra\u00e7\u00e3o do Munic\u00edpio de Socorro, por improbidade administrativa.<\/p>\n<p style=\"text-align: justify;\">Os agentes p\u00fablicos ter\u00e3o seus direitos pol\u00edticos suspensos por tr\u00eas anos, dever\u00e3o pagar multa civil e ficar\u00e3o proibidos de contratar com o Poder P\u00fablico e de receber benef\u00edcios fiscais ou credit\u00edcios por tr\u00eas anos.<\/p>\n<p style=\"text-align: justify;\"><strong>Conhe\u00e7a o caso:<\/strong><\/p>\n<p style=\"text-align: justify;\">Em 2008, o Minist\u00e9rio P\u00fablico Eleitoral, por interm\u00e9dio do Promotor de Justi\u00e7a dr. Sandro Luiz da Costa, recebeu informa\u00e7\u00f5es oriundas de funcion\u00e1rios comissionados do Munic\u00edpio de Socorro, dando conta de que o Munic\u00edpio estaria descontando 10% em folha de pagamento desses funcion\u00e1rios, em favor do Partido Popular Socialista \u2013 PPS, partido do qual, o ex-prefeito de Socorro \u00e9 presidente do diret\u00f3rio municipal e sua esposa do diret\u00f3rio estadual.<\/p>\n<p style=\"text-align: justify;\">Ap\u00f3s celebrar Termo de Ajustamento de Conduta com o Minist\u00e9rio P\u00fablico, e se comprometer a n\u00e3o mais efetuar tais descontos em folha, o Munic\u00edpio de Socorro descumpriu o Termo assinado e convocou os funcion\u00e1rios em quest\u00e3o para assinarem autoriza\u00e7\u00e3o para desconto em conta corrente de \u201cdoa\u00e7\u00e3o\u201d ao PPS, sob pena de exonera\u00e7\u00e3o da fun\u00e7\u00e3o. A coer\u00e7\u00e3o moral, praticada pessoalmente pela secret\u00e1ria de administra\u00e7\u00e3o do Munic\u00edpio, pode ser comprovada atrav\u00e9s de depoimentos e por uma grava\u00e7\u00e3o efetuada por um dos funcion\u00e1rios de conversa com a secret\u00e1ria.<\/p>\n<p style=\"text-align: justify;\">Atendendo aos pedidos constantes da A\u00e7\u00e3o Civil P\u00fablica ajuizada por Dr. Sandro Costa, a Juiza de Direito Dra. Eneida Lupinacci Costa entendeu que foi irregular e ofensiva a conduta dos agentes p\u00fablicos e que os fatos comprovados nos autos da ACP violam os princ\u00edpios constitucionais que regem a Administra\u00e7\u00e3o P\u00fablica, e condenou os gestores por improbidade administrativa.<\/p>\n<p style=\"text-align: justify;\"><strong>M\u00f4nica Ribeiro\/Ascom MPE<\/strong><\/p>\n","protected":false},"excerpt":{"rendered":"<p>&nbsp; O Poder Judici\u00e1rio Sergipano condenou os Secret\u00e1rios Municipais de Articula\u00e7\u00e3o Pol\u00edtica (ex-prefeito do Munic\u00edpio) e de Administra\u00e7\u00e3o do Munic\u00edpio de Socorro, por improbidade administrativa. Os agentes p\u00fablicos ter\u00e3o seus direitos pol\u00edticos suspensos por tr\u00eas anos, dever\u00e3o pagar multa civil e ficar\u00e3o proibidos de contratar com o Poder P\u00fablico e de receber benef\u00edcios fiscais ou [&hellip;]<\/p>\n","protected":false},"author":1,"featured_media":49348,"comment_status":"closed","ping_status":"closed","sticky":false,"template":"","format":"standard","meta":{"footnotes":""},"categories":[6],"tags":[],"class_list":{"0":"post-50440","1":"post","2":"type-post","3":"status-publish","4":"format-standard","5":"has-post-thumbnail","7":"category-politica"},"_links":{"self":[{"href":"https:\/\/senoticias.com.br\/se\/wp-json\/wp\/v2\/posts\/50440"}],"collection":[{"href":"https:\/\/senoticias.com.br\/se\/wp-json\/wp\/v2\/posts"}],"about":[{"href":"https:\/\/senoticias.com.br\/se\/wp-json\/wp\/v2\/types\/post"}],"author":[{"embeddable":true,"href":"https:\/\/senoticias.com.br\/se\/wp-json\/wp\/v2\/users\/1"}],"replies":[{"embeddable":true,"href":"https:\/\/senoticias.com.br\/se\/wp-json\/wp\/v2\/comments?post=50440"}],"version-history":[{"count":0,"href":"https:\/\/senoticias.com.br\/se\/wp-json\/wp\/v2\/posts\/50440\/revisions"}],"wp:featuredmedia":[{"embeddable":true,"href":"https:\/\/senoticias.com.br\/se\/wp-json\/wp\/v2\/media\/49348"}],"wp:attachment":[{"href":"https:\/\/senoticias.com.br\/se\/wp-json\/wp\/v2\/media?parent=50440"}],"wp:term":[{"taxonomy":"category","embeddable":true,"href":"https:\/\/senoticias.com.br\/se\/wp-json\/wp\/v2\/categories?post=50440"},{"taxonomy":"post_tag","embeddable":true,"href":"https:\/\/senoticias.com.br\/se\/wp-json\/wp\/v2\/tags?post=50440"}],"curies":[{"name":"wp","href":"https:\/\/api.w.org\/{rel}","templated":true}]}}